{"id":657052,"date":"2026-01-11T22:32:09","date_gmt":"2026-01-11T22:32:09","guid":{"rendered":"https:\/\/www.europesays.com\/fr\/657052\/"},"modified":"2026-01-11T22:32:09","modified_gmt":"2026-01-11T22:32:09","slug":"les-agriculteurs-annoncent-une-nouvelle-manifestation-dampleur-mercredi","status":"publish","type":"post","link":"https:\/\/www.europesays.com\/fr\/657052\/","title":{"rendered":"les agriculteurs annoncent une nouvelle manifestation d&rsquo;ampleur mercredi"},"content":{"rendered":"<p>                    Par<br \/>\n        <strong><br \/>\n            <a href=\"https:\/\/actu.fr\/auteur\/guillaume-laurens\" title=\"Consulter tous les articles de Guillaume Laurens\" target=\"_blank\" rel=\"noopener\">Guillaume Laurens<\/a><br \/>\n                    <\/strong><\/p>\n<p>        Publi\u00e9 le<\/p>\n<p>            11 janv. 2026 \u00e0 18h48        <\/p>\n<p>Apr\u00e8s les <strong>\u00ab\u2009op\u00e9rations buses\u2009\u00bb<\/strong> organis\u00e9es ces jours-ci dans le d\u00e9partement<a href=\"https:\/\/actu.fr\/occitanie\/toulouse_31555\/c-est-quoi-les-operations-buses-organisees-par-les-agriculteurs-jusqu-a-mercredi-en-haute-garonne_63680936.html\" target=\"_blank\" rel=\"noopener\"> \u2013 et dont Actu Toulouse vous d\u00e9voilait la teneur samedi \u2013,<\/a> les <strong>agriculteurs en col\u00e8re<\/strong> entendent \u00e0 nouveau changer de braquet et envisagent une <strong>nouvelle mobilisation d\u2019ampleur<\/strong> dans les rues de <strong><a href=\"https:\/\/actu.fr\/toulouse\/\" target=\"_blank\" rel=\"noopener\">Toulouse<\/a>.<\/strong> Elle se d\u00e9roulera ce mercredi 14\u00a0janvier 2026, une semaine apr\u00e8s <a href=\"https:\/\/actu.fr\/occitanie\/toulouse_31555\/direct-les-agriculteurs-veulent-paralyser-toulouse-la-prefecture-interdit-la-manif-suivez-la-situation_63659791.html\" target=\"_blank\" rel=\"noopener\">la derni\u00e8re qui a \u00e9t\u00e9 sem\u00e9e d\u2019emb\u00fbches par les autorit\u00e9s<\/a>. Et si le pr\u00e9fet leur met \u00e0 nouveau des b\u00e2tons dans les roues, en interdisant les tracteurs ? Ils entendent revendiquer \u00ab\u2009l\u2019entraide entre agriculteurs\u2009\u00bb, un principe pr\u00e9vu au Code rural. Explications.<\/p>\n<p>\u00ab\u2009On invite tous les agriculteurs d\u2019Occitanie \u00e0 nous rejoindre\u2009\u00bb<\/p>\n<p class=\" wall-content\">\u00ab\u2009On revient sur Toulouse mercredi\u2009\u00bb, annonce \u00e0 Actu Toulouse <strong>Luc Mesbah<\/strong>, c\u00e9r\u00e9alier \u00e0 Longages, au nom de l\u2019intersyndicale (FDSEA, JA, Coordination rurale et Conf\u00e9d\u00e9ration paysanne) en Haute-Garonne\u2009: \u00ab\u2009On repart sur <strong>une grande mobilisation<\/strong> et, cette fois, on invite <strong>tous les agriculteurs d\u2019Occitanie<\/strong> \u00e0 venir nous rejoindre dans la capitale r\u00e9gionale, par tous les moyens qui sont \u00e0 leur disposition\u2009\u00bb.<\/p>\n<p class=\" wall-content\">Tous les moyens\u2009?<strong> \u00ab\u2009V\u00e9hicules routiers, tracteurs, camions\u2026<\/strong> Tout ce que peut compter une exploitation agricole\u2009\u00bb, sourit Luc Mesbah. Le secr\u00e9taire g\u00e9n\u00e9ral de la FDSEA en Haute-Garonne fait ainsi allusion \u00e0 la mesure prise par la semaine derri\u00e8re par le pr\u00e9fet Pierre-Andr\u00e9 Durand, qui avait d\u2019abord <a href=\"https:\/\/actu.fr\/occitanie\/toulouse_31555\/les-agriculteurs-veulent-paralyser-toulouse-le-prefet-interdit-tous-les-tracteurs-et-engins-agricoles_63655179.html\" target=\"_blank\" rel=\"noopener\"><strong>interdit tous les tracteurs et engins agricoles<\/strong> de se rendre dans la Ville rose <\/a>\u2013 et ce \u00ab\u2009hors motif l\u00e9gitime li\u00e9 \u00e0 des travaux agricoles et \u00e0 la desserte locale\u2009\u00bb, \u00e9crivait-il -, avant de <a href=\"https:\/\/actu.fr\/occitanie\/toulouse_31555\/toulouse-on-arrive-le-prefet-interdit-la-manifestation-les-agriculteurs-maintiennent-leur-action-choc_63658101.html\" target=\"_blank\" rel=\"noopener\">prohiber purement et simplement toute manifestation\u2026<\/a><\/p>\n<p>\u00ab\u2009L\u2019entraide entre agriculteurs, c\u2019est dans le code rural\u2009\u00bb<\/p>\n<p class=\" wall-content\">\u00ab\u2009L\u2019arr\u00eat\u00e9 pr\u00e9fectoral pr\u00e9voyait une interdiction de circulation des engins, tout en tol\u00e9rant les activit\u00e9s agricoles, donc ce n\u2019est pas compliqu\u00e9\u2009\u00bb, s\u2019exclame Luc Mesbah, qui encha\u00eene\u2009: \u00ab\u2009Tout agriculteur qui circule sur un acte routier peut faire <strong>de l\u2019entraide entre agriculteurs<\/strong>, c\u2019est dans le Code rural\u2009\u00bb.<\/p>\n<blockquote class=\"ac-article-quote wall-content\">\n<p>\u00c0 titre personnel, j&rsquo;ai des amis tr\u00e8s proches de Toulouse, je vais leur rendre visite pour les aider mercredi, peut-\u00eatre que je vais leur porter une tonne \u00e0 lisier\u2026<\/p>\n<p>    <strong>Luc Mesbah<\/strong><br \/>\n        Secr\u00e9taire g\u00e9n\u00e9ral de la FDSEA en Haute-Garonne    <\/p><\/blockquote>\n<p class=\" wall-content\">Et si les engins s\u2019arr\u00eatent sur la chauss\u00e9e, ce qui est \u00e9galement interdit\u2009? \u00ab\u2009Cela peut arriver qu\u2019un tracteur tombe en panne sur la route\u2009\u00bb, dit le syndicaliste.<\/p>\n<p>Vid\u00e9os : en ce moment sur Actu<strong>Mais c\u2019est quoi, \u00ab\u2009l\u2019entraide entre agriculteurs\u2009\u00bb\u2009?<\/strong><br \/>\nComme l\u2019avance Luc Mesbah, \u00ab\u2009l\u2019entraide entre agriculteurs\u2009\u00bb est un principe de droit, pr\u00e9vu par le Code rural et de la p\u00eache maritime <a href=\"https:\/\/www.legifrance.gouv.fr\/codes\/article_lc\/LEGIARTI000029593377#:~:text=Version%20en%20vigueur%20depuis%20le%2015%20octobre%202014,-Modifi%C3%A9%20par%20LOI&amp;text=L&#039;entraide%20est%20r%C3%A9alis%C3%A9e%20entre,intervenir%20d&#039;une%20mani%C3%A8re%20r%C3%A9guli%C3%A8re.\" target=\"_blank\" rel=\"noopener\">(article L 325-1).<\/a> Cela correspond \u00e0 \u00ab\u2009des \u00e9changes de services en travail et en moyens d\u2019exploitation\u2009\u00bb entre personnes ayant le statut d\u2019agriculteurs. Cela \u00ab\u2009implique gratuit\u00e9, r\u00e9ciprocit\u00e9 et \u00e9quivalence des \u00e9changes\u2009\u00bb, rappelle<a href=\"https:\/\/auvergne.msa.fr\/lfp\/embauche\/entraide#:~:text=l&#039;entraide%20familiale-,L&#039;ENTRAIDE%20ENTRE%20AGRICULTEURS,r%C3%A9ciprocit%C3%A9%20et%20%C3%A9quivalence%20des%20%C3%A9changes.\" target=\"_blank\" rel=\"noopener\"> la MSA<\/a>.\u00ab\u2009Ils n\u2019y arriveront pas\u2026 Et \u00e7a leur pend au nez\u2009\u00bb<\/p>\n<p class=\" wall-content\">Luc Mesbah s\u2019interroge au passage face \u00e0 \u00ab\u2009la proportionnalit\u00e9 des <strong>mesures de r\u00e9torsion<\/strong> par rapport \u00e0 d\u2019autres mouvements sociaux\u2009\u00bb. Mercredi dernier, la manifestation dans la Ville rose \u2013 qui \u00e9tait donc prohib\u00e9e \u2013 <a href=\"https:\/\/actu.fr\/occitanie\/toulouse_31555\/la-manif-des-agriculteurs-a-toulouse-en-quelques-chiffres-verbalisations-gardes-a-vue_63667651.html\" target=\"_blank\" rel=\"noopener\">s\u2019est sold\u00e9e par 17 interpellations<\/a>. \u00ab\u2009Ils veulent interdire nos engins agricoles\u2009? C\u2019est tr\u00e8s bien\u2009\u00bb, ironise aussi <strong>Maxime Raud<\/strong>, le pr\u00e9sident de la Coordination rurale, qui annonce la couleur\u2009: \u00ab\u2009Avec les tracteurs, ils arrivent encore \u00e0 nous contenir, mais avec les voitures, ils n\u2019y arriveront pas\u2026 Et \u00e7a leur pend au nez\u2009\u00bb.<\/p>\n<p>Votre r\u00e9gion, votre actu !<\/p>\n<p>Recevez chaque jour les infos qui comptent pour vous.<\/p>\n<p>\t<a href=\"https:\/\/actu.fr\/newsletter\" class=\"ac-btn ac-btn--corner ac-btn--medium ac-btn--blue800\" target=\"_blank\" rel=\"noopener\">S&rsquo;incrire<\/a><\/p>\n<blockquote class=\"ac-article-quote wall-content\">\n<p>Les autorit\u00e9s envoient les forces de l\u2019ordre aux organisations syndicales \u00e0 la moindre action, alors qu\u2019elles laissent un agriculteur bloquer une autoroute pendant un mois\u2026 [allusion \u00e0 J\u00e9r\u00f4me Bayle qui est toujours mobilis\u00e9 \u00e0 Carbonne avec les Ultras de l\u2019A64, l\u2019association aux commandes de la chambre d\u2019agriculture, NDLR].\n<\/p>\n<p>    <strong>Maxime Raud<\/strong><br \/>\n        Pr\u00e9sident de la Coordination rurale de Haute-Garonne    <\/p><\/blockquote>\n<p>Quelles sont les revendications des agriculteurs\u2009?<\/p>\n<p class=\" wall-content\">\u00ab\u2009Nos revendications sont claires\u2009\u00bb, rappelle Luc Mesbah, qui regrette\u2009: \u00ab\u2009Les retours du gouvernement ne sont <strong>pas \u00e0 la hauteur\u2026<\/strong> On est m\u00eame loin du compte\u2009\u00bb. Si leurs demandes sont diverses et vari\u00e9es, l\u2019enjeu premier pour ces agriculteurs r\u00e9unis en intersyndicale (hors Ultras de l\u2019A64) reste de <strong>revoir le protocole en vigueur face \u00e0 la\u00a0Dermatose nodulaire contagieuse (DNC)<\/strong>\u2009: \u00ab\u2009La ministre dit avoir doubl\u00e9 l\u2019aide allou\u00e9e aux \u00e9leveurs, mais le doublement de l\u2019enveloppe promise ne suffira pas sur un d\u00e9partement comme le n\u00f4tre, car cela va concerner 300 \u00e9leveurs. Or, il y en a 1\u2009180 en Haute-Garonne, on fait quoi des autres\u2009?\u2009\u00bb<\/p>\n<p class=\" wall-content\">Quant \u00e0 l\u2019accord du <strong>Mercosur<\/strong>, \u00ab\u2009il sera sign\u00e9, on n\u2019est pas dupes\u2009\u00bb, soupire-t-il, avant de r\u00e9clamer, pour y faire face, de r\u00e9elles avanc\u00e9es en mati\u00e8re de<strong> \u00ab\u2009simplification administrative<\/strong>, afin de nous d\u00e9barrasser de la paperasse, de nous laisser travailler sur notre m\u00e9tier, et de nous permettre ainsi d\u2019\u00eatre comp\u00e9titifs face \u00e0 la concurrence\u2026\u2009\u00bb.<\/p>\n<p>Vers de nouveaux arr\u00eat\u00e9s pr\u00e9fectoraux\u2009?<\/p>\n<p class=\" wall-content\">D\u2019apr\u00e8s nos informations, Pierre-Andr\u00e9 Durand n\u2019a encore pris <strong>aucun arr\u00eat\u00e9<\/strong> \u00e0 l\u2019encontre de cette nouvelle manifestation pr\u00e9vue dans la Ville rose. Le fera-t-il d\u2019ici mercredi\u2009? Contact\u00e9e, la pr\u00e9fecture n\u2019a pas r\u00e9pondu \u00e0 nos sollicitations.<\/p>\n<p class=\" wall-content\">Personnalisez votre actualit\u00e9 en ajoutant vos villes et m\u00e9dias en favori avec <a href=\"https:\/\/moncompte.actu.fr\" title=\"D\u00e9couvez Mon Actu\" rel=\"nofollow noopener\" data-trk=\"{&quot;cta&quot;:{&quot;action&quot;:&quot;https:\\\/\\\/moncompte.actu.fr&quot;,&quot;category&quot;:&quot;mon compte&quot;,&quot;from&quot;:&quot;article footer&quot;,&quot;name&quot;:&quot;Mon actu&quot;,&quot;type&quot;:&quot;cta&quot;}}\" target=\"_blank\">Mon Actu<\/a>.<\/p>\n","protected":false},"excerpt":{"rendered":"Par Guillaume Laurens Publi\u00e9 le 11 janv. 2026 \u00e0 18h48 Apr\u00e8s les \u00ab\u2009op\u00e9rations buses\u2009\u00bb organis\u00e9es ces jours-ci dans&hellip;\n","protected":false},"author":2,"featured_media":657053,"comment_status":"","ping_status":"","sticky":false,"template":"","format":"standard","meta":{"footnotes":""},"categories":[2816],"tags":[1111,11,327,70814,1777,674,1011,27,1272,12,2680,25,104,2312],"class_list":{"0":"post-657052","1":"post","2":"type-post","3":"status-publish","4":"format-standard","5":"has-post-thumbnail","7":"category-toulouse","8":"tag-actu","9":"tag-actualites","10":"tag-agriculture","11":"tag-dermatose-nodulaire","12":"tag-eu","13":"tag-europe","14":"tag-fr","15":"tag-france","16":"tag-manifestations","17":"tag-news","18":"tag-occitanie","19":"tag-republique-francaise","20":"tag-societe","21":"tag-toulouse"},"share_on_mastodon":{"url":"https:\/\/pubeurope.com\/@fr\/115878844499670631","error":""},"_links":{"self":[{"href":"https:\/\/www.europesays.com\/fr\/wp-json\/wp\/v2\/posts\/657052","targetHints":{"allow":["GET"]}}],"collection":[{"href":"https:\/\/www.europesays.com\/fr\/wp-json\/wp\/v2\/posts"}],"about":[{"href":"https:\/\/www.europesays.com\/fr\/wp-json\/wp\/v2\/types\/post"}],"author":[{"embeddable":true,"href":"https:\/\/www.europesays.com\/fr\/wp-json\/wp\/v2\/users\/2"}],"replies":[{"embeddable":true,"href":"https:\/\/www.europesays.com\/fr\/wp-json\/wp\/v2\/comments?post=657052"}],"version-history":[{"count":0,"href":"https:\/\/www.europesays.com\/fr\/wp-json\/wp\/v2\/posts\/657052\/revisions"}],"wp:featuredmedia":[{"embeddable":true,"href":"https:\/\/www.europesays.com\/fr\/wp-json\/wp\/v2\/media\/657053"}],"wp:attachment":[{"href":"https:\/\/www.europesays.com\/fr\/wp-json\/wp\/v2\/media?parent=657052"}],"wp:term":[{"taxonomy":"category","embeddable":true,"href":"https:\/\/www.europesays.com\/fr\/wp-json\/wp\/v2\/categories?post=657052"},{"taxonomy":"post_tag","embeddable":true,"href":"https:\/\/www.europesays.com\/fr\/wp-json\/wp\/v2\/tags?post=657052"}],"curies":[{"name":"wp","href":"https:\/\/api.w.org\/{rel}","templated":true}]}}