{"id":657077,"date":"2026-01-11T22:47:16","date_gmt":"2026-01-11T22:47:16","guid":{"rendered":"https:\/\/www.europesays.com\/fr\/657077\/"},"modified":"2026-01-11T22:47:16","modified_gmt":"2026-01-11T22:47:16","slug":"oudrenne-lukraine-a-encore-mobilise-les-donateurs","status":"publish","type":"post","link":"https:\/\/www.europesays.com\/fr\/657077\/","title":{"rendered":"Oudrenne. L\u2019Ukraine a encore mobilis\u00e9 les donateurs"},"content":{"rendered":"<p>En cette fin d\u2019ann\u00e9e 2025, la collecte au profit des habitants d\u2019Ukraine a, une nouvelle fois, mobilis\u00e9 les habitants du secteur d\u2019Oudrenne. Ces derniers ont r\u00e9pondu \u00e0 l\u2019appel de Marlise, la responsable locale. Couvertures, v\u00eatements chauds et denr\u00e9es non p\u00e9rissables ont afflu\u00e9, en grande quantit\u00e9, au 10, rue du Billig. La collecte a \u00e9t\u00e9 achemin\u00e9e dans les locaux de SolidarCatt\u2019Ukraine.<\/p>\n","protected":false},"excerpt":{"rendered":"En cette fin d\u2019ann\u00e9e 2025, la collecte au profit des habitants d\u2019Ukraine a, une nouvelle fois, mobilis\u00e9 les&hellip;\n","protected":false},"author":2,"featured_media":657078,"comment_status":"","ping_status":"","sticky":false,"template":"","format":"standard","meta":{"footnotes":""},"categories":[1590],"tags":[11,75942,7162,1777,674,12,75941,801,104,220,1631],"class_list":{"0":"post-657077","1":"post","2":"type-post","3":"status-publish","4":"format-standard","5":"has-post-thumbnail","7":"category-ukraine","8":"tag-actualites","9":"tag-cc-de-larc-mosellan-57f","10":"tag-edition-thionville-hayange","11":"tag-eu","12":"tag-europe","13":"tag-news","14":"tag-oudrenne","15":"tag-social","16":"tag-societe","17":"tag-ukraine","18":"tag-vie-associative"},"share_on_mastodon":{"url":"https:\/\/pubeurope.com\/@fr\/115878903401526596","error":""},"_links":{"self":[{"href":"https:\/\/www.europesays.com\/fr\/wp-json\/wp\/v2\/posts\/657077","targetHints":{"allow":["GET"]}}],"collection":[{"href":"https:\/\/www.europesays.com\/fr\/wp-json\/wp\/v2\/posts"}],"about":[{"href":"https:\/\/www.europesays.com\/fr\/wp-json\/wp\/v2\/types\/post"}],"author":[{"embeddable":true,"href":"https:\/\/www.europesays.com\/fr\/wp-json\/wp\/v2\/users\/2"}],"replies":[{"embeddable":true,"href":"https:\/\/www.europesays.com\/fr\/wp-json\/wp\/v2\/comments?post=657077"}],"version-history":[{"count":0,"href":"https:\/\/www.europesays.com\/fr\/wp-json\/wp\/v2\/posts\/657077\/revisions"}],"wp:featuredmedia":[{"embeddable":true,"href":"https:\/\/www.europesays.com\/fr\/wp-json\/wp\/v2\/media\/657078"}],"wp:attachment":[{"href":"https:\/\/www.europesays.com\/fr\/wp-json\/wp\/v2\/media?parent=657077"}],"wp:term":[{"taxonomy":"category","embeddable":true,"href":"https:\/\/www.europesays.com\/fr\/wp-json\/wp\/v2\/categories?post=657077"},{"taxonomy":"post_tag","embeddable":true,"href":"https:\/\/www.europesays.com\/fr\/wp-json\/wp\/v2\/tags?post=657077"}],"curies":[{"name":"wp","href":"https:\/\/api.w.org\/{rel}","templated":true}]}}