{"id":657079,"date":"2026-01-11T22:48:12","date_gmt":"2026-01-11T22:48:12","guid":{"rendered":"https:\/\/www.europesays.com\/fr\/657079\/"},"modified":"2026-01-11T22:48:12","modified_gmt":"2026-01-11T22:48:12","slug":"un-algerien-arrete-par-ice-la-police-de-limmigration-de-trump","status":"publish","type":"post","link":"https:\/\/www.europesays.com\/fr\/657079\/","title":{"rendered":"un Alg\u00e9rien arr\u00eat\u00e9 par ICE, la police de l\u2019immigration de Trump"},"content":{"rendered":"<p class=\"p1\">Un ressortissant alg\u00e9rien a \u00e9t\u00e9 arr\u00eat\u00e9 par la police de l\u2019immigration aux <a href=\"https:\/\/www.visa-algerie.com\/visa-usa-une-caution-pouvant-atteindre-15-000-desormais-exigee-des-algeriens\/\" target=\"_blank\" rel=\"noopener\">\u00c9tats-Unis d\u2019Am\u00e9riques<\/a>. Alors que les motifs de cette arrestation restent encore flous, le mis en cause est toujours d\u00e9tenu par les autorit\u00e9s f\u00e9d\u00e9rales.<\/p>\n<p class=\"p1\">Cela s\u2019est pass\u00e9 au mois d\u2019octobre dernier. Abdelouahid Aouchiche se rendait avec son fils \u00e0 la mosqu\u00e9e Al Furqan, situ\u00e9e \u00e0 l\u2019intersection de Michigan Avenue et de Wyoming Street, pour accomplir la pri\u00e8re d\u2019El Fajr, indique le m\u00e9dia local\u00a0<a href=\"https:\/\/dearborn.org\/preview\/dearborn-father-of-six-arrested-outside-detroit-mosque-ouchiche-family-pleads-for-justice-amid-deportation-fears-74360\" target=\"_blank\" rel=\"noopener\">Dearborn<\/a>.<\/p>\n<p><strong>NOS VIDEOS<\/strong><\/p>\n<\/p>\n<p class=\"p1\">Au moment o\u00f9 le p\u00e8re allait p\u00e9n\u00e9trer dans la mosqu\u00e9e, des \u00e9l\u00e9ments de la fameuse ICE (Service de l\u2019immigration et des douanes des \u00c9tats-Unis) lui sont tomb\u00e9s dessus et l\u2019ont emmen\u00e9, laissant son fils seul devant le lieu de culte (il aurait fallu que la maman se d\u00e9place pour le r\u00e9cup\u00e9rer).<\/p>\n<p>Un casier judiciaire vierge <\/p>\n<p class=\"p1\">Abdelouahid Aouchiche r\u00e9side pourtant aux Etats-Unis d\u2019Am\u00e9rique depuis 1994, fait savoir la m\u00eame source, ajoutant qu\u2019il habite dans la localit\u00e9 de Dearborn depuis 13 ans ou il travaille comme livreur pour DoorDash.<\/p>\n<p class=\"p1\">Ce ressortissant alg\u00e9rien, \u00e2g\u00e9 de 60 ans, est p\u00e8re de six enfants. Selon son \u00e9pouse, son casier judiciaire est vierge et il n\u2019a jamais \u00e9t\u00e9 poursuivi pour le moindre acte de violence durant les trente ann\u00e9es de son s\u00e9jour aux USA. Les motifs de cette arrestation concerneraient donc son dossier migratoire.<\/p>\n<p class=\"p1\">Abdelouahid Aouchiche est actuellement incarc\u00e9r\u00e9 dans un centre de d\u00e9tention \u00e0\u00a0Baldwin, dans le Michigan. Selon sa famille, la date de l\u2019audience n\u2019a pas encore \u00e9t\u00e9 fix\u00e9e. En attendant, un dossier est pr\u00e9par\u00e9 par ses avocats afin de lui \u00e9viter l\u2019expulsion vers l\u2019Alg\u00e9rie.<\/p>\n<p class=\"p1\">L\u2019\u00e9pouse de ce ressortissant alg\u00e9rien soutient que l\u2019arrestation qu\u2019avait subi son mari a \u00e9t\u00e9 traumatisante pour toute la famille. Elle confie d\u2019ailleurs qu\u2019elle n\u2019avait pas pu laisser ses enfants sortir de la maison le jour de l\u2019arrestation.<\/p>\n","protected":false},"excerpt":{"rendered":"Un ressortissant alg\u00e9rien a \u00e9t\u00e9 arr\u00eat\u00e9 par la police de l\u2019immigration aux \u00c9tats-Unis d\u2019Am\u00e9riques. Alors que les motifs&hellip;\n","protected":false},"author":2,"featured_media":657080,"comment_status":"","ping_status":"","sticky":false,"template":"","format":"standard","meta":{"footnotes":""},"categories":[1589],"tags":[11,75943,73,1866,12,1864,1865,1863,308],"class_list":{"0":"post-657079","1":"post","2":"type-post","3":"status-publish","4":"format-standard","5":"has-post-thumbnail","7":"category-etats-unis","8":"tag-actualites","9":"tag-algerien-arrete-usa-immigration","10":"tag-etats-unis","11":"tag-etats-unis-damerique","12":"tag-news","13":"tag-united-states","14":"tag-united-states-of-america","15":"tag-us","16":"tag-usa"},"share_on_mastodon":{"url":"https:\/\/pubeurope.com\/@fr\/115878907382474045","error":""},"_links":{"self":[{"href":"https:\/\/www.europesays.com\/fr\/wp-json\/wp\/v2\/posts\/657079","targetHints":{"allow":["GET"]}}],"collection":[{"href":"https:\/\/www.europesays.com\/fr\/wp-json\/wp\/v2\/posts"}],"about":[{"href":"https:\/\/www.europesays.com\/fr\/wp-json\/wp\/v2\/types\/post"}],"author":[{"embeddable":true,"href":"https:\/\/www.europesays.com\/fr\/wp-json\/wp\/v2\/users\/2"}],"replies":[{"embeddable":true,"href":"https:\/\/www.europesays.com\/fr\/wp-json\/wp\/v2\/comments?post=657079"}],"version-history":[{"count":0,"href":"https:\/\/www.europesays.com\/fr\/wp-json\/wp\/v2\/posts\/657079\/revisions"}],"wp:featuredmedia":[{"embeddable":true,"href":"https:\/\/www.europesays.com\/fr\/wp-json\/wp\/v2\/media\/657080"}],"wp:attachment":[{"href":"https:\/\/www.europesays.com\/fr\/wp-json\/wp\/v2\/media?parent=657079"}],"wp:term":[{"taxonomy":"category","embeddable":true,"href":"https:\/\/www.europesays.com\/fr\/wp-json\/wp\/v2\/categories?post=657079"},{"taxonomy":"post_tag","embeddable":true,"href":"https:\/\/www.europesays.com\/fr\/wp-json\/wp\/v2\/tags?post=657079"}],"curies":[{"name":"wp","href":"https:\/\/api.w.org\/{rel}","templated":true}]}}