{"id":657083,"date":"2026-01-11T22:50:12","date_gmt":"2026-01-11T22:50:12","guid":{"rendered":"https:\/\/www.europesays.com\/fr\/657083\/"},"modified":"2026-01-11T22:50:12","modified_gmt":"2026-01-11T22:50:12","slug":"israel-et-lallemagne-signent-un-accord-de-securite-liran-vise","status":"publish","type":"post","link":"https:\/\/www.europesays.com\/fr\/657083\/","title":{"rendered":"Isra\u00ebl et l&rsquo;Allemagne signent un accord de s\u00e9curit\u00e9, l&rsquo;Iran vis\u00e9"},"content":{"rendered":"<p>\n    L\u2019accord d\u00e9nonce la menace r\u00e9gionale que repr\u00e9sentent T\u00e9h\u00e9ran et ses alli\u00e9s, au premier rang desquels le Hezbollah libanais, le Hamas palestinien et les Houthis du Y\u00e9men.<\/p>\n<p class=\"fig-paragraph\">Isra\u00ebl et l&rsquo;Allemagne ont sign\u00e9 dimanche \u00e0 J\u00e9rusalem un accord de coop\u00e9ration s\u00e9curitaire face notamment aux menaces que repr\u00e9sentent l&rsquo;Iran et ses alli\u00e9s, selon un communiqu\u00e9 du bureau du\u00a0<a href=\"http:\/\/www.lefigaro.fr\/international\/pour-se-sauver-il-est-pret-a-tout-benyamin-netanyahou-ou-l-art-de-la-survie-politique-20260110\" target=\"_blank\" data-fig-type=\"Article\" rel=\"noopener\" data-gtm-custom-categorie=\"navigation\" data-gtm-custom-action=\"crossclick\" data-gtm-custom-label=\"Contextuel\" data-gtm-event=\"customEventSPE\" data-fig-domain=\"LEFIGARO\">premier ministre isra\u00e9lien<\/a>. Cette \u00abd\u00e9claration ancre l&rsquo;engagement profond de l&rsquo;Allemagne en faveur de la s\u00e9curit\u00e9 de l&rsquo;\u00c9tat d&rsquo;Isra\u00ebl\u00bb, selon le communiqu\u00e9.<\/p>\n<p class=\"fig-paragraph\">L&rsquo;accord, sign\u00e9 par le premier ministre isra\u00e9lien, Benyamin Netanyahou, et le ministre allemand de l&rsquo;Int\u00e9rieur, Alexander Dobrindt, d\u00e9nonce la menace r\u00e9gionale que repr\u00e9sentent l&rsquo;Iran et ses alli\u00e9s, au premier rang desquels le Hezbollah libanais, le Hamas palestinien et les Houthis du Y\u00e9men.<\/p>\n<p>                                            <a class=\"fig-a11y-skip\" href=\"#fig-a11y-skip-main-inarticle\" data-module=\"a11y-skip\" data-context=\"was @visible\"><br \/>\n    Passer la publicit\u00e9<br \/>\n<\/a>            <\/p>\n<p>                                            Gardiens de la r\u00e9volution<\/p>\n<p class=\"fig-paragraph\">Selon le texte, \u00abl&rsquo;Iran et ses alli\u00e9s (&#8230;) menacent non seulement Isra\u00ebl, mais aussi la stabilit\u00e9 r\u00e9gionale et la s\u00e9curit\u00e9 internationale\u00bb. En raison de sa responsabilit\u00e9 historique dans la Shoah, l&rsquo;Allemagne est devenue ces derni\u00e8res d\u00e9cennies l&rsquo;un des plus grands soutiens d&rsquo;Isra\u00ebl.<\/p>\n<p class=\"fig-paragraph\">Plus t\u00f4t dimanche, le ministre isra\u00e9lien des Affaires \u00e9trang\u00e8res, Gideon Saar, a exhort\u00e9 l&rsquo;Union europ\u00e9enne \u00e0 qualifier \u00abd&rsquo;organisation terroriste\u00bb les Gardiens de la r\u00e9volution iranienne &#8211; l&rsquo;arm\u00e9e id\u00e9ologique de la R\u00e9publique islamique &#8211; apr\u00e8s un entretien avec le ministre allemand. \u00abTelle est depuis longtemps la position de l&rsquo;Allemagne et aujourd&rsquo;hui, l&rsquo;importance de cette question est claire pour tous\u00bb, a-t-il ajout\u00e9.<\/p>\n","protected":false},"excerpt":{"rendered":"L\u2019accord d\u00e9nonce la menace r\u00e9gionale que repr\u00e9sentent T\u00e9h\u00e9ran et ses alli\u00e9s, au premier rang desquels le Hezbollah libanais,&hellip;\n","protected":false},"author":2,"featured_media":657084,"comment_status":"","ping_status":"","sticky":false,"template":"","format":"standard","meta":{"footnotes":""},"categories":[1587],"tags":[11,672,1804,1805,1803,1777,674,1801,664,12,1802],"class_list":{"0":"post-657083","1":"post","2":"type-post","3":"status-publish","4":"format-standard","5":"has-post-thumbnail","7":"category-allemagne","8":"tag-actualites","9":"tag-allemagne","10":"tag-bundesrepublik-deutschland","11":"tag-de","12":"tag-deutschland","13":"tag-eu","14":"tag-europe","15":"tag-germany","16":"tag-israel","17":"tag-news","18":"tag-republique-federale-dallemagne"},"share_on_mastodon":{"url":"https:\/\/pubeurope.com\/@fr\/115878915208004887","error":""},"_links":{"self":[{"href":"https:\/\/www.europesays.com\/fr\/wp-json\/wp\/v2\/posts\/657083","targetHints":{"allow":["GET"]}}],"collection":[{"href":"https:\/\/www.europesays.com\/fr\/wp-json\/wp\/v2\/posts"}],"about":[{"href":"https:\/\/www.europesays.com\/fr\/wp-json\/wp\/v2\/types\/post"}],"author":[{"embeddable":true,"href":"https:\/\/www.europesays.com\/fr\/wp-json\/wp\/v2\/users\/2"}],"replies":[{"embeddable":true,"href":"https:\/\/www.europesays.com\/fr\/wp-json\/wp\/v2\/comments?post=657083"}],"version-history":[{"count":0,"href":"https:\/\/www.europesays.com\/fr\/wp-json\/wp\/v2\/posts\/657083\/revisions"}],"wp:featuredmedia":[{"embeddable":true,"href":"https:\/\/www.europesays.com\/fr\/wp-json\/wp\/v2\/media\/657084"}],"wp:attachment":[{"href":"https:\/\/www.europesays.com\/fr\/wp-json\/wp\/v2\/media?parent=657083"}],"wp:term":[{"taxonomy":"category","embeddable":true,"href":"https:\/\/www.europesays.com\/fr\/wp-json\/wp\/v2\/categories?post=657083"},{"taxonomy":"post_tag","embeddable":true,"href":"https:\/\/www.europesays.com\/fr\/wp-json\/wp\/v2\/tags?post=657083"}],"curies":[{"name":"wp","href":"https:\/\/api.w.org\/{rel}","templated":true}]}}