{"id":657085,"date":"2026-01-11T22:51:12","date_gmt":"2026-01-11T22:51:12","guid":{"rendered":"https:\/\/www.europesays.com\/fr\/657085\/"},"modified":"2026-01-11T22:51:12","modified_gmt":"2026-01-11T22:51:12","slug":"vincent-kompany-envoie-ses-bons-voeux-a-toute-leurope-en-atomisant-sa-premiere-victime-de-2026-mais-il-faut-encore-sameliorer","status":"publish","type":"post","link":"https:\/\/www.europesays.com\/fr\/657085\/","title":{"rendered":"Vincent Kompany envoie ses bons v\u0153ux \u00e0 toute l&rsquo;Europe en atomisant sa premi\u00e8re victime de 2026\u00a0: \u00ab\u00a0Mais il faut encore s&rsquo;am\u00e9liorer\u00a0\u00bb"},"content":{"rendered":"<blockquote class=\"ap-StoryQuote ap-StoryQuote--pullquote\"><p>guillement<\/p>\n<p class=\"ap-StoryQuote-text\">Notre duo d&rsquo;ailiers est exceptionnel.<\/p>\n<\/blockquote>\n<p class=\"ap-StoryElement ap-StoryElement--mb ap-StoryText\">Notamment avec les performances d&rsquo;Olise (2 buts, 1 assist) et Diaz (1 but, 2 assists), qui ont rappel\u00e9 des souvenirs \u00e0 certains. \u00ab\u00a0Quand je vois le positionnement et les mouvements de Michael, il me fait penser \u00e0 Arjen Robben, a observ\u00e9 le directeur sportif Max Eberl. On en parlait justement dans les vestiaires : c&rsquo;est un peu notre nouveau Robben, tout en finesse et en \u00e9l\u00e9gance. Et avec Lucho de l&rsquo;autre c\u00f4t\u00e9, on a le profil de Franck Rib\u00e9ry, le cr\u00e9ateur du chaos. Notre duo d&rsquo;ailiers est exceptionnel.\u00a0\u00bb<\/p>\n<p><a href=\"https:\/\/www.dhnet.be\/sports\/football\/diablesrouges\/2026\/01\/11\/le-bayern-munich-de-kompany-en-demonstration-les-bavarois-ecrasent-wolfsburg-8-1-GM7MKIXWBNEUHDBCWSPT3SXUTA\/\" target=\"_self\" class=\"ap-StoryInterstitialLink ap-StoryElement ap-StoryElement--mb\" rel=\"noopener\">Le Bayern Munich de Kompany en d\u00e9monstration : les Bavarois \u00e9crasent Wolfsburg 8-1 !<\/a>En route vers des records<\/p>\n<p class=\"ap-StoryElement ap-StoryElement--mb ap-StoryText\">Avec Harry Kane (20 buts), Luis Diaz (9) et Michael Olise (9), le Bayern poss\u00e8de d\u00e9sormais les trois meilleurs buteurs du championnat. Mais aussi la meilleure attaque de l&rsquo;histoire de la Bundesliga \u00e0 la mi-championnat : le pr\u00e9c\u00e9dent record (56 buts) a \u00e9t\u00e9 largement battu (63) alors qu&rsquo;il reste encore un match aux Bavarois avant d&rsquo;atteindre officiellement la mi-parcours.<\/p>\n<p><a href=\"https:\/\/www.dhnet.be\/sports\/football\/europe\/championnatsetrangers\/2026\/01\/11\/adjoint-de-ronny-deila-et-vole-a-pep-guardiola-qui-est-le-nouvel-assistant-de-vincent-kompany-il-apporte-une-reelle-valeur-ajoutee-JN4TY2JFEVFKPJQCLS6NMKOAZY\/\" target=\"_self\" class=\"ap-StoryInterstitialLink ap-StoryElement ap-StoryElement--mb\" rel=\"noopener\">Adjoint de Ronny Deila et vol\u00e9 \u00e0 Pep Guardiola, qui est le nouvel assistant de Vincent Kompany ? \u00ab\u00a0Il apporte une r\u00e9elle valeur ajout\u00e9e\u00a0\u00bb<\/a><\/p>\n<p class=\"ap-StoryElement ap-StoryElement--mb ap-StoryText\">Cette moyenne surr\u00e9aliste de 3,94 buts par rencontre place forc\u00e9ment l&rsquo;\u00e9quipe de Kompany en lice pour faire tomber d&rsquo;autres records. La meilleure marque sur une saison de Bundesliga (101 buts en 1971-1972) tremble d&rsquo;ailleurs d\u00e9j\u00e0, alors qu&rsquo;il reste dix-huit matchs \u00e0 disputer.<\/p>\n<p class=\"ap-StoryElement ap-StoryElement--mb ap-StoryText\">Les faux pas de Leverkusen et de Dortmund permettent par ailleurs d\u00e9j\u00e0 au Bayern de s&rsquo;envoler vers le titre : + 11 points sur le deuxi\u00e8me du classement. \u00ab\u00a0C&rsquo;est bien de gagner autant, c&rsquo;est plaisant, mais le travail ne change pas simplement parce que notre moyenne de points est plus ou moins \u00e9lev\u00e9e, a aussi voulu rappeler Kompany. C&rsquo;est un d\u00e9tail pour moi. Je veux gagner tous les matchs et je m&rsquo;efforce toujours d&rsquo;y parvenir.\u00a0\u00bb<\/p>\n<p class=\"ap-StoryElement ap-StoryElement--mb ap-StoryText\">Les futurs adverses des Bavarois sont donc pr\u00e9venus. Le FC Cologne (mercredi) et Leipzig (samedi) en Bundesliga\u2026 puis l&rsquo;Union Saint-Gilloise qui se d\u00e9placera \u00e0 l&rsquo;Allianz Arena d\u00e9j\u00e0 dans dix jours. Rappelons qu&rsquo;en octobre dernier, le Bayern n&rsquo;avait fait qu&rsquo;une bouch\u00e9e du Club Bruges (4-0) en Champions League.<\/p>\n<p><a href=\"https:\/\/www.dhnet.be\/sports\/football\/europe\/championnatsetrangers\/2026\/01\/11\/il-y-avait-peut-etre-quelque-chose-dans-son-menu-du-nouvel-an-alessio-castro-montes-est-il-enfin-lance-en-bundesliga-JAI4FSA6PRCTVOV4PGDN5FLYUE\/\" target=\"_self\" class=\"ap-StoryInterstitialLink ap-StoryElement ap-StoryElement--mb\" rel=\"noopener\">\u00ab\u00a0Il y avait peut-\u00eatre quelque chose dans son menu du Nouvel An\u00a0\u00bb : Alessio Castro-Montes est-il enfin lanc\u00e9 en Bundesliga ?<\/a><\/p>\n","protected":false},"excerpt":{"rendered":"guillement Notre duo d&rsquo;ailiers est exceptionnel. Notamment avec les performances d&rsquo;Olise (2 buts, 1 assist) et Diaz (1&hellip;\n","protected":false},"author":2,"featured_media":657086,"comment_status":"","ping_status":"","sticky":false,"template":"","format":"standard","meta":{"footnotes":""},"categories":[1586],"tags":[11,17551,1777,674,1011,27,12,25,75944],"class_list":{"0":"post-657085","1":"post","2":"type-post","3":"status-publish","4":"format-standard","5":"has-post-thumbnail","7":"category-europe","8":"tag-actualites","9":"tag-bruges","10":"tag-eu","11":"tag-europe","12":"tag-fr","13":"tag-france","14":"tag-news","15":"tag-republique-francaise","16":"tag-union-saint-gilloise"},"share_on_mastodon":{"url":"https:\/\/pubeurope.com\/@fr\/115878919164786318","error":""},"_links":{"self":[{"href":"https:\/\/www.europesays.com\/fr\/wp-json\/wp\/v2\/posts\/657085","targetHints":{"allow":["GET"]}}],"collection":[{"href":"https:\/\/www.europesays.com\/fr\/wp-json\/wp\/v2\/posts"}],"about":[{"href":"https:\/\/www.europesays.com\/fr\/wp-json\/wp\/v2\/types\/post"}],"author":[{"embeddable":true,"href":"https:\/\/www.europesays.com\/fr\/wp-json\/wp\/v2\/users\/2"}],"replies":[{"embeddable":true,"href":"https:\/\/www.europesays.com\/fr\/wp-json\/wp\/v2\/comments?post=657085"}],"version-history":[{"count":0,"href":"https:\/\/www.europesays.com\/fr\/wp-json\/wp\/v2\/posts\/657085\/revisions"}],"wp:featuredmedia":[{"embeddable":true,"href":"https:\/\/www.europesays.com\/fr\/wp-json\/wp\/v2\/media\/657086"}],"wp:attachment":[{"href":"https:\/\/www.europesays.com\/fr\/wp-json\/wp\/v2\/media?parent=657085"}],"wp:term":[{"taxonomy":"category","embeddable":true,"href":"https:\/\/www.europesays.com\/fr\/wp-json\/wp\/v2\/categories?post=657085"},{"taxonomy":"post_tag","embeddable":true,"href":"https:\/\/www.europesays.com\/fr\/wp-json\/wp\/v2\/tags?post=657085"}],"curies":[{"name":"wp","href":"https:\/\/api.w.org\/{rel}","templated":true}]}}