{"id":657087,"date":"2026-01-11T22:52:11","date_gmt":"2026-01-11T22:52:11","guid":{"rendered":"https:\/\/www.europesays.com\/fr\/657087\/"},"modified":"2026-01-11T22:52:11","modified_gmt":"2026-01-11T22:52:11","slug":"les-sept-laux-une-journee-comme-on-na-pas-eu-depuis-longtemps","status":"publish","type":"post","link":"https:\/\/www.europesays.com\/fr\/657087\/","title":{"rendered":"Les Sept Laux : Une journ\u00e9e comme on n&rsquo;a pas eu depuis longtemps !"},"content":{"rendered":"<p>                                                        <a href=\"https:\/\/www.skipass.com\/users\/oze-ride\/live.html\" class=\"user-link\" target=\"_blank\" rel=\"noopener\">oz\u00eb ride <\/a><br \/>\n                                                        Soleil, ciel bleu et au moins&#8230;40cm de neige fra\u00eeche \u00e0 tracer ! Beau programme \ud83d\ude42\u00a0<\/p>\n<p>Le matin, en mission photos pour le travail sur la comp\u00e9t&rsquo; de freeride 2*: Du beau spectacle et des beaux tirs !\u00a0<\/p>\n<p>Et l&rsquo;apr\u00e8m, aller tracer le peu qu&rsquo;il reste en snowboard.\u00a0<\/p>\n<p>\u00a0En fin de journ\u00e9e, le sourire aux l\u00e8vres d&rsquo;une bien belle journ\u00e9e, qu&rsquo;il fallait pas rater !\u00a0<\/p>\n<p>\n                            <strong>Qualit\u00e9 du ski <\/strong> : 5\/5                        <\/p>\n<p>                                    <strong>M\u00e9t\u00e9o<\/strong> : Ce lundi 12 janvier aux Sept Laux, la journ\u00e9e se d\u00e9roule sous un ciel tr\u00e8s nuageux. Le d\u00e9but de journ\u00e9e reste souvent couvert, sans grand changement. En cours d\u2019apr\u00e8s-midi, de petites pr\u00e9cipitations se mettent en place et la neige fait son retour au-dessus d\u2019environ 2100\u20132200 m, de quoi d\u00e9poser quelques centim\u00e8tres sur le haut du domaine.                                    Consultez <a href=\"https:\/\/www.skipass.com\/meteo\/les-sept-laux.html\" target=\"_blank\" rel=\"noopener\">la m\u00e9t\u00e9o des Sept Laux<\/a> pour le bulletin complet.<\/p>\n","protected":false},"excerpt":{"rendered":"oz\u00eb ride Soleil, ciel bleu et au moins&#8230;40cm de neige fra\u00eeche \u00e0 tracer ! Beau programme \ud83d\ude42\u00a0 Le&hellip;\n","protected":false},"author":2,"featured_media":657088,"comment_status":"","ping_status":"","sticky":false,"template":"","format":"standard","meta":{"footnotes":""},"categories":[1586],"tags":[11,1777,674,1779,1011,27,12,25,1778,364],"class_list":{"0":"post-657087","1":"post","2":"type-post","3":"status-publish","4":"format-standard","5":"has-post-thumbnail","7":"category-europe","8":"tag-actualites","9":"tag-eu","10":"tag-europe","11":"tag-european-union","12":"tag-fr","13":"tag-france","14":"tag-news","15":"tag-republique-francaise","16":"tag-ue","17":"tag-union-europeenne"},"share_on_mastodon":{"url":"https:\/\/pubeurope.com\/@fr\/115878923077537471","error":""},"_links":{"self":[{"href":"https:\/\/www.europesays.com\/fr\/wp-json\/wp\/v2\/posts\/657087","targetHints":{"allow":["GET"]}}],"collection":[{"href":"https:\/\/www.europesays.com\/fr\/wp-json\/wp\/v2\/posts"}],"about":[{"href":"https:\/\/www.europesays.com\/fr\/wp-json\/wp\/v2\/types\/post"}],"author":[{"embeddable":true,"href":"https:\/\/www.europesays.com\/fr\/wp-json\/wp\/v2\/users\/2"}],"replies":[{"embeddable":true,"href":"https:\/\/www.europesays.com\/fr\/wp-json\/wp\/v2\/comments?post=657087"}],"version-history":[{"count":0,"href":"https:\/\/www.europesays.com\/fr\/wp-json\/wp\/v2\/posts\/657087\/revisions"}],"wp:featuredmedia":[{"embeddable":true,"href":"https:\/\/www.europesays.com\/fr\/wp-json\/wp\/v2\/media\/657088"}],"wp:attachment":[{"href":"https:\/\/www.europesays.com\/fr\/wp-json\/wp\/v2\/media?parent=657087"}],"wp:term":[{"taxonomy":"category","embeddable":true,"href":"https:\/\/www.europesays.com\/fr\/wp-json\/wp\/v2\/categories?post=657087"},{"taxonomy":"post_tag","embeddable":true,"href":"https:\/\/www.europesays.com\/fr\/wp-json\/wp\/v2\/tags?post=657087"}],"curies":[{"name":"wp","href":"https:\/\/api.w.org\/{rel}","templated":true}]}}