{"id":657093,"date":"2026-01-11T22:55:27","date_gmt":"2026-01-11T22:55:27","guid":{"rendered":"https:\/\/www.europesays.com\/fr\/657093\/"},"modified":"2026-01-11T22:55:27","modified_gmt":"2026-01-11T22:55:27","slug":"xv-de-france-les-bleus-toujours-a-42-selection-des-finalistes-pour-la-tournee-dete-les-dessous-de-laccord-lnr-ffr-sur-la-future-convention","status":"publish","type":"post","link":"https:\/\/www.europesays.com\/fr\/657093\/","title":{"rendered":"XV de France &#8211; Les Bleus toujours \u00e0 42, s\u00e9lection des finalistes pour la tourn\u00e9e d&rsquo;\u00e9t\u00e9 : les dessous de l\u2019accord LNR &#8211; FFR sur la future convention"},"content":{"rendered":"<p>\n                Groupe \u00e9largi maintenu \u00e0 42 joueurs, r\u00e8gles encadr\u00e9es pour les partenaires d\u2019entra\u00eenement, souplesse sur la s\u00e9lection des finalistes pour la tourn\u00e9e estivale, soutien financier de la Ligue vers le rugby amateur : la future convention entre la LNR et la FFR, qui doit \u00eatre officialis\u00e9e dans les prochains jours, fixe les grandes lignes de l\u2019organisation de l\u2019\u00e9quipe de France jusqu\u2019en 2031. Midi Olympique en d\u00e9voile les principaux dessous.\n            <\/p>\n<p>Voil\u00e0 une premi\u00e8re bonne nouvelle en ce d\u00e9but d\u2019ann\u00e9e. Apr\u00e8s des semaines de discussions, engag\u00e9es, constructives mais respectueuses, la Ligue nationale de rugby et la F\u00e9d\u00e9ration fran\u00e7aise de rugby sont tomb\u00e9es d\u2019accord sur la future convention qui encadrera les relations entre le secteur professionnel et le rugby f\u00e9d\u00e9ral jusqu\u2019en 2031. Un texte structurant, appel\u00e9 \u00e0 servir de colonne vert\u00e9brale au rugby fran\u00e7ais et qui (r\u00e9) \u00e9quilibre le rapport de force entre les institutions. Selon nos informations, elles sont parvenues \u00e0 un accord apr\u00e8s de multiples r\u00e9unions men\u00e9es autour de trois th\u00e9matiques (\u00ab\u2005finances\u2005\u00bb, \u00ab\u2005Comp\u00e9titions\u2005\u00bb, \u00ab\u2005XV de France\u2005\u00bb), qui ont fait l\u2019objet d\u2019un document de synth\u00e8se confidentiel que Midi Olympique a pu consulter. Les grandes lignes de la future convention seront pr\u00e9sent\u00e9es aux clubs professionnels en ce d\u00e9but de semaine, dont la partie \u00ab\u2005\u00c9quipe de France\u2005\u00bb sur laquelle ont notamment travaill\u00e9 les pr\u00e9sidents de Bordeaux-B\u00e8gles Laurent Marti et de Toulouse Didier Lacroix afin d\u2019aboutir rapidement \u00e0 un compromis. En suivant, ladite convention devra \u00eatre valid\u00e9e d\u00e9but f\u00e9vrier par les deux instances.<\/p>\n<ul>\n<li>\n\tLe groupe des \u00ab\u200542\u2005\u00bb act\u00e9\n\t<\/li>\n<\/ul>\n<p>Il en ressort que le s\u00e9lectionneur Fabien Galthi\u00e9 (et son successeur au-del\u00e0 du Mondial 2027), pourra continuer \u00e0 travailler avec un groupe \u00e9largi de 42 joueurs lors des diff\u00e9rentes fen\u00eatres internationales (6 Nations, p\u00e9riodes estivales et automne). En revanche, au-del\u00e0 des \u00ab\u200528\u2005\u00bb (puis \u00ab\u200523\u2005\u00bb joueurs prot\u00e9g\u00e9s les week-ends de Top 14), les partenaires d\u2019entra\u00eenement verront leurs allers-retours avec le XV de France limit\u00e9s \u00e0 deux d\u00e9placements durant la p\u00e9riode d\u2019automne et \u00e0 trois pendant le Tournoi. Enfin, un club qui comptera huit joueurs dans les \u00ab\u200528\u2005\u00bb ne pourra pas \u00eatre sollicit\u00e9 pour composer les quatorze partenaires d\u2019entra\u00eenement.<\/p>\n<ul>\n<li>\n\tLes finalistes du Top 14 s\u00e9lectionnables\n\t<\/li>\n<\/ul>\n<p>Concernant le championnat des Nations\u2005: la premi\u00e8re \u00e9dition se jouera cet \u00e9t\u00e9 avec notamment un Nouvelle-Z\u00e9lande &#8211; France programm\u00e9 le 4 juillet \u00e0 Christchurch, soit une semaine apr\u00e8s la finale du Top 14 (ancr\u00e9e par la convention sur le dernier week-end de juin jusqu\u2019en 2031). Fabien Galthi\u00e9 et son successeur pourront s\u00e9lectionner les finalistes qu\u2019ils souhaitent. Ils devront toutefois tenir compte de leur \u00e9tat physique et mental. Cette situation sera \u00ab\u2005discut\u00e9e et \u00e9valu\u00e9e en bonne intelligence\u2005\u00bb avec les managers des clubs concern\u00e9s. Des \u00e9changes r\u00e9guliers seront obligatoires. \u00ab\u2005On souhaitait tous que Fabien (Galthi\u00e9) ne soit pas entrav\u00e9 dans sa s\u00e9lection, pour cette nouvelle comp\u00e9tition\u2005\u00bb, nous a confi\u00e9 un dirigeant ayant particip\u00e9 aux n\u00e9gociations.<\/p>\n<ul>\n<li>\n\tUn groupe d\u2019experts pour prot\u00e9ger les joueurs\n\t<\/li>\n<\/ul>\n<p>Nouveaut\u00e9 de la future convention, d\u2019ici \u00e0 la fin de saison 2026-2027, un groupe d\u2019experts doit formuler des pr\u00e9conisations op\u00e9rationnelles \u00e0 la FFR et \u00e0 la LNR en vue d\u2019adapter la charge de travail des joueurs professionnels au double objectif de performance et de protection de leur sant\u00e9. En parall\u00e8le de ce panel scientifique, un dispositif de suivi sp\u00e9cifique de la sollicitation sportive du groupe des \u00ab\u200533\u2005\u00bb internationaux sera mis en place selon des modalit\u00e9s qui restent \u00e0 d\u00e9finir.<\/p>\n<ul>\n<li>\n\tLa pr\u00e9paration de la Coupe du monde 2027 act\u00e9e\n\t<\/li>\n<\/ul>\n<p>La pr\u00e9paration de la Coupe du monde 2027 en Australie d\u00e9butera le 26 juillet, apr\u00e8s une p\u00e9riode de repos de quatre semaines pour les joueurs. Trois matchs de pr\u00e9paration sont programm\u00e9s les 28 ou 29 ao\u00fbt, 4 ou 5 septembre, 11 ou 12 septembre 2027\u2005; le Top 14 pourra se poursuivre sur ces m\u00eames week-ends. Le groupe d\u00e9finitif de 33 joueurs sera annonc\u00e9 le 12 septembre. Fabien Galthi\u00e9 a en revanche d\u00fb renoncer \u00e0 son souhait d\u2019emmener 42 joueurs en Australie, m\u00eame s\u2019il disposera bien de ce nombre durant la pr\u00e9paration.<br \/>Enfin, toujours c\u00f4t\u00e9 XV de France\u2005: la tenue d\u2019une rencontre officielle face aux Lions britanniques et irlandais est \u00e9galement act\u00e9e (en juin 2029).<\/p>\n<ul>\n<li>\n\tFinances\u2005: 13 millions de plus pour les amateurs\n\t<\/li>\n<\/ul>\n<p>Si le volet \u00ab\u2005XV de France\u2005\u00bb et la mise \u00e0 disposition des joueurs ont concentr\u00e9 de nombreux regards, la partie \u00ab\u2005financi\u00e8re\u2005\u00bb a \u00e9t\u00e9 tr\u00e8s discut\u00e9e. Selon les souhaits de la f\u00e9d\u00e9ration, la LNR s\u2019est engag\u00e9e pour une plus grande r\u00e9tribution financi\u00e8re. \u00ab\u2005La Ligue a effectivement choisi d\u2019amplifier son soutien au rugby amateur. Une enveloppe suppl\u00e9mentaire devrait \u00eatre vot\u00e9e tr\u00e8s prochainement, vers\u00e9e au fonds de dotation Rugby au c\u0153ur\u2005\u00bb, nous a indiqu\u00e9 un membre de la LNR. Selon nos informations, cette contribution devrait porter sur une enveloppe suppl\u00e9mentaire de 13 millions d\u2019euros qui serviront au d\u00e9veloppement du rugby amateur. \u00ab\u2005C\u2019est dans l\u2019int\u00e9r\u00eat de tous, il faut avoir des clubs et des championnats professionnels forts, une \u00e9quipe de France avec les moyens d\u2019\u00eatre performante et un rugby amateur le plus solide possible.\u2005\u00bb commentait un acteur des discussions.<\/p>\n<ul>\n<li>\n\tComp\u00e9titions\u2005: suppression de l\u2019access-match entre la Pro D2 et la Nationale\n\t<\/li>\n<\/ul>\n<p>Autre point act\u00e9\u2005: la suppression, souhait\u00e9e par la FFR, du match d\u2019accession entre la Pro D2 et la Nationale. Comme indiqu\u00e9 dans notre \u00e9dition du 9 janvier, les clubs de Nationale ont \u00e9t\u00e9 convoqu\u00e9s en visioconf\u00e9rence ce jeudi 15 janvier. C\u2019est \u00e0 cette date que leur sera pr\u00e9sent\u00e9e la r\u00e9forme qui doit entrer en vigueur lors de la saison 2027-2028. De mani\u00e8re surprenante, cette d\u00e9cision n\u2019a pas soulev\u00e9 le vent d\u2019opposition attendu parmi les clubs professionnels. Le Top 14 n\u2019\u00e9tant pas concern\u00e9, seuls les clubs de ProD2 ont grinc\u00e9 des dents\u2026 pour la forme et sans v\u00e9ritablement convaincre.<\/p>\n<p>\u00c0 noter que toutes ces d\u00e9cisions doivent \u00eatre act\u00e9es sur le papier jusqu\u2019en 2031. Mais un point d\u2019\u00e9tape programm\u00e9 \u00e0 l\u2019issue de la saison 2026-2027 est \u00e9galement inscrit dans la convention afin, \u00e9ventuellement, d\u2019amender l\u2019accord. L\u2019organisation de l\u2019\u00e9quipe de France, mais aussi des moins de 20 ans et de la s\u00e9lection \u00e0 VII, le soutien financier de la LNR sont ainsi structur\u00e9s jusqu\u2019en 2031. Reste d\u00e9sormais \u00e0 faire ratifier cet accord lors de deux assembl\u00e9es g\u00e9n\u00e9rales extraordinaires des deux institutions, programm\u00e9es le 4 f\u00e9vrier prochain.<\/p>\n","protected":false},"excerpt":{"rendered":"Groupe \u00e9largi maintenu \u00e0 42 joueurs, r\u00e8gles encadr\u00e9es pour les partenaires d\u2019entra\u00eenement, souplesse sur la s\u00e9lection des finalistes&hellip;\n","protected":false},"author":2,"featured_media":657094,"comment_status":"","ping_status":"","sticky":false,"template":"","format":"standard","meta":{"footnotes":""},"categories":[4],"tags":[11,1011,27,12,25,513],"class_list":{"0":"post-657093","1":"post","2":"type-post","3":"status-publish","4":"format-standard","5":"has-post-thumbnail","7":"category-france","8":"tag-actualites","9":"tag-fr","10":"tag-france","11":"tag-news","12":"tag-republique-francaise","13":"tag-xv-de-france"},"share_on_mastodon":{"url":"https:\/\/pubeurope.com\/@fr\/115878934798036191","error":""},"_links":{"self":[{"href":"https:\/\/www.europesays.com\/fr\/wp-json\/wp\/v2\/posts\/657093","targetHints":{"allow":["GET"]}}],"collection":[{"href":"https:\/\/www.europesays.com\/fr\/wp-json\/wp\/v2\/posts"}],"about":[{"href":"https:\/\/www.europesays.com\/fr\/wp-json\/wp\/v2\/types\/post"}],"author":[{"embeddable":true,"href":"https:\/\/www.europesays.com\/fr\/wp-json\/wp\/v2\/users\/2"}],"replies":[{"embeddable":true,"href":"https:\/\/www.europesays.com\/fr\/wp-json\/wp\/v2\/comments?post=657093"}],"version-history":[{"count":0,"href":"https:\/\/www.europesays.com\/fr\/wp-json\/wp\/v2\/posts\/657093\/revisions"}],"wp:featuredmedia":[{"embeddable":true,"href":"https:\/\/www.europesays.com\/fr\/wp-json\/wp\/v2\/media\/657094"}],"wp:attachment":[{"href":"https:\/\/www.europesays.com\/fr\/wp-json\/wp\/v2\/media?parent=657093"}],"wp:term":[{"taxonomy":"category","embeddable":true,"href":"https:\/\/www.europesays.com\/fr\/wp-json\/wp\/v2\/categories?post=657093"},{"taxonomy":"post_tag","embeddable":true,"href":"https:\/\/www.europesays.com\/fr\/wp-json\/wp\/v2\/tags?post=657093"}],"curies":[{"name":"wp","href":"https:\/\/api.w.org\/{rel}","templated":true}]}}