{"id":657112,"date":"2026-01-11T23:11:11","date_gmt":"2026-01-11T23:11:11","guid":{"rendered":"https:\/\/www.europesays.com\/fr\/657112\/"},"modified":"2026-01-11T23:11:11","modified_gmt":"2026-01-11T23:11:11","slug":"ils-plaquent-tout-pour-vivre-en-camping-car-a-la-retraite-leur-choix-fait-reagir","status":"publish","type":"post","link":"https:\/\/www.europesays.com\/fr\/657112\/","title":{"rendered":"Ils plaquent tout pour vivre en camping-car \u00e0 la retraite : leur choix fait r\u00e9agir"},"content":{"rendered":"<p>Tout quitter pour profiter tant<br \/>\nque la sant\u00e9 est l\u00e0<\/p>\n<p data-start=\"478\" data-end=\"794\">\u00c0 59 ans, Val\u00e9rie ne cache pas<br \/>\nson impatience. Apr\u00e8s des ann\u00e9es pass\u00e9es comme secr\u00e9taire de<br \/>\nmairie, elle a d\u00e9cid\u00e9 de ne pas renouveler son contrat lorsqu\u2019il<br \/>\narrivera \u00e0 son terme. Pour elle et son mari, inutile d\u2019attendre<br \/>\ndavantage. \u00ab On ne sait jamais de quoi demain sera fait \u00bb,<br \/>\nconfie-t-elle souvent \u00e0 ses proches.<\/p>\n<p data-start=\"796\" data-end=\"1091\">Le <strong><a href=\"https:\/\/www.modesettravaux.fr\/trucs-et-astuces\/fallait-le-savoir\/vente-de-camping-car-ce-couple-de-retraites-met-en-garde-contre-une-arnaque-qui-circule-en-france-165260.html\" target=\"_blank\" rel=\"noopener\"><br \/>\ncouple<\/a><\/strong> a d\u00e9j\u00e0 mis la maison en vente. L\u2019objectif est<br \/>\nsimple : se lib\u00e9rer des contraintes mat\u00e9rielles et prendre la route<br \/>\navant que la sant\u00e9 ne devienne un frein. Une d\u00e9cision m\u00fbrie depuis<br \/>\nlongtemps, notamment apr\u00e8s des soucis m\u00e9dicaux rencontr\u00e9s par son<br \/>\nconjoint, qui ont servi d\u2019\u00e9lectrochoc.<\/p>\n<p>Une retraite progressive, pas<br \/>\nun saut dans le vide<\/p>\n<p data-start=\"1148\" data-end=\"1432\">Contrairement \u00e0 l\u2019image d\u2019un<br \/>\ngrand saut dans l\u2019inconnu, Val\u00e9rie parle plut\u00f4t d\u2019une transition en<br \/>\ndouceur. Elle conserve une activit\u00e9 professionnelle \u00e0 distance,<br \/>\nd\u00e9j\u00e0 exerc\u00e9e en t\u00e9l\u00e9travail. Depuis leur futur camping-car, elle<br \/>\npourra continuer \u00e0 travailler quelques heures par semaine.<\/p>\n<p data-start=\"1434\" data-end=\"1707\">En cas de besoin, elle<br \/>\nenvisage aussi des remplacements ponctuels dans des mairies. Une<br \/>\nsolution rassurante, qui permet d\u2019assurer un compl\u00e9ment de revenus<br \/>\nsans renoncer \u00e0 la libert\u00e9 de mouvement. \u00ab Le travail ne sera plus<br \/>\nune contrainte, mais une option \u00bb, explique-t-elle.<\/p>\n<p>Le camping-car, symbole de<br \/>\nlibert\u00e9 retrouv\u00e9e<\/p>\n<p data-start=\"1758\" data-end=\"2021\">Vivre en <strong><a href=\"https:\/\/www.modesettravaux.fr\/trucs-et-astuces\/fallait-le-savoir\/vente-de-camping-car-ce-couple-de-retraites-met-en-garde-contre-une-arnaque-qui-circule-en-france-165260.html\" target=\"_blank\" rel=\"noopener\"><br \/>\ncamping-car<\/a><\/strong>, ce n\u2019est pas seulement voyager. C\u2019est<br \/>\nadopter un autre rapport au temps et \u00e0 l\u2019espace. Le couple imagine<br \/>\nd\u00e9j\u00e0 les r\u00e9veils face \u00e0 la mer, les haltes improvis\u00e9es dans des<br \/>\nvillages inconnus et les longues routes \u00e0 travers la France et<br \/>\nl\u2019Europe.<\/p>\n<p data-start=\"2023\" data-end=\"2292\">Autour d\u2019eux, les r\u00e9actions<br \/>\nsont contrast\u00e9es. Certains amis les envient ouvertement, d\u2019autres<br \/>\ns\u2019inqui\u00e8tent du confort ou de la fatigue li\u00e9e \u00e0 la route. Val\u00e9rie<br \/>\nsourit : \u00ab On nous dit souvent qu\u2019on est courageux, mais pour nous,<br \/>\nrester immobiles serait plus difficile. \u00bb<\/p>\n<p>Un<br \/>\nchoix de plus en plus assum\u00e9 chez les jeunes retrait\u00e9s<\/p>\n<p data-start=\"2356\" data-end=\"2650\">Leur projet s\u2019inscrit dans une<br \/>\ntendance plus large. De nombreux jeunes retrait\u00e9s cherchent<br \/>\naujourd\u2019hui \u00e0 donner un sens diff\u00e9rent \u00e0 cette nouvelle \u00e9tape de<br \/>\nvie. Selon plusieurs \u00e9tudes sur le vieillissement actif, rester<br \/>\nmobile, curieux et socialement engag\u00e9 contribue au bien-\u00eatre \u00e0 long<br \/>\nterme.<\/p>\n<p data-start=\"2652\" data-end=\"2832\">Pour Val\u00e9rie et son mari, le<br \/>\ncamping-car n\u2019est pas une fuite, mais une mani\u00e8re d\u2019embrasser<br \/>\npleinement leur retraite. Une chose est s\u00fbre : leur choix ne laisse<br \/>\npersonne indiff\u00e9rent.<\/p>\n","protected":false},"excerpt":{"rendered":"Tout quitter pour profiter tant que la sant\u00e9 est l\u00e0 \u00c0 59 ans, Val\u00e9rie ne cache pas son&hellip;\n","protected":false},"author":2,"featured_media":657113,"comment_status":"","ping_status":"","sticky":false,"template":"","format":"standard","meta":{"footnotes":""},"categories":[10],"tags":[39668,1011,27,72,71],"class_list":{"0":"post-657112","1":"post","2":"type-post","3":"status-publish","4":"format-standard","5":"has-post-thumbnail","7":"category-sante","8":"tag-discop","9":"tag-fr","10":"tag-france","11":"tag-health","12":"tag-sante"},"share_on_mastodon":{"url":"https:\/\/pubeurope.com\/@fr\/115878997829189428","error":""},"_links":{"self":[{"href":"https:\/\/www.europesays.com\/fr\/wp-json\/wp\/v2\/posts\/657112","targetHints":{"allow":["GET"]}}],"collection":[{"href":"https:\/\/www.europesays.com\/fr\/wp-json\/wp\/v2\/posts"}],"about":[{"href":"https:\/\/www.europesays.com\/fr\/wp-json\/wp\/v2\/types\/post"}],"author":[{"embeddable":true,"href":"https:\/\/www.europesays.com\/fr\/wp-json\/wp\/v2\/users\/2"}],"replies":[{"embeddable":true,"href":"https:\/\/www.europesays.com\/fr\/wp-json\/wp\/v2\/comments?post=657112"}],"version-history":[{"count":0,"href":"https:\/\/www.europesays.com\/fr\/wp-json\/wp\/v2\/posts\/657112\/revisions"}],"wp:featuredmedia":[{"embeddable":true,"href":"https:\/\/www.europesays.com\/fr\/wp-json\/wp\/v2\/media\/657113"}],"wp:attachment":[{"href":"https:\/\/www.europesays.com\/fr\/wp-json\/wp\/v2\/media?parent=657112"}],"wp:term":[{"taxonomy":"category","embeddable":true,"href":"https:\/\/www.europesays.com\/fr\/wp-json\/wp\/v2\/categories?post=657112"},{"taxonomy":"post_tag","embeddable":true,"href":"https:\/\/www.europesays.com\/fr\/wp-json\/wp\/v2\/tags?post=657112"}],"curies":[{"name":"wp","href":"https:\/\/api.w.org\/{rel}","templated":true}]}}