{"id":65712,"date":"2025-05-01T01:08:17","date_gmt":"2025-05-01T01:08:17","guid":{"rendered":"https:\/\/www.europesays.com\/fr\/65712\/"},"modified":"2025-05-01T01:08:17","modified_gmt":"2025-05-01T01:08:17","slug":"qui-a-ete-elimine-dans-lepisode-du-mercredi-30-avril-et-qui-a-ete-sauve-dans-les-brigades-cachees","status":"publish","type":"post","link":"https:\/\/www.europesays.com\/fr\/65712\/","title":{"rendered":"Qui a \u00e9t\u00e9 \u00e9limin\u00e9 dans l&rsquo;\u00e9pisode du mercredi 30 avril et qui a \u00e9t\u00e9 sauv\u00e9 dans Les Brigades cach\u00e9es ?"},"content":{"rendered":"<p>Ce mercredi 30 avril, M6 a diffus\u00e9 l&rsquo;\u00e9pisode 6 de Top Chef 2025. Les candidats ont \u00e9t\u00e9 confront\u00e9s \u00e0 de nombreux rebondissements tout au long de la soir\u00e9e. Vous avez rat\u00e9 l&rsquo;\u00e9mission ? T\u00e9l\u00e9-Loisirs vous r\u00e9sume tout ce qu&rsquo;il s&rsquo;est pass\u00e9.<\/p>\n<p>Mercredi dernier, <a href=\"https:\/\/www.programme-tv.net\/news\/tv\/377303-top-chef-2025-qui-a-ete-elimine-dans-l-episode-du-mercredi-23-avril-et-qui-a-ete-sauve-dans-les-brigades-cachees\/\" data-api-deeplink=\"teleloisirs:\/\/news\/377303\" target=\"_blank\" rel=\"noopener\">Steven a quitt\u00e9 Top Chef <\/a>apr\u00e8s s&rsquo;\u00eatre confront\u00e9 \u00e0 Kilian et Ilane dans Les Brigades cach\u00e9es. Cette semaine, Philippine, Quentin, Gr\u00e9goire, Sean, Margaux, Claudio, Charles, Esteban et Charlie s&rsquo;affrontent de nouveau autour de deux \u00e9preuves. Cette fois-ci, <b>ils cuisinent en brigade, sauf <\/b><a href=\"https:\/\/www.programme-tv.net\/news\/tv\/377147-charles-et-philippine-le-couple-de-top-chef-2025-cette-experience-a-deux-nous-a-vraiment-fait-revivre\/\" data-api-deeplink=\"teleloisirs:\/\/news\/377147\" target=\"_blank\" rel=\"noopener\"><b>Philippine<\/b>, qui est la seule restante dans l&rsquo;\u00e9quipe d&rsquo;H\u00e9l\u00e8ne Darroze<\/a>. Vous n&rsquo;avez pas pu regarder l&rsquo;\u00e9mission ce mercredi soir ? Vous n&rsquo;avez pas pu rester jusqu&rsquo;au bout du prime ? Pas de panique, on vous r\u00e9sume le sixi\u00e8me \u00e9pisode de cette saison 16.<\/p>\n<p>Top Chef 2025 : quel candidat a \u00e9t\u00e9 \u00e9limin\u00e9 \u00e0 l&rsquo;issue de l&rsquo;\u00e9pisode 6 ?<\/p>\n<p>C&rsquo;est le retour de la fameuse \u00e9preuve du \u00ab\u00a0Qui peut battre ?\u00a0\u00bb. Et pour cette dixi\u00e8me \u00e9dition, <a href=\"https:\/\/www.programme-tv.net\/news\/tv\/338819-jai-failli-perdre-la-vie-yoann-conte-objectif-top-chef-se-confie-sur-le-grave-accident-auquel-il-a-survecu\/\" data-api-deeplink=\"teleloisirs:\/\/news\/338819\" target=\"_blank\" rel=\"noopener\">c&rsquo;est Yoann Conte, chef deux \u00e9toiles et cuisinier de l&rsquo;ann\u00e9e 2024, que les candidats affrontent<\/a>. Si leur plat pla\u00eet aux enfants, il est d\u00e9gust\u00e9 par Gilles Goujon, chef trois \u00e9toiles et Meilleur Ouvrier de France. La grande difficult\u00e9 est de faire aimer aux enfants des aliments qu&rsquo;ils d\u00e9testent. \u00c0 part la brigade de Paul Pairet, toutes les autres sont d\u00e9gust\u00e9es par le chef Goujon. C&rsquo;est le chef Yoann Conte qui remporte la manche. Lors de la seconde \u00e9preuve, la fa\u00e7on de cuisiner des candidats est bouscul\u00e9e puisqu&rsquo;ils n&rsquo;ont acc\u00e8s \u00e0 aucune mati\u00e8re grasse pour leur r\u00e9alisation ! Un hommage \u00e0 Michel Gu\u00e9rard<a href=\"https:\/\/www.programme-tv.net\/news\/people\/358903-mort-du-chef-triplement-etoile-michel-guerard-qui-a-revolutionne-la-cuisine-contemporaine\/\" data-api-deeplink=\"teleloisirs:\/\/news\/358903\" target=\"_blank\" rel=\"noopener\"> &#8211; chef \u00e9toil\u00e9 disparu en ao\u00fbt 2024 &#8211; <\/a>est aussi rendu :<b> une pluie d&rsquo;\u00e9toiles qui s&rsquo;abat sur les cuisines de <\/b><b>Top Chef<\/b>. Quatre chefs viennent juger les assiettes des brigades. Au total, ce sont onze \u00e9toiles qui sont r\u00e9unies sur le plateau. Lors de la d\u00e9gustation, c&rsquo;est la brigade orange qui sort du lot avec une assiette, dont \u00ab\u00a0M.\u00a0Gu\u00e9rard [aurait \u00e9t\u00e9] tr\u00e8s fier\u00a0\u00bb selon l&rsquo;un de ses disciples. Malheureusement, les brigades de Glenn Viel et Paul Pairet se retrouvent en \u00e9preuve \u00e9liminatoire&#8230; Et c&rsquo;est Gr\u00e9goire qui est \u00e9limin\u00e9.<\/p>\n<p>                        \u00ab\u00a0Je prendrais Gr\u00e9goire sans h\u00e9siter\u00a0\u00bb : Fabien Ferr\u00e9 ne supporte plus le comportement d&rsquo;Ilane dans Les Brigades cach\u00e9es de Top Chef<\/p>\n<p>Alors que Gr\u00e9goire rejoint le concours parall\u00e8le des Brigades cach\u00e9es, Ilane rencontre quelques probl\u00e8mes avec sa recette. Elle ne convient pas \u00e0 son chef de brigade. Mais il ne semble pas l&rsquo;\u00e9couter pour autant. Fabien Ferr\u00e9 craque : \u00ab\u00a0<b>\u00c7a commence \u00e0 m&rsquo;agacer. \u00c7a fait d\u00e9j\u00e0 trois semaines que je te le dis<\/b>, et j&rsquo;ai l&rsquo;impression que tu n&rsquo;\u00e9coutes pas, tu te disperses. Je te l&rsquo;ai d\u00e9j\u00e0 dit, va \u00e0 l&rsquo;essentiel\u00a0\u00bb. Apr\u00e8s avoir pris en compte ces remarques, Ilane comprend que sa pr\u00e9paration est beaucoup mieux. \u00ab\u00a0C&rsquo;est pour \u00e7a qu&rsquo;il est chef trois \u00e9toiles\u00a0\u00bb dit-il. Cependant, Fabien Ferr\u00e9 reste agac\u00e9 : \u00ab\u00a0<b>Je suis un peu \u00e9nerv\u00e9 <\/b>parce qu&rsquo;il n&rsquo;\u00e9coute pas. Et il ne faut pas qu&rsquo;il oublie que moi, je veux emmener le meilleur. Si Gr\u00e9goire est meilleur qu&rsquo;Ilane, je prendrai Gr\u00e9goire sans h\u00e9siter\u00a0\u00bb. Au moment de la d\u00e9gustation, c&rsquo;est l&rsquo;assiette de Gr\u00e9goire qui est choisie en premier. Le jeune homme d\u00e9cide d&rsquo;int\u00e9grer la brigade d&rsquo;\u00c9ric Fr\u00e9chon. Et c&rsquo;est malheureusement Kilian qui quitte d\u00e9finitivement la comp\u00e9tition.<\/p>\n","protected":false},"excerpt":{"rendered":"Ce mercredi 30 avril, M6 a diffus\u00e9 l&rsquo;\u00e9pisode 6 de Top Chef 2025. Les candidats ont \u00e9t\u00e9 confront\u00e9s&hellip;\n","protected":false},"author":2,"featured_media":65713,"comment_status":"","ping_status":"","sticky":false,"template":"","format":"standard","meta":{"footnotes":""},"categories":[1356],"tags":[244,58,59,1011,27,16553,16552,16551,494,252,1364],"class_list":{"0":"post-65712","1":"post","2":"type-post","3":"status-publish","4":"format-standard","5":"has-post-thumbnail","7":"category-television","8":"tag-commentaire","9":"tag-divertissement","10":"tag-entertainment","11":"tag-fr","12":"tag-france","13":"tag-gru00e9goire-touchard-top-chef-16","14":"tag-ilane-tinchant-top-chef-16","15":"tag-kilian-franceschi-top-chef-16","16":"tag-m6","17":"tag-television","18":"tag-tv"},"share_on_mastodon":{"url":"https:\/\/pubeurope.com\/@fr\/114429906405625374","error":""},"_links":{"self":[{"href":"https:\/\/www.europesays.com\/fr\/wp-json\/wp\/v2\/posts\/65712","targetHints":{"allow":["GET"]}}],"collection":[{"href":"https:\/\/www.europesays.com\/fr\/wp-json\/wp\/v2\/posts"}],"about":[{"href":"https:\/\/www.europesays.com\/fr\/wp-json\/wp\/v2\/types\/post"}],"author":[{"embeddable":true,"href":"https:\/\/www.europesays.com\/fr\/wp-json\/wp\/v2\/users\/2"}],"replies":[{"embeddable":true,"href":"https:\/\/www.europesays.com\/fr\/wp-json\/wp\/v2\/comments?post=65712"}],"version-history":[{"count":0,"href":"https:\/\/www.europesays.com\/fr\/wp-json\/wp\/v2\/posts\/65712\/revisions"}],"wp:featuredmedia":[{"embeddable":true,"href":"https:\/\/www.europesays.com\/fr\/wp-json\/wp\/v2\/media\/65713"}],"wp:attachment":[{"href":"https:\/\/www.europesays.com\/fr\/wp-json\/wp\/v2\/media?parent=65712"}],"wp:term":[{"taxonomy":"category","embeddable":true,"href":"https:\/\/www.europesays.com\/fr\/wp-json\/wp\/v2\/categories?post=65712"},{"taxonomy":"post_tag","embeddable":true,"href":"https:\/\/www.europesays.com\/fr\/wp-json\/wp\/v2\/tags?post=65712"}],"curies":[{"name":"wp","href":"https:\/\/api.w.org\/{rel}","templated":true}]}}