{"id":657122,"date":"2026-01-11T23:16:13","date_gmt":"2026-01-11T23:16:13","guid":{"rendered":"https:\/\/www.europesays.com\/fr\/657122\/"},"modified":"2026-01-11T23:16:13","modified_gmt":"2026-01-11T23:16:13","slug":"horreur-en-equateur-cinq-tetes-retrouvees-sur-une-plage-2","status":"publish","type":"post","link":"https:\/\/www.europesays.com\/fr\/657122\/","title":{"rendered":"Horreur en Equateur, cinq t\u00eates retrouv\u00e9es sur une plage"},"content":{"rendered":"<p class=\"mb-4 text-lg md:leading-8 break-words\">Vision d\u2019horreur en <a data-i13n=\"cpos:1;pos:1\" href=\"https:\/\/www.20minutes.fr\/dossier\/equateur?at_medium=RSS%20feed&amp;at_campaign=ynews&amp;utm_source=yahoo&amp;utm_medium=rss&amp;utm_campaign=news_feed&amp;utm_content=in_article_link\" rel=\"nofollow noopener\" target=\"_blank\" data-ylk=\"slk:Equateur;cpos:1;pos:1;elm:context_link;itc:0;sec:content-canvas\" class=\"link \">Equateur<\/a>. Dimanche, des images circulaient sur les r\u00e9seaux sociaux montrant cinq t\u00eates attach\u00e9es avec des cordes \u00e0 deux poteaux en bois, face \u00e0 la mer, au milieu du sable. \u00c0 c\u00f4t\u00e9, est inscrit sur une planche de bois un message mena\u00e7ant destin\u00e9 \u00e0 <a data-i13n=\"cpos:2;pos:1\" href=\"https:\/\/www.20minutes.fr\/dossier\/narcotrafiquants?at_medium=RSS%20feed&amp;at_campaign=ynews&amp;utm_source=yahoo&amp;utm_medium=rss&amp;utm_campaign=news_feed&amp;utm_content=in_article_link\" rel=\"nofollow noopener\" target=\"_blank\" data-ylk=\"slk:des membres de gangs;cpos:2;pos:1;elm:context_link;itc:0;sec:content-canvas\" class=\"link \">des membres de gangs<\/a> qui extorquent commer\u00e7ants et habitants en \u00e9change d\u2019une suppos\u00e9e protection.<\/p>\n<p class=\"mb-4 text-lg md:leading-8 break-words\">La d\u00e9couverte macabre a \u00e9t\u00e9 faite \u00e0 Puerto Lopez, dans la province de Manai qui est une destination populaire pour l\u2019observation des baleines et o\u00f9 fin d\u00e9cembre <a data-i13n=\"cpos:3;pos:1\" href=\"https:\/\/www.20minutes.fr\/monde\/4193510-20251229-equateur-six-morts-dont-enfant-fusillade-lieu-touristique?at_medium=RSS%20feed&amp;at_campaign=ynews&amp;utm_source=yahoo&amp;utm_medium=rss&amp;utm_campaign=news_feed&amp;utm_content=in_article_link\" rel=\"nofollow noopener\" target=\"_blank\" data-ylk=\"slk:neuf personnes ont \u00e9t\u00e9 tu\u00e9es;cpos:3;pos:1;elm:context_link;itc:0;sec:content-canvas\" class=\"link \">neuf personnes ont \u00e9t\u00e9 tu\u00e9es<\/a>, dont un b\u00e9b\u00e9, dans des violences attribu\u00e9es par les autorit\u00e9s \u00e0 des affrontements entre bandes rivales.<\/p>\n<p class=\"mb-4 text-lg md:leading-8 break-words\">L\u2019Equateur, situ\u00e9 entre les deux principaux exportateurs mondiaux de <a data-i13n=\"cpos:4;pos:1\" href=\"https:\/\/www.20minutes.fr\/dossier\/cocaine?at_medium=RSS%20feed&amp;at_campaign=ynews&amp;utm_source=yahoo&amp;utm_medium=rss&amp;utm_campaign=news_feed&amp;utm_content=in_article_link\" rel=\"nofollow noopener\" target=\"_blank\" data-ylk=\"slk:coca\u00efne;cpos:4;pos:1;elm:context_link;itc:0;sec:content-canvas\" class=\"link \">coca\u00efne<\/a>, la Colombie et le P\u00e9rou, a connu une recrudescence de la violence due aux luttes entre gangs criminels li\u00e9s aux <a data-i13n=\"cpos:5;pos:1\" href=\"https:\/\/www.20minutes.fr\/arts-stars\/insolite\/4178973-20251013-chanteur-mannequin-argentin-fede-dorcaz-29-ans-abattu-tueurs-masques-mexique?at_medium=RSS%20feed&amp;at_campaign=ynews&amp;utm_source=yahoo&amp;utm_medium=rss&amp;utm_campaign=news_feed&amp;utm_content=in_article_link\" rel=\"nofollow noopener\" target=\"_blank\" data-ylk=\"slk:cartels mexicains;cpos:5;pos:1;elm:context_link;itc:0;sec:content-canvas\" class=\"link \">cartels mexicains<\/a> et colombiens.<\/p>\n<p class=\"mb-4 text-lg md:leading-8 break-words\"><a data-i13n=\"cpos:6;pos:1\" href=\"https:\/\/www.20minutes.fr\/monde\/4195426-20260111-horreur-equateur-cinq-tetes-retrouvees-plage?at_medium=RSS%20feed&amp;at_campaign=ynews&amp;utm_source=yahoo&amp;utm_medium=rss&amp;utm_campaign=news_feed&amp;utm_content=read_more_link%22\" rel=\"nofollow noopener\" target=\"_blank\" data-ylk=\"slk:Lire la suite sur 20minutes;cpos:6;pos:1;elm:context_link;itc:0;sec:content-canvas\" class=\"link \">Lire la suite sur 20minutes<\/a><\/p>\n<p>\u00c0 lire aussi :<br \/><a data-i13n=\"cpos:7;pos:1\" href=\"https:\/\/www.20minutes.fr\/monde\/4192799-20251223-pourquoi-france-besoin-emirats-arabes-unis-guerre-contre-narcotrafic?at_medium=RSS%20feed&amp;at_campaign=ynews&amp;utm_source=yahoo&amp;utm_medium=rss&amp;utm_campaign=news_feed&amp;utm_content=related_content_link\" rel=\"nofollow noopener\" target=\"_blank\" data-ylk=\"slk:Pourquoi la France a-t-elle besoin des Emirats arabes unis dans la \u00ab guerre \u00bb contre le narcotrafic ?;cpos:7;pos:1;elm:context_link;itc:0;sec:content-canvas\" class=\"link \">Pourquoi la France a-t-elle besoin des Emirats arabes unis dans la \u00ab guerre \u00bb contre le narcotrafic ?<\/a><br \/><a data-i13n=\"cpos:8;pos:1\" href=\"https:\/\/www.20minutes.fr\/justice\/4192934-20260105-meurtres-trafic-drogue-blanchiment-defis-pnaco-nouveau-parquet-contre-criminalite-organisee?at_medium=RSS%20feed&amp;at_campaign=ynews&amp;utm_source=yahoo&amp;utm_medium=rss&amp;utm_campaign=news_feed&amp;utm_content=related_content_link\" rel=\"nofollow noopener\" target=\"_blank\" data-ylk=\"slk:Meurtres, trafic de drogue, blanchiment\u2026 Les d\u00e9fis du Pnaco, le nouveau parquet contre la criminalit\u00e9 organis\u00e9e;cpos:8;pos:1;elm:context_link;itc:0;sec:content-canvas\" class=\"link \">Meurtres, trafic de drogue, blanchiment\u2026 Les d\u00e9fis du Pnaco, le nouveau parquet contre la criminalit\u00e9 organis\u00e9e<\/a><\/p>\n","protected":false},"excerpt":{"rendered":"Vision d\u2019horreur en Equateur. Dimanche, des images circulaient sur les r\u00e9seaux sociaux montrant cinq t\u00eates attach\u00e9es avec des&hellip;\n","protected":false},"author":2,"featured_media":657123,"comment_status":"","ping_status":"","sticky":false,"template":"","format":"standard","meta":{"footnotes":""},"categories":[5],"tags":[11,75946,1011,27,14,12,75947,887,38990,28],"class_list":{"0":"post-657122","1":"post","2":"type-post","3":"status-publish","4":"format-standard","5":"has-post-thumbnail","7":"category-international","8":"tag-actualites","9":"tag-face-a-la-mer","10":"tag-fr","11":"tag-france","12":"tag-international","13":"tag-news","14":"tag-planche-de-bois","15":"tag-trafic-de-drogue","16":"tag-vision-dhorreur","17":"tag-world"},"share_on_mastodon":{"url":"https:\/\/pubeurope.com\/@fr\/115879017445554457","error":""},"_links":{"self":[{"href":"https:\/\/www.europesays.com\/fr\/wp-json\/wp\/v2\/posts\/657122","targetHints":{"allow":["GET"]}}],"collection":[{"href":"https:\/\/www.europesays.com\/fr\/wp-json\/wp\/v2\/posts"}],"about":[{"href":"https:\/\/www.europesays.com\/fr\/wp-json\/wp\/v2\/types\/post"}],"author":[{"embeddable":true,"href":"https:\/\/www.europesays.com\/fr\/wp-json\/wp\/v2\/users\/2"}],"replies":[{"embeddable":true,"href":"https:\/\/www.europesays.com\/fr\/wp-json\/wp\/v2\/comments?post=657122"}],"version-history":[{"count":0,"href":"https:\/\/www.europesays.com\/fr\/wp-json\/wp\/v2\/posts\/657122\/revisions"}],"wp:featuredmedia":[{"embeddable":true,"href":"https:\/\/www.europesays.com\/fr\/wp-json\/wp\/v2\/media\/657123"}],"wp:attachment":[{"href":"https:\/\/www.europesays.com\/fr\/wp-json\/wp\/v2\/media?parent=657122"}],"wp:term":[{"taxonomy":"category","embeddable":true,"href":"https:\/\/www.europesays.com\/fr\/wp-json\/wp\/v2\/categories?post=657122"},{"taxonomy":"post_tag","embeddable":true,"href":"https:\/\/www.europesays.com\/fr\/wp-json\/wp\/v2\/tags?post=657122"}],"curies":[{"name":"wp","href":"https:\/\/api.w.org\/{rel}","templated":true}]}}