{"id":657137,"date":"2026-01-11T23:30:11","date_gmt":"2026-01-11T23:30:11","guid":{"rendered":"https:\/\/www.europesays.com\/fr\/657137\/"},"modified":"2026-01-11T23:30:11","modified_gmt":"2026-01-11T23:30:11","slug":"paris-cest-deja-des-petits-adultes-pas-dexploit-du-fc-rouen-contre-le-psg-en-coupe-gambardella","status":"publish","type":"post","link":"https:\/\/www.europesays.com\/fr\/657137\/","title":{"rendered":"\u201cParis, c\u2019est d\u00e9j\u00e0 des petits adultes\u201d : pas d&rsquo;exploit du FC Rouen contre le PSG en Coupe Gambardella"},"content":{"rendered":"<p>Il n\u2019y a pas eu photo, dimanche 11 janvier au Stade Robert-Diochon, entre les jeunes U18 du FC Rouen et ceux du Paris Saint-Germain. Les locaux se sont inclin\u00e9s 1-6 devant plus de 2 000 supporters, mais ont appris de leur d\u00e9faite.<\/p>\n<p>Il y avait une classe d\u2019\u00e9cart. <strong>C\u2019est d\u00e8s la sixi\u00e8me minute que les Titis du Paris Saint-Germain ont ouvert le score<\/strong> face au FC Rouen 1899, ce dimanche 11 janvier en trente-deuxi\u00e8me de finale de Coupe Gambardella, cette coupe de France de football des \u00e9quipes de moins de 18 ans. <strong>Les Diablotins sont tout de m\u00eame parvenus \u00e0 \u00e9galiser<\/strong>.\u00a0Kerem Tozlu et son coup de casque \u00e0 la 25e minute ont enflamm\u00e9 <strong>les plus de 2 000 supporters<\/strong> du Stade Robert-Diochon.<\/p>\n<p>Men\u00e9s d\u2019un seul but \u00e0 la mi-temps, les Rouennais y croyaient encore. Mais finalement, la marche \u00e9tait trop haute. 1-6 score final. \u201cD\u00e9\u00e7us du score. Apr\u00e8s, on a quand m\u00eame v\u00e9cu une exp\u00e9rience incroyable\u201d, relativise le capitaine Tomas Ribeiro Rodrigues, qui se dit \u201ccontent de l\u2019\u00e9quipe\u201d en conf\u00e9rence de presse. \u201cOn a travaill\u00e9 pour nous, surtout. C\u2019est un r\u00eave de gosse de jouer devant des ultras dans un grand stade. Surtout Diochon, le plus beau stade de Normandie\u00a0!\u201d poursuit-il.<\/p>\n<p> <img decoding=\"async\" src=\"https:\/\/www.europesays.com\/fr\/wp-content\/uploads\/2026\/01\/1768174210_319_1280.jpeg\" alt=\"illustration agrandir l'image\" style=\"--_image-preview:url('data:image\/jpeg;base64,\/9j\/2wBDACgcHiMeGSgjISMtKygwPGRBPDc3PHtYXUlkkYCZlo+AjIqgtObDoKrarYqMyP\/L2u71\/\/\/\/m8H\/\/\/\/6\/+b9\/\/j\/2wBDASstLTw1PHZBQXb4pYyl+Pj4+Pj4+Pj4+Pj4+Pj4+Pj4+Pj4+Pj4+Pj4+Pj4+Pj4+Pj4+Pj4+Pj4+Pj4+Pj4+Pj\/wAARCAAfACoDASIAAhEBAxEB\/8QAFwABAQEBAAAAAAAAAAAAAAAAAgMBAP\/EABgQAQEBAQEAAAAAAAAAAAAAAAABAhIR\/8QAGAEAAwEBAAAAAAAAAAAAAAAAAAECAwT\/xAAWEQEBAQAAAAAAAAAAAAAAAAAAARH\/2gAMAwEAAhEDEQA\/ADqJ2LaTrN06MKUXehNU6b2jdM6NFWtC0boLoK0rRugumXQK0rpnQWs9NNr\/2Q==');\" loading=\"lazy\" fetchpriority=\"low\" class=\"svelte-1cksh76 rounded\" onload=\"this.__e=event\" onerror=\"this.__e=event\"\/> Tomas Ribeiro Rogrigues, le capitaine, a analys\u00e9 le match avec maturit\u00e9 \u00a9 Radio France &#8211; Sarah-Yasmine Ziani  \u00ab\u00a0Nous les supporters, on a pris du plaisir\u00a0\u00bb<\/p>\n<p><strong>Deux cartons rouges<\/strong> sont venus plomber le FCR en seconde p\u00e9riode. \u201cEnsuite, on a plong\u00e9 physiquement, analyse l\u2019entra\u00eeneur Vincent Doury. \u201cOn a \u00e9t\u00e9 mis en difficult\u00e9 sur des transitions o\u00f9 nous, on avait le ballon. Et techniquement, malheureusement, on a perdu des ballons b\u00eates. C&rsquo;est l\u00e0 qu&rsquo;ils nous ont fait tr\u00e8s tr\u00e8s mal.\u201d<\/p>\n<p>Cette affiche prestigieuse repr\u00e9sentait aussi un d\u00e9fi mental. \u201cLa grosse diff\u00e9rence qu&rsquo;il y avait entre les deux \u00e9quipes, c&rsquo;\u00e9tait la maturit\u00e9, acquiesce Vincent Doury. Paris, c&rsquo;\u00e9tait pas des enfants, c&rsquo;\u00e9tait d\u00e9j\u00e0 des petits adultes.\u201d<\/p>\n<p>\u00c0 lire aussi   <img decoding=\"async\" src=\"https:\/\/www.europesays.com\/fr\/wp-content\/uploads\/2026\/01\/1768174211_271_400x400.jpeg\" alt=\"\" style=\"--_image-preview:url('data:image\/jpeg;base64,\/9j\/2wBDACgcHiMeGSgjISMtKygwPGRBPDc3PHtYXUlkkYCZlo+AjIqgtObDoKrarYqMyP\/L2u71\/\/\/\/m8H\/\/\/\/6\/+b9\/\/j\/2wBDASstLTw1PHZBQXb4pYyl+Pj4+Pj4+Pj4+Pj4+Pj4+Pj4+Pj4+Pj4+Pj4+Pj4+Pj4+Pj4+Pj4+Pj4+Pj4+Pj4+Pj\/wAARCAAXACoDASIAAhEBAxEB\/8QAGAABAQEBAQAAAAAAAAAAAAAAAgADAQT\/xAAYEAEBAQEBAAAAAAAAAAAAAAAAAgESEf\/EABQBAQAAAAAAAAAAAAAAAAAAAAD\/xAAUEQEAAAAAAAAAAAAAAAAAAAAA\/9oADAMBAAIRAxEAPwC2A2XqqGWyDHx3JPk5gAyHeG0wfAFUhspAPBzCQNJkuUgf\/9k=');\" loading=\"lazy\" fetchpriority=\"low\" aria-hidden=\"true\" class=\"svelte-1cksh76 rounded\" onload=\"this.__e=event\" onerror=\"this.__e=event\"\/><\/p>\n<p><strong>Heureusement, ce n\u2019est pas la d\u00e9faite que retiendront les supporters, mais l\u2019affiche de qualit\u00e9<\/strong>. \u201cLe principal, c&rsquo;est que les joueurs aient pris du plaisir. En tout cas, nous les supporters, on en a pris. Et ces jeunes joueurs auront des souvenirs pour la vie\u201d, se r\u00e9jouit l\u2019un d\u2019entre eux au bord du terrain. Ils \u00e9taient venus en nombre pour cette rencontre entre U18. \u201cC&rsquo;est vraiment important de pouvoir aussi soutenir les plus jeunes g\u00e9n\u00e9rations, abonde une autre supportrice, puisque c&rsquo;est aussi l&rsquo;avenir du club.\u201d<\/p>\n<p>Les Diablotins auront au moins fait briller les yeux du jeune Ilyes, 13 ans\u00a0: \u201cJ&rsquo;aimerais bien \u00eatre comme eux\u2026 Ils m&rsquo;inspirent beaucoup.\u201d<\/p>\n","protected":false},"excerpt":{"rendered":"Il n\u2019y a pas eu photo, dimanche 11 janvier au Stade Robert-Diochon, entre les jeunes U18 du FC&hellip;\n","protected":false},"author":2,"featured_media":657138,"comment_status":"","ping_status":"","sticky":false,"template":"","format":"standard","meta":{"footnotes":""},"categories":[9587],"tags":[1111,11,1777,674,1011,27,12,5161,25,9590],"class_list":{"0":"post-657137","1":"post","2":"type-post","3":"status-publish","4":"format-standard","5":"has-post-thumbnail","7":"category-rouen","8":"tag-actu","9":"tag-actualites","10":"tag-eu","11":"tag-europe","12":"tag-fr","13":"tag-france","14":"tag-news","15":"tag-normandie","16":"tag-republique-francaise","17":"tag-rouen"},"share_on_mastodon":{"url":"https:\/\/pubeurope.com\/@fr\/115879072496448741","error":""},"_links":{"self":[{"href":"https:\/\/www.europesays.com\/fr\/wp-json\/wp\/v2\/posts\/657137","targetHints":{"allow":["GET"]}}],"collection":[{"href":"https:\/\/www.europesays.com\/fr\/wp-json\/wp\/v2\/posts"}],"about":[{"href":"https:\/\/www.europesays.com\/fr\/wp-json\/wp\/v2\/types\/post"}],"author":[{"embeddable":true,"href":"https:\/\/www.europesays.com\/fr\/wp-json\/wp\/v2\/users\/2"}],"replies":[{"embeddable":true,"href":"https:\/\/www.europesays.com\/fr\/wp-json\/wp\/v2\/comments?post=657137"}],"version-history":[{"count":0,"href":"https:\/\/www.europesays.com\/fr\/wp-json\/wp\/v2\/posts\/657137\/revisions"}],"wp:featuredmedia":[{"embeddable":true,"href":"https:\/\/www.europesays.com\/fr\/wp-json\/wp\/v2\/media\/657138"}],"wp:attachment":[{"href":"https:\/\/www.europesays.com\/fr\/wp-json\/wp\/v2\/media?parent=657137"}],"wp:term":[{"taxonomy":"category","embeddable":true,"href":"https:\/\/www.europesays.com\/fr\/wp-json\/wp\/v2\/categories?post=657137"},{"taxonomy":"post_tag","embeddable":true,"href":"https:\/\/www.europesays.com\/fr\/wp-json\/wp\/v2\/tags?post=657137"}],"curies":[{"name":"wp","href":"https:\/\/api.w.org\/{rel}","templated":true}]}}