{"id":657167,"date":"2026-01-11T23:49:15","date_gmt":"2026-01-11T23:49:15","guid":{"rendered":"https:\/\/www.europesays.com\/fr\/657167\/"},"modified":"2026-01-11T23:49:15","modified_gmt":"2026-01-11T23:49:15","slug":"lyon-cette-agence-de-voyages-annule-ses-pelerinages-a-la-mecque-et-disparait-des-radars","status":"publish","type":"post","link":"https:\/\/www.europesays.com\/fr\/657167\/","title":{"rendered":"Lyon. Cette agence de voyages annule ses p\u00e8lerinages \u00e0 la\u00a0Mecque et dispara\u00eet des radars"},"content":{"rendered":"<p>Rideaux ferm\u00e9s, t\u00e9l\u00e9phone coup\u00e9, site web d\u00e9sactiv\u00e9. Essayer de contacter Dogan voyages, agence sp\u00e9cialis\u00e9e dans les p\u00e8lerinages \u00e0 la\u00a0Mecque bas\u00e9e tout pr\u00e8s de la Bourse du travail, n\u2019est qu\u2019un v\u0153u pieux. Les courriers de mise en demeure des p\u00e8lerins victimes des annulations de tous les voyages pr\u00e9vus, act\u00e9es le 31\u00a0d\u00e9cembre, sont autant de lettres mortes.<\/p>\n<p>Les salari\u00e9s dans l\u2019ignorance<\/p>\n<p>Une barista du caf\u00e9 voisin t\u00e9moigne compter les salari\u00e9s de Dogan parmi ses clients r\u00e9guliers. \u00ab\u00a0Avant les vacances de No\u00ebl, ils nous disaient qu\u2019ils&#8230;<\/p>\n","protected":false},"excerpt":{"rendered":"Rideaux ferm\u00e9s, t\u00e9l\u00e9phone coup\u00e9, site web d\u00e9sactiv\u00e9. Essayer de contacter Dogan voyages, agence sp\u00e9cialis\u00e9e dans les p\u00e8lerinages \u00e0&hellip;\n","protected":false},"author":2,"featured_media":657168,"comment_status":"","ping_status":"","sticky":false,"template":"","format":"standard","meta":{"footnotes":""},"categories":[1889],"tags":[1111,11,2430,33,2757,1777,674,107,1011,27,2428,2756,12,5889,25,2429,104,602],"class_list":{"0":"post-657167","1":"post","2":"type-post","3":"status-publish","4":"format-standard","5":"has-post-thumbnail","7":"category-lyon","8":"tag-actu","9":"tag-actualites","10":"tag-auvergne-rhone-alpes","11":"tag-economie","12":"tag-edition-lyon-villeurbanne","13":"tag-eu","14":"tag-europe","15":"tag-fil-info","16":"tag-fr","17":"tag-france","18":"tag-lyon","19":"tag-lyon-bassin","20":"tag-news","21":"tag-religion-croyance","22":"tag-republique-francaise","23":"tag-rhone","24":"tag-societe","25":"tag-tourisme"},"share_on_mastodon":{"url":"https:\/\/pubeurope.com\/@fr\/115879147163751434","error":""},"_links":{"self":[{"href":"https:\/\/www.europesays.com\/fr\/wp-json\/wp\/v2\/posts\/657167","targetHints":{"allow":["GET"]}}],"collection":[{"href":"https:\/\/www.europesays.com\/fr\/wp-json\/wp\/v2\/posts"}],"about":[{"href":"https:\/\/www.europesays.com\/fr\/wp-json\/wp\/v2\/types\/post"}],"author":[{"embeddable":true,"href":"https:\/\/www.europesays.com\/fr\/wp-json\/wp\/v2\/users\/2"}],"replies":[{"embeddable":true,"href":"https:\/\/www.europesays.com\/fr\/wp-json\/wp\/v2\/comments?post=657167"}],"version-history":[{"count":0,"href":"https:\/\/www.europesays.com\/fr\/wp-json\/wp\/v2\/posts\/657167\/revisions"}],"wp:featuredmedia":[{"embeddable":true,"href":"https:\/\/www.europesays.com\/fr\/wp-json\/wp\/v2\/media\/657168"}],"wp:attachment":[{"href":"https:\/\/www.europesays.com\/fr\/wp-json\/wp\/v2\/media?parent=657167"}],"wp:term":[{"taxonomy":"category","embeddable":true,"href":"https:\/\/www.europesays.com\/fr\/wp-json\/wp\/v2\/categories?post=657167"},{"taxonomy":"post_tag","embeddable":true,"href":"https:\/\/www.europesays.com\/fr\/wp-json\/wp\/v2\/tags?post=657167"}],"curies":[{"name":"wp","href":"https:\/\/api.w.org\/{rel}","templated":true}]}}