{"id":657171,"date":"2026-01-11T23:52:26","date_gmt":"2026-01-11T23:52:26","guid":{"rendered":"https:\/\/www.europesays.com\/fr\/657171\/"},"modified":"2026-01-11T23:52:26","modified_gmt":"2026-01-11T23:52:26","slug":"montreuil-fc-le-match-dune-vie-en-coupe-de-france","status":"publish","type":"post","link":"https:\/\/www.europesays.com\/fr\/657171\/","title":{"rendered":"Montreuil FC\u00a0: le match d\u2019une vie en Coupe de France"},"content":{"rendered":"<p>Quatre divisions d\u2019\u00e9cart, un foss\u00e9 entre amateurs et professionnel et pourtant\u2026<\/p>\n<p>C\u2019est la magie de la Coupe de France. Le Montreuil FC, club amateur \u00e9voluant en R\u00e9gionale 1, s\u2019appr\u00eate \u00e0 vivre un moment historique\u00a0: un 16e de finale face \u00e0 Amiens, pensionnaire de Ligue 2. Quatre divisions d\u2019\u00e9cart, un monde entre amateurs et professionnels\u2026 et pourtant, tout est possible.<\/p>\n<p>\u00ab\u00a0C\u2019est que du bonus, on n\u2019a aucune pression\u00a0\u00bb<\/p>\n<p>\u00c0 la t\u00eate du Montreuil FC, <strong>le coach Samy Guenfoud<\/strong> savoure l\u2019instant. \u00ab\u00a0C\u2019est le match d\u2019une vie\u00a0\u00bb, confie-t-il. \u00ab\u00a0Jouer contre une \u00e9quipe de Ligue 2 nous place dans une position particuli\u00e8re\u00a0: on est totalement sereins, <strong>on n\u2019a rien \u00e0 perdre<\/strong>.\u00a0\u00bb<br \/>Une s\u00e9r\u00e9nit\u00e9 d\u2019autant plus remarquable que l\u2019\u00e9quipe est compos\u00e9e de joueurs amateurs. Des joueurs qui, en semaine, travaillent, \u00e9tudient, ont une vie bien remplie en dehors du football. La pr\u00e9paration du match n\u2019a d\u2019ailleurs pas \u00e9t\u00e9 de tout repos. <strong>\u00ab\u00a0La neige nous a caus\u00e9 quelques soucis cette semaine\u00a0\u00bb<\/strong>, raconte Samy Guenfoud. \u00ab\u00a0On a d\u00fb s\u2019entra\u00eener en five, ce qui est assez inhabituel, mais on essaie de ne rien changer \u00e0 nos habitudes pour ne pas montrer qu\u2019on puisse \u00eatre impressionn\u00e9s.\u00a0\u00bb<\/p>\n<p>Un exploit historique pour la Seine-Saint-Denis<\/p>\n<p>Au-del\u00e0 du match \u00e0 venir, l\u2019exploit est d\u00e9j\u00e0 l\u00e0. Le Montreuil FC est <strong>le premier club amateur de Seine-Saint-Denis \u00e0 atteindre les 16es de finale<\/strong> de la Coupe de France.\u00a0\u00ab\u00a0Quand j\u2019ai appris qu\u2019on \u00e9tait les premiers, c\u2019est un journaliste qui me l\u2019a dit apr\u00e8s le match, \u00e7a a rendu l\u2019\u00e9v\u00e9nement encore plus fou.\u00a0\u00bb<\/p>\n<p>La rencontre se jouera <strong>\u00e0 Bobigny<\/strong>, dans un stade Auguste Delaune acquis \u00e0 la cause des Montreuillois. Le public francilien r\u00e9pond pr\u00e9sent depuis le d\u00e9but de l\u2019aventure. \u00ab\u00a0On a fait <strong>tous les matchs \u00e0 guichet ferm\u00e9<\/strong>\u00ab\u00a0, souligne Samy Guenfoud. Une ferveur populaire qui rappelle que la Coupe de France est aussi celle des supporters.<\/p>\n<p>Rendez-vous le <strong>9 janvier \u00e0 15h30<\/strong>, au <strong>stade Auguste Delaune \u00e0 Bobigny<\/strong>, pour un match o\u00f9, une fois encore, le football amateur r\u00eave en grand. Et en \u00cele-de-France, ce genre de r\u00eave, <strong>\u00e7a marche<\/strong>.<\/p>\n","protected":false},"excerpt":{"rendered":"Quatre divisions d\u2019\u00e9cart, un foss\u00e9 entre amateurs et professionnel et pourtant\u2026 C\u2019est la magie de la Coupe de&hellip;\n","protected":false},"author":2,"featured_media":657172,"comment_status":"","ping_status":"","sticky":false,"template":"","format":"standard","meta":{"footnotes":""},"categories":[1592],"tags":[1111,11,1777,674,1011,27,662,12,626,25],"class_list":{"0":"post-657171","1":"post","2":"type-post","3":"status-publish","4":"format-standard","5":"has-post-thumbnail","7":"category-ile-de-france","8":"tag-actu","9":"tag-actualites","10":"tag-eu","11":"tag-europe","12":"tag-fr","13":"tag-france","14":"tag-ile-de-france","15":"tag-news","16":"tag-paris","17":"tag-republique-francaise"},"share_on_mastodon":{"url":"https:\/\/pubeurope.com\/@fr\/115879159000394913","error":""},"_links":{"self":[{"href":"https:\/\/www.europesays.com\/fr\/wp-json\/wp\/v2\/posts\/657171","targetHints":{"allow":["GET"]}}],"collection":[{"href":"https:\/\/www.europesays.com\/fr\/wp-json\/wp\/v2\/posts"}],"about":[{"href":"https:\/\/www.europesays.com\/fr\/wp-json\/wp\/v2\/types\/post"}],"author":[{"embeddable":true,"href":"https:\/\/www.europesays.com\/fr\/wp-json\/wp\/v2\/users\/2"}],"replies":[{"embeddable":true,"href":"https:\/\/www.europesays.com\/fr\/wp-json\/wp\/v2\/comments?post=657171"}],"version-history":[{"count":0,"href":"https:\/\/www.europesays.com\/fr\/wp-json\/wp\/v2\/posts\/657171\/revisions"}],"wp:featuredmedia":[{"embeddable":true,"href":"https:\/\/www.europesays.com\/fr\/wp-json\/wp\/v2\/media\/657172"}],"wp:attachment":[{"href":"https:\/\/www.europesays.com\/fr\/wp-json\/wp\/v2\/media?parent=657171"}],"wp:term":[{"taxonomy":"category","embeddable":true,"href":"https:\/\/www.europesays.com\/fr\/wp-json\/wp\/v2\/categories?post=657171"},{"taxonomy":"post_tag","embeddable":true,"href":"https:\/\/www.europesays.com\/fr\/wp-json\/wp\/v2\/tags?post=657171"}],"curies":[{"name":"wp","href":"https:\/\/api.w.org\/{rel}","templated":true}]}}