{"id":657185,"date":"2026-01-12T00:00:10","date_gmt":"2026-01-12T00:00:10","guid":{"rendered":"https:\/\/www.europesays.com\/fr\/657185\/"},"modified":"2026-01-12T00:00:10","modified_gmt":"2026-01-12T00:00:10","slug":"etats-unis-canada-quand-les-tensions-politiques-sinvitent-dans-les-patinoires-de-hockey-sur-glace-reportage-international","status":"publish","type":"post","link":"https:\/\/www.europesays.com\/fr\/657185\/","title":{"rendered":"Etats-Unis-Canada: quand les tensions politiques s&rsquo;invitent dans les patinoires de hockey sur glace &#8211; Reportage international"},"content":{"rendered":"<p>\n                                                Menaces d\u2019annexion, guerre commerciale et droits de douane\u2026 Pr\u00e8s d\u2019un an apr\u00e8s son retour \u00e0 la Maison Blanche, Donald Trump a s\u00e9rieusement refroidi les relations entre les \u00c9tats-Unis et le Canada. Les tensions entre les deux pays se sont m\u00eame parfois invit\u00e9es au coeur du sport national canadien : le hockey sur glace, avec l&rsquo;hymne am\u00e9ricain siffl\u00e9 ou des rivalit\u00e9s exacerb\u00e9es\u2026                    <\/p>\n<p>De notre envoy\u00e9 sp\u00e9cial \u00e0 London,<\/p>\n<p>\u00c0 London, dans l\u2019Ontario, pr\u00e8s de la fronti\u00e8re avec les \u00c9tats-Unis, sur la glace, l\u2019affiche du soir oppose deux franchises junior de hockey. Les Canadiens des London Knights, en vert et jaune, re\u00e7oivent les Erie Otters, en blanc et bleu, venus de Pennsylvanie, aux \u00c9tats-Unis. Et jouer contre des Am\u00e9ricains, ce n\u2019est plus tout \u00e0 fait anodin, expliquent ces deux fans.<\/p>\n<p>\u00ab\u00a0Il y a longtemps, quand j\u2019\u00e9tais plus jeune, ce n\u2019\u00e9tait pas tr\u00e8s important. Mais maintenant, \u00e7a l\u2019est devenu, surtout si le <strong><a href=\"https:\/\/www.rfi.fr\/fr\/tag\/canada\/\" target=\"_self\" class=\"gtm-add-suggested-tag\" rel=\"noopener\">Canada<\/a><\/strong>\u00a0joue contre les \u00c9tats-Unis. C\u2019est devenu une affaire personnelle, en quelque sorte, \u00e0 cause de la politique. Quand on entend Trump dire qu\u2019il veut faire de nous le 51e \u00c9tat des \u00c9tats-Unis, \u00e9videmment, en tant que Canadien et souverainiste, \u00e7a ne passe pas\u00a0\u00bb, affirme le premier. \u00ab\u00a0Oh oui, on veut les battre pour envoyer un message politique ! \u00bb, r\u00e9agit le second.<\/p>\n<p> L\u2019hymne am\u00e9ricain siffl\u00e9 <\/p>\n<p>Dans les gradins pourtant, pas de message hostile. Comme avant chaque rencontre contre une franchise am\u00e9ricaine, une trentaine d\u2019enfants entonnent l\u2019hymne des \u00c9tats-Unis. Ailleurs dans le pays, au plus fort des tensions, l\u2019hymne am\u00e9ricain a parfois \u00e9t\u00e9 siffl\u00e9. \u00ab\u00a0Mais ce n\u2019est jamais arriv\u00e9 ici, \u00e0 London \u00bb, raconte Johan, un fid\u00e8le supporter des Knights. \u00ab\u00a0C\u2019est une forme de respect. Nous, on veut juste voir du bon hockey et l\u00e0, on parle d\u2019enfants qui jouent. Ce ne sont m\u00eame pas des adultes. On essaie de laisser le plus possible la politique en dehors du hockey&#8230;\u00a0\u00bb<\/p>\n<p>Il faut dire que malgr\u00e9 les crispations politiques, le hockey reste aussi &#8211; et surtout &#8211; un espace de coop\u00e9ration entre les deux pays. La ligue junior de l\u2019Ontario, l\u2019OHL, compte trois franchises am\u00e9ricaines. Et dans l\u2019effectif des London Knights, deux jeunes joueurs viennent des <strong><a href=\"https:\/\/www.rfi.fr\/fr\/tag\/\u00e9tats-unis\/\" target=\"_self\" class=\"gtm-add-suggested-tag\" rel=\"noopener\">\u00c9tats-Unis<\/a><\/strong>. Mais\u00a0\u00ab\u00a0c\u2019est assez fluide. Ils viennent ici, ils vivent ici, ils sont log\u00e9s chez l&rsquo;habitant. Nous leur obtenons un visa \u00e9tudiant pour qu&rsquo;ils puissent venir jouer pour nous. C&rsquo;est donc un bon arrangement, d\u00e9clare\u00a0Rick Steadman, l\u2019un des entra\u00eeneurs des Knights. Et c\u2019est la m\u00eame chose dans l&rsquo;autre sens : aux \u00c9tats-Unis, ils font venir des joueurs canadiens. Cela fonctionne tr\u00e8s bien pour tous les joueurs de hockey, qui pouvent aller d&rsquo;un pays \u00e0 l&rsquo;autre\u00a0\u00bb.<\/p>\n<p class=\"a-read-more\">\u00c0 lire aussi<a href=\"https:\/\/www.rfi.fr\/fr\/am\u00e9riques\/20250221-justin-trudeau-jubile-et-tacle-donald-trump-apr\u00e8s-la-victoire-du-canada-en-hockey-sur-glace\" target=\"_self\" class=\"a-read-more__link\" rel=\"noopener\">Justin Trudeau jubile et tacle Donald Trump apr\u00e8s la victoire du Canada en hockey sur glace<\/a><\/p>\n<p> \u00ab\u00a0\u00c0 cause de Trump, on ne voyage plus autant qu\u2019avant aux \u00c9tats-Unis\u00a0\u00bb <\/p>\n<p>Mais si les joueurs vont et viennent de part et d&rsquo;autre de la fronti\u00e8re, ce n\u2019est plus forc\u00e9ment le cas de tous les fans.\u00a0<\/p>\n<p>\u00ab\u00a0\u00c0 cause de Trump, on ne voyage plus autant qu\u2019avant aux \u00c9tats-Unis. Les fans des London Knights ont l\u2019habitude d&rsquo;aller voir les matchs un peu partout. Mais d\u00e9sormais, ils se rendent beaucoup moins aux \u00c9tats-Unis parce qu\u2019ils s\u2019inqui\u00e8tent de la situation \u00e0 la fronti\u00e8re. Moi, par exemple, en tant que journaliste, j\u2019y r\u00e9fl\u00e9chis \u00e0 deux fois avant d\u2019aller aux \u00c9tats-Unis parce que je me dis : est-ce que je veux vraiment me prendre la t\u00eate avec les gardes-fronti\u00e8res ? C\u2019est juste une sorte de barri\u00e8re que nous n\u2019avons jamais connue, m\u00eame lors du premier mandat de Trump\u00a0\u00bb, analyse\u00a0Ryann Pyette, journaliste sportif au London Free Press.<\/p>\n<p>Comme beaucoup de fans, celui-ci esp\u00e8re n\u00e9anmoins retrouver les \u00c9tats-Unis sur la glace, le mois prochain, en finale des JO, dans le match pour la m\u00e9daille d\u2019or.<\/p>\n<p class=\"a-read-more\">\u00c0 lire aussi<a href=\"https:\/\/www.rfi.fr\/fr\/am\u00e9riques\/20250302-le-hockey-sur-glace-terrain-des-tensions-entre-le-canada-et-les-\u00e9tats-unis\" target=\"_self\" class=\"a-read-more__link\" rel=\"noopener\">Le hockey sur glace, terrain des tensions entre le Canada et les \u00c9tats-Unis<\/a><\/p>\n","protected":false},"excerpt":{"rendered":"Menaces d\u2019annexion, guerre commerciale et droits de douane\u2026 Pr\u00e8s d\u2019un an apr\u00e8s son retour \u00e0 la Maison Blanche,&hellip;\n","protected":false},"author":2,"featured_media":657186,"comment_status":"","ping_status":"","sticky":false,"template":"","format":"standard","meta":{"footnotes":""},"categories":[1589],"tags":[11,574,75,73,1866,74,12,2436,60,1864,1865,1863,308],"class_list":{"0":"post-657185","1":"post","2":"type-post","3":"status-publish","4":"format-standard","5":"has-post-thumbnail","7":"category-etats-unis","8":"tag-actualites","9":"tag-canada","10":"tag-donald-trump","11":"tag-etats-unis","12":"tag-etats-unis-damerique","13":"tag-monde","14":"tag-news","15":"tag-reportage-international","16":"tag-sports","17":"tag-united-states","18":"tag-united-states-of-america","19":"tag-us","20":"tag-usa"},"share_on_mastodon":{"url":"https:\/\/pubeurope.com\/@fr\/115879190478655068","error":""},"_links":{"self":[{"href":"https:\/\/www.europesays.com\/fr\/wp-json\/wp\/v2\/posts\/657185","targetHints":{"allow":["GET"]}}],"collection":[{"href":"https:\/\/www.europesays.com\/fr\/wp-json\/wp\/v2\/posts"}],"about":[{"href":"https:\/\/www.europesays.com\/fr\/wp-json\/wp\/v2\/types\/post"}],"author":[{"embeddable":true,"href":"https:\/\/www.europesays.com\/fr\/wp-json\/wp\/v2\/users\/2"}],"replies":[{"embeddable":true,"href":"https:\/\/www.europesays.com\/fr\/wp-json\/wp\/v2\/comments?post=657185"}],"version-history":[{"count":0,"href":"https:\/\/www.europesays.com\/fr\/wp-json\/wp\/v2\/posts\/657185\/revisions"}],"wp:featuredmedia":[{"embeddable":true,"href":"https:\/\/www.europesays.com\/fr\/wp-json\/wp\/v2\/media\/657186"}],"wp:attachment":[{"href":"https:\/\/www.europesays.com\/fr\/wp-json\/wp\/v2\/media?parent=657185"}],"wp:term":[{"taxonomy":"category","embeddable":true,"href":"https:\/\/www.europesays.com\/fr\/wp-json\/wp\/v2\/categories?post=657185"},{"taxonomy":"post_tag","embeddable":true,"href":"https:\/\/www.europesays.com\/fr\/wp-json\/wp\/v2\/tags?post=657185"}],"curies":[{"name":"wp","href":"https:\/\/api.w.org\/{rel}","templated":true}]}}