{"id":657187,"date":"2026-01-12T00:01:18","date_gmt":"2026-01-12T00:01:18","guid":{"rendered":"https:\/\/www.europesays.com\/fr\/657187\/"},"modified":"2026-01-12T00:01:18","modified_gmt":"2026-01-12T00:01:18","slug":"les-ventes-de-bibles-atteignent-des-niveaux-records-au-royaume-uni-actualite-chretienne","status":"publish","type":"post","link":"https:\/\/www.europesays.com\/fr\/657187\/","title":{"rendered":"Les ventes de Bibles atteignent des niveaux records au Royaume-Uni &#8211; ACTUALIT\u00c9 CHR\u00c9TIENNE"},"content":{"rendered":"<p class=\"post_meta\">11 janvier 2026Le Journal Chr\u00e9tien<\/p>\n<p>\t\t\t\t\t\t\t<a class=\"ad ad_above\" href=\"https:\/\/www.jefaisundon.com\/soutenir\/\" target=\"_blank\" rel=\"noopener\"><br \/>\n\t\t\t\t\t\t\t\t<img decoding=\"async\" src=\"https:\/\/www.europesays.com\/fr\/wp-content\/uploads\/2026\/01\/capture-decran-2025-12-24-a-17.48.24-2.jpeg\" alt=\"Chr\u00e9tiens TV\"\/><br \/>\n\t\t\t\t\t\t\t<\/a><\/p>\n<p><strong>Une nouvelle \u00e9tude de l\u2019\u00e9diteur chr\u00e9tien SPCK Group r\u00e9v\u00e8le que les ventes de Bibles en Grande-Bretagne ont atteint des niveaux records l\u2019an dernier.<\/strong><\/p>\n<p>Le total des ventes de Bibles au Royaume-Uni a atteint 6,3 millions de livres sterling. Le nombre total d\u2019exemplaires physiques vendus a augment\u00e9 de 106 % depuis le d\u00e9but 2019, ce qui repr\u00e9sente la plus forte hausse jamais enregistr\u00e9e.<\/p>\n<p>Les ventes annuelles sont pass\u00e9es de 2,69 millions de livres sterling en 2019 \u00e0 6,3 millions de livres sterling en 2025, soit une augmentation de 3,61 millions de livres sterling en seulement cinq ans. \u00c0 titre de comparaison, entre 2008 et 2019, les ventes annuelles n\u2019avaient progress\u00e9 que de 277\u00a0188 livres sterling.<\/p>\n<p>Rien qu\u2019entre 2024 et 2025, les ventes de Bibles ont bondi de 27,7 % en nombre d\u2019exemplaires vendus.<\/p>\n<p>La traduction biblique la plus vendue en 2025 \u00e9tait l\u2019English Standard Version (ESV), publi\u00e9e par Crossway.<\/p>\n<p>Sam Richardson, PDG du groupe SPCK, a d\u00e9clar\u00e9\u00a0: \u00ab\u00a0Les ventes de Bibles t\u00e9moignent d\u2019une \u00e9volution culturelle significative concernant la foi et la religion dans ce pays.<\/p>\n<p>L\u2019ann\u00e9e 2025 a vu appara\u00eetre le premier rapport faisant \u00e9tat d\u2019un r\u00e9veil spirituel discret au Royaume-Uni, et un r\u00e9cent sondage YouGov a r\u00e9v\u00e9l\u00e9 que 49\u00a0% des 18-25\u00a0ans croient en une puissance sup\u00e9rieure.<\/p>\n<p>\u00ab\u00a0Face aux bouleversements politiques et sociaux mondiaux, notamment les cons\u00e9quences de la pand\u00e9mie de COVID-19, les guerres internationales, l\u2019essor de l\u2019intelligence artificielle et la crise croissante de la sant\u00e9 mentale, les individus se r\u00e9int\u00e9ressent aux questions de sens et de spiritualit\u00e9\u00a0\u00bb, a ajout\u00e9 M.\u00a0Richardson.<\/p>\n<p>\u00ab\u00a0La hausse significative et soutenue des ventes de Bibles sugg\u00e8re qu\u2019un nombre croissant de personnes s\u2019int\u00e9ressent \u00e0 la foi chr\u00e9tienne et cherchent \u00e0 se forger leur propre opinion sur sa v\u00e9rit\u00e9.\u00a0\u00bb<\/p>\n<p>\t\t\t\t\t\t\t\t\t\t\t<a class=\"ad ad_below\" href=\"https:\/\/www.jefaisundon.com\/soutenir\/\" target=\"_blank\" rel=\"noopener\"><br \/>\n\t\t\t\t\t\t\t<img decoding=\"async\" src=\"https:\/\/www.europesays.com\/fr\/wp-content\/uploads\/2026\/01\/donnez-1.jpeg\" alt=\"Chr\u00e9tiens TV\"\/><br \/>\n\t\t\t\t\t\t<\/a><\/p>\n<p> Faites un don maintenant pour nous aider \u00e0 poursuivre notre mission !<\/p>\n<p><strong>Dans un paysage m\u00e9diatique marqu\u00e9 par le mensonge, les fake news, les calomnies et les attaques contre les Evang\u00e9liques, le Journal Chr\u00e9tien se positionne comme le m\u00e9dia de la v\u00e9rit\u00e9 qui propose une information ind\u00e9pendante et fiable, non biais\u00e9e par des int\u00e9r\u00eats d&rsquo;actionnariat ou publicitaires. <\/strong><br \/>\nLes chr\u00e9tiens protestants et \u00e9vang\u00e9liques ont longtemps sous-estim\u00e9 le pouvoir des m\u00e9dias. Les r\u00e9centes pol\u00e9miques concernant des reportages \u00e0 charge contre les plus grandes \u00e9glises \u00e9vang\u00e9liques fran\u00e7aises posent la question des intentions des patrons des m\u00e9dias, de ces milliardaires qui ont surinvesti ce champ de bataille id\u00e9ologique.<strong>Ne perdons pas la bataille id\u00e9ologique<\/strong><br \/>\nLes achats de m\u00e9dias par des milliardaires ne sont pas toujours motiv\u00e9s par la rentabilit\u00e9 financi\u00e8re, mais plut\u00f4t par des int\u00e9r\u00eats id\u00e9ologiques. Ils ach\u00e8tent les m\u00e9dias pour influencer l&rsquo;opinion publique, mener des batailles culturelles et maintenir leur pouvoir \u00e9conomique et social.<strong>Les \u00e9vang\u00e9liques pris pour cible<\/strong><br \/>\nL\u2019influence grandissante des \u00e9vang\u00e9liques g\u00eane certains patrons des m\u00e9dias qui, disons-le, sont engag\u00e9s dans des loges ou des sectes pernicieuses. Tr\u00e8s puissante aux \u00c9tats-Unis, o\u00f9 de nombreuses personnalit\u00e9s ont renonc\u00e9 \u00e0 l&rsquo;occultisme et \u00e0 la d\u00e9bauche pour se convertir \u00e0 la foi \u00e9vang\u00e9lique, la perc\u00e9e de cette frange chr\u00e9tienne de plus en plus pr\u00e9sente en France fait trembler le monde des t\u00e9n\u00e8bres.<strong>Faire contrepoids<\/strong><br \/>\nA l&rsquo;heure actuelle, les cha\u00eenes d\u2019info font l\u2019agenda, nourrissent les r\u00e9seaux sociaux, orientent les d\u00e9bats publics. Le Journal Chr\u00e9tien et sa cha\u00eene Chr\u00e9tiens TV veulent aller sur leur terrain en investissant la sph\u00e8re politique et m\u00e9diatique pour y proposer une autre hi\u00e9rarchie de l\u2019information.<br \/>\nIl est question de mener la bataille culturelle pour faire contrepoids aux groupes de m\u00e9dias hostiles aux Evang\u00e9liques.<strong>A quoi serviront vos dons ?<\/strong><br \/>\nNous avons l\u2019ambition de d\u00e9velopper une plateforme de m\u00e9dias suffisamment comp\u00e9titive. Vos dons nous permettront de cr\u00e9er des \u00e9missions chr\u00e9tiennes de qualit\u00e9, de r\u00e9aliser plus d\u2019investigation, de reportages et d\u2019enqu\u00eates de terrain, d&rsquo;organiser des d\u00e9bats sur des sujets de soci\u00e9t\u00e9, et de recruter du personnel comp\u00e9tent.<br \/>\nIl nous faudra \u00e9galement d\u00e9velopper davantage notre pr\u00e9sence sur le terrain, produire plus de reportages, investir dans du mat\u00e9riel.<br \/>\n<br \/>\n<strong>Le Journal Chr\u00e9tien est un m\u00e9dia libre, ind\u00e9pendant, sans publicit\u00e9, accessible \u00e0 tous gr\u00e2ce \u00e0 la fid\u00e9lit\u00e9 et \u00e0 la g\u00e9n\u00e9rosit\u00e9 de ses lecteurs.<\/strong><br \/>\n<br \/>\n<strong>Votre don (d\u00e9fiscalisable \u00e0 66%), petit ou grand, est plus qu\u2019un geste. C\u2019est un acte militant et chr\u00e9tien !<\/strong><\/p>\n","protected":false},"excerpt":{"rendered":"11 janvier 2026Le Journal Chr\u00e9tien Une nouvelle \u00e9tude de l\u2019\u00e9diteur chr\u00e9tien SPCK Group r\u00e9v\u00e8le que les ventes de&hellip;\n","protected":false},"author":2,"featured_media":657188,"comment_status":"","ping_status":"","sticky":false,"template":"","format":"standard","meta":{"footnotes":""},"categories":[1588],"tags":[11,1777,674,12,473,1853,1851,1850,1852],"class_list":{"0":"post-657187","1":"post","2":"type-post","3":"status-publish","4":"format-standard","5":"has-post-thumbnail","7":"category-royaume-uni","8":"tag-actualites","9":"tag-eu","10":"tag-europe","11":"tag-news","12":"tag-royaume-uni","13":"tag-royaume-uni-de-grande-bretagne-et-dirlande-du-nord","14":"tag-uk","15":"tag-united-kingdom","16":"tag-united-kingdom-of-great-britain-and-northern-ireland"},"share_on_mastodon":{"url":"https:\/\/pubeurope.com\/@fr\/115879194504297372","error":""},"_links":{"self":[{"href":"https:\/\/www.europesays.com\/fr\/wp-json\/wp\/v2\/posts\/657187","targetHints":{"allow":["GET"]}}],"collection":[{"href":"https:\/\/www.europesays.com\/fr\/wp-json\/wp\/v2\/posts"}],"about":[{"href":"https:\/\/www.europesays.com\/fr\/wp-json\/wp\/v2\/types\/post"}],"author":[{"embeddable":true,"href":"https:\/\/www.europesays.com\/fr\/wp-json\/wp\/v2\/users\/2"}],"replies":[{"embeddable":true,"href":"https:\/\/www.europesays.com\/fr\/wp-json\/wp\/v2\/comments?post=657187"}],"version-history":[{"count":0,"href":"https:\/\/www.europesays.com\/fr\/wp-json\/wp\/v2\/posts\/657187\/revisions"}],"wp:featuredmedia":[{"embeddable":true,"href":"https:\/\/www.europesays.com\/fr\/wp-json\/wp\/v2\/media\/657188"}],"wp:attachment":[{"href":"https:\/\/www.europesays.com\/fr\/wp-json\/wp\/v2\/media?parent=657187"}],"wp:term":[{"taxonomy":"category","embeddable":true,"href":"https:\/\/www.europesays.com\/fr\/wp-json\/wp\/v2\/categories?post=657187"},{"taxonomy":"post_tag","embeddable":true,"href":"https:\/\/www.europesays.com\/fr\/wp-json\/wp\/v2\/tags?post=657187"}],"curies":[{"name":"wp","href":"https:\/\/api.w.org\/{rel}","templated":true}]}}