{"id":657193,"date":"2026-01-12T00:04:11","date_gmt":"2026-01-12T00:04:11","guid":{"rendered":"https:\/\/www.europesays.com\/fr\/657193\/"},"modified":"2026-01-12T00:04:11","modified_gmt":"2026-01-12T00:04:11","slug":"coalition-au-pouvoir-divisee-sur-laccord-commercial-ue-mercosur","status":"publish","type":"post","link":"https:\/\/www.europesays.com\/fr\/657193\/","title":{"rendered":"Coalition au pouvoir divis\u00e9e sur l\u2019accord commercial UE-Mercosur"},"content":{"rendered":"<p data-end=\"280\" data-start=\"0\" class=\"p-empty\">\u00a0<\/p>\n<blockquote>\n<p data-end=\"556\" data-start=\"282\">Le PSD demande au Premier ministre Ilie Bolojan de clarifier s\u2019il \u00e9tait inform\u00e9 du mandat donn\u00e9 au repr\u00e9sentant roumain, affirmant que l\u2019accord ne comporte \u00ab aucune clause claire garantissant la protection des agriculteurs roumains face aux importations d\u2019Am\u00e9rique latine \u00bb.<\/p>\n<\/blockquote>\n<p data-end=\"1192\" data-start=\"558\">\u00ab Le ministre de l\u2019Agriculture, Florin Barbu (PSD), a averti \u00e0 plusieurs reprises que signer l\u2019accord sans ces garanties nuirait gravement \u00e0 l\u2019agriculture roumaine. (\u2026) Il est scandaleux que les ministres USR des Affaires \u00e9trang\u00e8res et de l\u2019\u00c9conomie aient approuv\u00e9 le m\u00e9morandum sur l\u2019accord UE-Mercosur sans consulter les agriculteurs roumains et sans tenir compte des objections du minist\u00e8re de l\u2019Agriculture \u00bb, affirme encore le PSD, ajoutant qu\u2019il utilisera \u00ab tous les leviers et proc\u00e9dures disponibles au Parlement europ\u00e9en pour amender l\u2019accord UE-Mercosur afin de prot\u00e9ger les int\u00e9r\u00eats des agriculteurs roumains et europ\u00e9ens \u00bb.<\/p>\n<p data-end=\"1415\" data-start=\"1194\">La position du PSD rejoint celle de l\u2019AUR. George Simion a employ\u00e9 une rh\u00e9torique similaire, qualifiant l\u2019accord de \u00ab trahison des agriculteurs europ\u00e9ens \u00bb et de mesure \u00ab contraire aux int\u00e9r\u00eats des producteurs roumains \u00bb.<\/p>\n<p data-end=\"1672\" data-start=\"1417\">Cependant, la porte-parole du gouvernement avait d\u00e9j\u00e0 expliqu\u00e9 que \u00ab la Roumanie a vot\u00e9 en faveur de l\u2019accord Mercosur apr\u00e8s avoir, avec d\u2019autres pays europ\u00e9ens, demand\u00e9 et obtenu des garanties suppl\u00e9mentaires destin\u00e9es \u00e0 prot\u00e9ger les march\u00e9s nationaux \u00bb.<\/p>\n<p data-end=\"1764\" data-start=\"1674\">Nicu\u0219or Dan : Nous avons obtenu des concessions majeures par rapport \u00e0 la version initiale<\/p>\n<p data-end=\"2317\" data-start=\"1766\">Nicu\u0219or Dan a \u00e9galement r\u00e9agi peu apr\u00e8s la signature de l\u2019accord, soulignant son implication dans les n\u00e9gociations avec d\u2019autres dirigeants europ\u00e9ens ces derni\u00e8res semaines, \u00ab afin que la Roumanie et l\u2019UE obtiennent des avantages commerciaux dans des secteurs \u00e9conomiques cl\u00e9s tout en soutenant les agriculteurs roumains et le commerce agroalimentaire. Pour les secteurs sensibles, nous avons obtenu, apr\u00e8s des discussions successives avec nos homologues europ\u00e9ens, une s\u00e9rie de concessions importantes par rapport \u00e0 la version initiale de l\u2019accord. \u00bb<\/p>\n<p data-end=\"2343\" data-start=\"2319\">D\u00e9claration du pr\u00e9sident<\/p>\n<p data-end=\"2708\" data-start=\"2345\">L\u2019accord Mercosur pr\u00e9voit l\u2019\u00e9limination des droits de douane sur 91 % des produits import\u00e9s de l\u2019UE, permettant \u00e0 la Roumanie d\u2019exporter de mani\u00e8re comp\u00e9titive des produits dans des secteurs cl\u00e9s tels que les \u00e9quipements de transport (en particulier les composants automobiles), les dispositifs m\u00e9caniques et \u00e9lectriques, les produits m\u00e9talliques et les textiles.<\/p>\n<p data-end=\"2981\" data-start=\"2710\">Le nouvel accord augmentera \u00e9galement les exportations roumaines de services vers Mercosur et renforcera l\u2019acc\u00e8s du pays \u00e0 des mati\u00e8res premi\u00e8res essentielles, un avantage strat\u00e9gique r\u00e9duisant la d\u00e9pendance envers d\u2019autres sources pouvant devenir des leviers politiques.<\/p>\n<p data-end=\"3202\" data-start=\"2983\">La baisse des droits d\u2019importation cr\u00e9e aussi des opportunit\u00e9s pour l\u2019agroalimentaire roumain. Parmi les indications g\u00e9ographiques europ\u00e9ennes prot\u00e9g\u00e9es sur les march\u00e9s Mercosur, 15 sont des produits agricoles roumains.<\/p>\n<p data-end=\"3387\" data-start=\"3204\">La lib\u00e9ralisation reste encadr\u00e9e par des quotas : maximum 1,5 % de la production annuelle de l\u2019UE pour le b\u0153uf et 1,3 % pour la volaille, l\u2019exc\u00e9dent restant soumis aux tarifs actuels.<\/p>\n<p data-end=\"3550\" data-start=\"3389\">Une clause de sauvegarde bilat\u00e9rale a \u00e9t\u00e9 incluse, permettant de freiner imm\u00e9diatement les importations lorsqu\u2019une hausse soudaine menace les producteurs locaux.<\/p>\n<p data-end=\"3843\" data-start=\"3552\">Autrement dit, le commerce est encourag\u00e9, mais la protection est assur\u00e9e lorsque n\u00e9cessaire, notamment via l\u2019application des normes europ\u00e9ennes aux produits agroalimentaires import\u00e9s. Pour les pesticides ou autres substances, tous les produits doivent respecter les standards \u00e9lev\u00e9s de l\u2019UE.<\/p>\n<p data-end=\"4040\" data-start=\"3845\">Au-del\u00e0 de l\u2019accord lui-m\u00eame, et \u00e0 la suite des demandes de la Roumanie, la Commission europ\u00e9enne allouera jusqu\u2019\u00e0 45 milliards d\u2019euros suppl\u00e9mentaires issus de la marge de flexibilit\u00e9 de la PAC.<\/p>\n<p data-end=\"4252\" data-is-last-node=\"\" data-is-only-node=\"\" data-start=\"4042\">En conclusion, gr\u00e2ce \u00e0 la baisse des droits de douane, la Roumanie gagnera de nouveaux march\u00e9s \u00e0 l\u2019export tout en prot\u00e9geant son agriculture. Cet accord n\u00e9goci\u00e9 par l\u2019UE repr\u00e9sente une opportunit\u00e9 pour le pays.<\/p>\n<p data-end=\"4252\" data-is-last-node=\"\" data-is-only-node=\"\" data-start=\"4042\" class=\"p-empty\">\u00a0<\/p>\n<p data-end=\"4252\" data-is-last-node=\"\" data-is-only-node=\"\" data-start=\"4042\">Source : <a href=\"https:\/\/www.romaniajournal.ro\/politics\/ruling-coalition-split-over-eu-mercosur-trade-deal\/\" target=\"_blank\" rel=\"noopener\">Romania Journal.ro<\/a><\/p>\n","protected":false},"excerpt":{"rendered":"\u00a0 Le PSD demande au Premier ministre Ilie Bolojan de clarifier s\u2019il \u00e9tait inform\u00e9 du mandat donn\u00e9 au&hellip;\n","protected":false},"author":2,"featured_media":657194,"comment_status":"","ping_status":"","sticky":false,"template":"","format":"standard","meta":{"footnotes":""},"categories":[1586],"tags":[11,1777,674,1779,1011,27,12,25,1778,364],"class_list":{"0":"post-657193","1":"post","2":"type-post","3":"status-publish","4":"format-standard","5":"has-post-thumbnail","7":"category-europe","8":"tag-actualites","9":"tag-eu","10":"tag-europe","11":"tag-european-union","12":"tag-fr","13":"tag-france","14":"tag-news","15":"tag-republique-francaise","16":"tag-ue","17":"tag-union-europeenne"},"share_on_mastodon":{"url":"https:\/\/pubeurope.com\/@fr\/115879206158628412","error":""},"_links":{"self":[{"href":"https:\/\/www.europesays.com\/fr\/wp-json\/wp\/v2\/posts\/657193","targetHints":{"allow":["GET"]}}],"collection":[{"href":"https:\/\/www.europesays.com\/fr\/wp-json\/wp\/v2\/posts"}],"about":[{"href":"https:\/\/www.europesays.com\/fr\/wp-json\/wp\/v2\/types\/post"}],"author":[{"embeddable":true,"href":"https:\/\/www.europesays.com\/fr\/wp-json\/wp\/v2\/users\/2"}],"replies":[{"embeddable":true,"href":"https:\/\/www.europesays.com\/fr\/wp-json\/wp\/v2\/comments?post=657193"}],"version-history":[{"count":0,"href":"https:\/\/www.europesays.com\/fr\/wp-json\/wp\/v2\/posts\/657193\/revisions"}],"wp:featuredmedia":[{"embeddable":true,"href":"https:\/\/www.europesays.com\/fr\/wp-json\/wp\/v2\/media\/657194"}],"wp:attachment":[{"href":"https:\/\/www.europesays.com\/fr\/wp-json\/wp\/v2\/media?parent=657193"}],"wp:term":[{"taxonomy":"category","embeddable":true,"href":"https:\/\/www.europesays.com\/fr\/wp-json\/wp\/v2\/categories?post=657193"},{"taxonomy":"post_tag","embeddable":true,"href":"https:\/\/www.europesays.com\/fr\/wp-json\/wp\/v2\/tags?post=657193"}],"curies":[{"name":"wp","href":"https:\/\/api.w.org\/{rel}","templated":true}]}}