{"id":657212,"date":"2026-01-12T00:18:21","date_gmt":"2026-01-12T00:18:21","guid":{"rendered":"https:\/\/www.europesays.com\/fr\/657212\/"},"modified":"2026-01-12T00:18:21","modified_gmt":"2026-01-12T00:18:21","slug":"cahors-alain-croullebois-sous-le-signe-du-sens-et-de-la-contemplation","status":"publish","type":"post","link":"https:\/\/www.europesays.com\/fr\/657212\/","title":{"rendered":"Cahors. Alain Croullebois sous le signe du sens et de la contemplation"},"content":{"rendered":"<p>\n                                                                    l&rsquo;essentiel<br \/>\n                                                                \u00c0 la Maison de Ma r\u00e9gion de Cahors, la R\u00e9gion Occitanie a inaugur\u00e9 l\u2019ann\u00e9e culturelle 2026 avec le vernissage de l\u2019exposition \u00ab\u00a0Un sens de vie\u2026\u00a0\u00bb d\u2019Alain Croullebois. Une invitation \u00e0 la contemplation et au l\u00e2cher-prise.\n                            <\/p>\n<p>La Maison de Ma r\u00e9gion \u00e0 Cahors a accueilli le vernissage de l\u2019exposition \u00ab\u00a0Un sens de vie\u2026\u00a0\u00bb, du peintre Alain Croullebois, ce jeudi 8 janvier. Genevi\u00e8ve Lasfargues, conseill\u00e8re r\u00e9gionale d\u2019Occitanie, a ouvert la soir\u00e9e en soulignant \u00ab\u00a0le plaisir de commencer cette ann\u00e9e 2026 sous le signe de la lumi\u00e8re, du partage et du sens\u00a0\u00bb.<\/p>\n<p>\u00ab\u00a0Accueillir l\u2019artiste, a-t-elle rappel\u00e9, ce n\u2019est pas seulement exposer des toiles, mais inviter \u00e0 un voyage int\u00e9rieur, \u00e0 ralentir et \u00e0 ressentir\u00a0\u00bb. Elle a retrac\u00e9 le parcours singulier d\u2019Alain Croullebois, marqu\u00e9 par les influences des Beatles, l\u2019esprit de Mai 68 et une qu\u00eate de libert\u00e9 qui l\u2019a conduit, il y a vingt ans, \u00e0 quitter une carri\u00e8re de directeur de cr\u00e9ation pour se consacrer pleinement \u00e0 une d\u00e9marche artistique et spirituelle inspir\u00e9e des grands ma\u00eetres d\u2019Orient.<\/p>\n<p>R\u00e9alis\u00e9es \u00e0 l\u2019acrylique sur toile de lin, les \u0153uvres pr\u00e9sent\u00e9es utilisent la technique du pointillisme, h\u00e9rit\u00e9e de Georges Seurat. \u00c0 travers la s\u00e9rie \u00ab\u00a0Dissolutions-Fusion\u00a0\u00bb, l\u2019artiste explore l\u2019impermanence, les cycles vie-mort-renaissance et les \u00e9nergies qui composent notre nature profonde. Les formes, volontairement \u00e9pur\u00e9es, laissent appara\u00eetre des figures \u00e0 peine sugg\u00e9r\u00e9es, symboles de l\u2019universalit\u00e9 humaine, et invitent le regardeur \u00e0 une immersion sensible, au croisement du corps et de l\u2019\u00e2me.<\/p>\n<p>Prenant la parole, Alain Croullebois a \u00e9voqu\u00e9 une \u0153uvre issue de son cheminement personnel et de l\u2019observation des vibrations \u00e9mises par chacun. \u00ab\u00a0Au-del\u00e0 du mental, \u00e0 l\u2019origine de nos diff\u00e9rences et de nos conflits, il existe un espace int\u00e9rieur de paix\u00a0\u00bb, a-t-il expliqu\u00e9, insistant sur la n\u00e9cessit\u00e9 d\u2019accepter que rien n\u2019est fig\u00e9 et que tout est mouvement. Cette notion d\u2019impermanence traverse l\u2019ensemble de ses tableaux, jusque dans leurs titres, tous porteurs du suffixe \u00ab\u00a0\u2013 ion\u00a0\u00bb, sugg\u00e9rant un \u00e9lan vers l\u2019essentiel.<\/p>\n<p>Par cette exposition, pr\u00e9sent\u00e9e jusqu\u2019au 5 f\u00e9vrier, la r\u00e9gion Occitanie r\u00e9affirme son attachement \u00e0 une culture vivante, accessible et proche des territoires, dans la continuit\u00e9 des Journ\u00e9es ateliers d\u2019artistes accueillies en 2023<\/p>\n<p>Contact : <a href=\"https:\/\/www.ladepeche.fr\/2026\/01\/11\/mailto:a.croullebois@orange.fr\" target=\"_blank\" rel=\"noopener\">a.croullebois@orange.fr<\/a>. T\u00e9l. 06 07 38 28 04.<\/p>\n","protected":false},"excerpt":{"rendered":"l&rsquo;essentiel \u00c0 la Maison de Ma r\u00e9gion de Cahors, la R\u00e9gion Occitanie a inaugur\u00e9 l\u2019ann\u00e9e culturelle 2026 avec&hellip;\n","protected":false},"author":2,"featured_media":657213,"comment_status":"","ping_status":"","sticky":false,"template":"","format":"standard","meta":{"footnotes":""},"categories":[1358],"tags":[1348,1384,1385,70521,872,1386,58,59,1349,1011,27,20064],"class_list":{"0":"post-657212","1":"post","2":"type-post","3":"status-publish","4":"format-standard","5":"has-post-thumbnail","7":"category-arts-et-design","8":"tag-arts","9":"tag-arts-and-design","10":"tag-arts-et-design","11":"tag-cahors","12":"tag-culture-et-loisirs","13":"tag-design","14":"tag-divertissement","15":"tag-entertainment","16":"tag-expositions","17":"tag-fr","18":"tag-france","19":"tag-lot"},"share_on_mastodon":{"url":"https:\/\/pubeurope.com\/@fr\/115879261175486133","error":""},"_links":{"self":[{"href":"https:\/\/www.europesays.com\/fr\/wp-json\/wp\/v2\/posts\/657212","targetHints":{"allow":["GET"]}}],"collection":[{"href":"https:\/\/www.europesays.com\/fr\/wp-json\/wp\/v2\/posts"}],"about":[{"href":"https:\/\/www.europesays.com\/fr\/wp-json\/wp\/v2\/types\/post"}],"author":[{"embeddable":true,"href":"https:\/\/www.europesays.com\/fr\/wp-json\/wp\/v2\/users\/2"}],"replies":[{"embeddable":true,"href":"https:\/\/www.europesays.com\/fr\/wp-json\/wp\/v2\/comments?post=657212"}],"version-history":[{"count":0,"href":"https:\/\/www.europesays.com\/fr\/wp-json\/wp\/v2\/posts\/657212\/revisions"}],"wp:featuredmedia":[{"embeddable":true,"href":"https:\/\/www.europesays.com\/fr\/wp-json\/wp\/v2\/media\/657213"}],"wp:attachment":[{"href":"https:\/\/www.europesays.com\/fr\/wp-json\/wp\/v2\/media?parent=657212"}],"wp:term":[{"taxonomy":"category","embeddable":true,"href":"https:\/\/www.europesays.com\/fr\/wp-json\/wp\/v2\/categories?post=657212"},{"taxonomy":"post_tag","embeddable":true,"href":"https:\/\/www.europesays.com\/fr\/wp-json\/wp\/v2\/tags?post=657212"}],"curies":[{"name":"wp","href":"https:\/\/api.w.org\/{rel}","templated":true}]}}