{"id":657218,"date":"2026-01-12T00:22:26","date_gmt":"2026-01-12T00:22:26","guid":{"rendered":"https:\/\/www.europesays.com\/fr\/657218\/"},"modified":"2026-01-12T00:22:26","modified_gmt":"2026-01-12T00:22:26","slug":"le-kaiju-legendaire-de-retour-sur-grand-ecran","status":"publish","type":"post","link":"https:\/\/www.europesays.com\/fr\/657218\/","title":{"rendered":"le kaiju l\u00e9gendaire de retour sur grand \u00e9cran"},"content":{"rendered":"<p class=\"chapo\">Apr\u00e8s le succ\u00e8s critique et commercial du pr\u00e9c\u00e9dent opus, Toho mise sur un film encore plus spectaculaire.<\/p>\n<p>Tl;dr<\/p>\n<ul>\n<li>Godzilla Minus Zero b\u00e9n\u00e9ficiera d\u2019une sortie mondiale quasi simultan\u00e9e, d\u00e8s novembre 2026 au Japon, aux \u00c9tats-Unis et au Canada, une premi\u00e8re pour la franchise Toho.<\/li>\n<li>Takashi Yamazaki reprend la r\u00e9alisation et les effets visuels, avec le soutien des studios Robot et Shirogumi, tandis que le sc\u00e9nario reste encore secret.<\/li>\n<li>La franchise Godzilla poursuit son expansion, avec la saison 2 de Monarch: Legacy of Monsters en f\u00e9vrier, Godzilla x Kong: Supernova en mars 2027, et un plan d\u2019investissement d\u2019un milliard de dollars pour renforcer sa pr\u00e9sence mondiale.<\/li>\n<\/ul>\n<p>Une sortie internationale historique pour Godzilla<\/p>\n<p>Si l\u2019on s\u2019y attendait, l\u2019officialisation a tout de m\u00eame cr\u00e9\u00e9 l\u2019\u00e9v\u00e9nement : le prochain opus de la saga, <a href=\"https:\/\/www.24matins.fr\/godzilla-minus-zero-prepare-lere-sombre-du-kaiju-1397903\" target=\"_blank\" rel=\"noopener\"><strong>Godzilla Minus Zero<\/strong><\/a>, b\u00e9n\u00e9ficiera d\u2019une sortie mondiale presque simultan\u00e9e. Au Japon, le public pourra d\u00e9couvrir le film d\u00e8s le 3 novembre 2026, tandis qu\u2019aux \u00c9tats-Unis et au Canada, il sera projet\u00e9 \u00e0 partir du 6 novembre 2026. Une premi\u00e8re pour cette franchise mythique initi\u00e9e par TOHO, qui entend ainsi frapper fort sur la sc\u00e8ne internationale.<\/p>\n<p>Takashi Yamazaki reprend la r\u00e9alisation et les effets visuels<\/p>\n<p>Le triomphe critique et commercial de Godzilla Minus One, consid\u00e9r\u00e9 comme l\u2019un des plus grands succ\u00e8s de Toho\u00a0en 70 ans d\u2019existence du monstre, appelait forc\u00e9ment un prolongement. D\u00e8s l\u2019annonce du projet en 2024, peu apr\u00e8s la victoire du film aux Oscars, les sp\u00e9culations se sont multipli\u00e9es autour de cette suite baptis\u00e9e Godzilla Minus Zero. Aux commandes, on retrouve \u00e0 nouveau Takashi Yamazaki, r\u00e9alisateur, sc\u00e9nariste et superviseur des effets visuels sur l\u2019\u00e9pisode pr\u00e9c\u00e9dent.<\/p>\n<p>Pour accompagner cette nouvelle \u00e9tape, la production s\u2019appuie sur les studios Robot\u00a0et la soci\u00e9t\u00e9 d\u2019effets sp\u00e9ciaux Shirogumi. Aucune information n\u2019a pour l\u2019instant filtr\u00e9 concernant le sc\u00e9nario ou la nature exacte du lien avec le volet pr\u00e9c\u00e9dent. N\u00e9anmoins, la diffusion rapproch\u00e9e entre les march\u00e9s japonais et nord-am\u00e9ricains laisse entrevoir une strat\u00e9gie r\u00e9solument globale.<\/p>\n<p>Une actualit\u00e9 dense pour la franchise Godzilla<\/p>\n<p>Dans le sillage de ce lancement tr\u00e8s attendu, la franchise Godzilla conna\u00eet une actualit\u00e9 particuli\u00e8rement dense. La s\u00e9rie\u00a0Monarch: Legacy of Monsters, d\u00e9velopp\u00e9e par Legendary et diffus\u00e9e sur Apple TV+, reviendra d\u00e8s f\u00e9vrier prochain pour une deuxi\u00e8me saison riche de dix \u00e9pisodes. Parall\u00e8lement, le MonsterVerse verra d\u00e9barquer en mars 2027 un autre poids lourd, \u00e0 savoir\u00a0Godzilla x Kong: Supernova. Il faut dire que les ambitions affich\u00e9es sont consid\u00e9rables ; il y a peu encore, Toho\u00a0\u00e9voquait un plan d\u2019investissement estim\u00e9 \u00e0 un milliard de dollars pour renforcer sa pr\u00e9sence mondiale.<\/p>\n<p>Une synchronisation des sorties qui fait r\u00eaver les fans<\/p>\n<p>Pour ceux qui suivent depuis toujours les aventures du kaij\u016b l\u00e9gendaire, cette synchronisation des sorties a tout d\u2019une petite r\u00e9volution. Selon plusieurs indiscr\u00e9tions relay\u00e9es fin 2023, le tournage du nouveau chapitre serait pr\u00e9vu d\u00e8s l\u2019\u00e9t\u00e9 2025, pour une sortie maintenue \u00e0 2026. L\u2019excitation est palpable : d\u00e9sormais, il ne reste plus qu\u2019\u00e0 patienter avant de retrouver sur grand \u00e9cran ce symbole incontournable du cin\u00e9ma fantastique japonais.<\/p>\n","protected":false},"excerpt":{"rendered":"Apr\u00e8s le succ\u00e8s critique et commercial du pr\u00e9c\u00e9dent opus, Toho mise sur un film encore plus spectaculaire. Tl;dr&hellip;\n","protected":false},"author":2,"featured_media":657219,"comment_status":"","ping_status":"","sticky":false,"template":"","format":"standard","meta":{"footnotes":""},"categories":[1354],"tags":[58,59,1346,1011,27,1360],"class_list":{"0":"post-657218","1":"post","2":"type-post","3":"status-publish","4":"format-standard","5":"has-post-thumbnail","7":"category-films","8":"tag-divertissement","9":"tag-entertainment","10":"tag-films","11":"tag-fr","12":"tag-france","13":"tag-movies"},"share_on_mastodon":{"url":"https:\/\/pubeurope.com\/@fr\/115879276957722435","error":""},"_links":{"self":[{"href":"https:\/\/www.europesays.com\/fr\/wp-json\/wp\/v2\/posts\/657218","targetHints":{"allow":["GET"]}}],"collection":[{"href":"https:\/\/www.europesays.com\/fr\/wp-json\/wp\/v2\/posts"}],"about":[{"href":"https:\/\/www.europesays.com\/fr\/wp-json\/wp\/v2\/types\/post"}],"author":[{"embeddable":true,"href":"https:\/\/www.europesays.com\/fr\/wp-json\/wp\/v2\/users\/2"}],"replies":[{"embeddable":true,"href":"https:\/\/www.europesays.com\/fr\/wp-json\/wp\/v2\/comments?post=657218"}],"version-history":[{"count":0,"href":"https:\/\/www.europesays.com\/fr\/wp-json\/wp\/v2\/posts\/657218\/revisions"}],"wp:featuredmedia":[{"embeddable":true,"href":"https:\/\/www.europesays.com\/fr\/wp-json\/wp\/v2\/media\/657219"}],"wp:attachment":[{"href":"https:\/\/www.europesays.com\/fr\/wp-json\/wp\/v2\/media?parent=657218"}],"wp:term":[{"taxonomy":"category","embeddable":true,"href":"https:\/\/www.europesays.com\/fr\/wp-json\/wp\/v2\/categories?post=657218"},{"taxonomy":"post_tag","embeddable":true,"href":"https:\/\/www.europesays.com\/fr\/wp-json\/wp\/v2\/tags?post=657218"}],"curies":[{"name":"wp","href":"https:\/\/api.w.org\/{rel}","templated":true}]}}