{"id":657230,"date":"2026-01-12T00:28:17","date_gmt":"2026-01-12T00:28:17","guid":{"rendered":"https:\/\/www.europesays.com\/fr\/657230\/"},"modified":"2026-01-12T00:28:17","modified_gmt":"2026-01-12T00:28:17","slug":"equateur-cinq-tetes-humaines-exhibees-sur-une-plage-touristique-avec-un-mot-de-mise-en-garde","status":"publish","type":"post","link":"https:\/\/www.europesays.com\/fr\/657230\/","title":{"rendered":"\u00c9quateur\u00a0: cinq t\u00eates humaines exhib\u00e9es sur une plage touristique avec un mot de mise en garde"},"content":{"rendered":"<p class=\"paragraph text_align_left lp-f-body-02\">Une mise en sc\u00e8ne macabre. La police \u00e9quatorienne a indiqu\u00e9 dimanche enqu\u00eater apr\u00e8s la d\u00e9couverte de cinq t\u00eates humaines exhib\u00e9es suspendues, et accompagn\u00e9es d\u2019un mot de mise en garde, sur une plage touristique du sud-ouest de <a href=\"https:\/\/www.leparisien.fr\/international\/des-traces-de-balles-sur-la-voiture-le-president-de-lequateur-indemne-apres-une-attaque-sur-le-cortege-presidentiel-08-10-2025-C7NFW7SA3VHQJJBSTTXO6TOFZQ.php\" target=\"_self\" rel=\"noopener\">l\u2019\u00c9quateur<\/a> r\u00e9cemment secou\u00e9 par une vague de violences.<\/p>\n<p class=\"\">Dimanche, des images circulaient sur les r\u00e9seaux sociaux montrant cinq t\u00eates attach\u00e9es avec des cordes \u00e0 deux poteaux en bois, face \u00e0 la mer, au milieu du sable. \u00c0 c\u00f4t\u00e9, est inscrit sur une planche de bois un message mena\u00e7ant destin\u00e9 \u00e0 des membres de gangs qui extorquent commer\u00e7ants et habitants en \u00e9change d\u2019une suppos\u00e9e protection.<\/p>\n<p class=\"\">La d\u00e9couverte macabre a \u00e9t\u00e9 faite \u00e0 Puerto Lopez, dans la province de Manai qui est une destination populaire pour <a href=\"https:\/\/www.leparisien.fr\/animaux\/le-chant-des-baleines-ressemble-au-langage-humain-en-plus-efficace-06-02-2025-AE4KEGS2EVAUZEP6FDT6PYELM4.php\" target=\"_self\" rel=\"noopener\">l\u2019observation des baleines<\/a> et o\u00f9 fin d\u00e9cembre neuf personnes ont \u00e9t\u00e9 tu\u00e9es, dont un b\u00e9b\u00e9, dans des violences attribu\u00e9es par les autorit\u00e9s \u00e0 des affrontements entre bandes rivales.<\/p>\n<p>Recrudescence de violence<\/p>\n<p class=\"\">L\u2019\u00c9quateur, situ\u00e9 entre les deux principaux exportateurs mondiaux de coca\u00efne, la Colombie et le P\u00e9rou, a connu une <a href=\"https:\/\/www.leparisien.fr\/faits-divers\/equateur-les-corps-de-quatre-ados-disparus-retrouves-calcines-larmee-mise-en-cause-et-16-soldats-interpelles-31-12-2024-SB3SCHLEFZA7TGYAYQRCPROENU.php\" target=\"_self\" rel=\"noopener\">recrudescence de la violence<\/a> due aux luttes entre gangs criminels li\u00e9s aux cartels mexicains et colombiens.<\/p>\n<p class=\"lp-card-podcast-highlighting__title  lp-f-subtitle-05\">[2\/2] Affaire \u00c9velyne Boucher\u00a0: deux d\u00e9cennies pour \u00e9tablir la v\u00e9rit\u00e9<\/p>\n<p><a class=\"lp-card-podcast-highlighting__call-to-action\" data-page-type=\"HP\" data-block-name=\"podcast-highlight\">\u00c9couter<\/a><\/p>\n<p class=\"\">En d\u00e9pit de la politique de lutte contre le crime organis\u00e9 du <a href=\"https:\/\/www.leparisien.fr\/international\/le-president-equatorien-allie-de-trump-dans-sa-guerre-contre-la-drogue-desavoue-dans-les-urnes-17-11-2025-5XORDX7MMBEQHDQ2SYWGRBK4VU.php\" target=\"_self\" rel=\"noopener\">pr\u00e9sident \u00e9quatorien Daniel Noboa<\/a>, plus de 4 600 meurtres ont \u00e9t\u00e9 commis pendant les six premiers mois de l\u2019ann\u00e9e 2025 dans ce pays d\u2019un peu plus de 18 millions d\u2019habitants, soit une hausse de 47 % par rapport \u00e0 la m\u00eame p\u00e9riode de l\u2019ann\u00e9e 2024.<\/p>\n","protected":false},"excerpt":{"rendered":"Une mise en sc\u00e8ne macabre. La police \u00e9quatorienne a indiqu\u00e9 dimanche enqu\u00eater apr\u00e8s la d\u00e9couverte de cinq t\u00eates&hellip;\n","protected":false},"author":2,"featured_media":657231,"comment_status":"","ping_status":"","sticky":false,"template":"","format":"standard","meta":{"footnotes":""},"categories":[5],"tags":[11,118,1011,27,14,12,28],"class_list":{"0":"post-657230","1":"post","2":"type-post","3":"status-publish","4":"format-standard","5":"has-post-thumbnail","7":"category-international","8":"tag-actualites","9":"tag-faits-divers","10":"tag-fr","11":"tag-france","12":"tag-international","13":"tag-news","14":"tag-world"},"share_on_mastodon":{"url":"https:\/\/pubeurope.com\/@fr\/115879300592274969","error":""},"_links":{"self":[{"href":"https:\/\/www.europesays.com\/fr\/wp-json\/wp\/v2\/posts\/657230","targetHints":{"allow":["GET"]}}],"collection":[{"href":"https:\/\/www.europesays.com\/fr\/wp-json\/wp\/v2\/posts"}],"about":[{"href":"https:\/\/www.europesays.com\/fr\/wp-json\/wp\/v2\/types\/post"}],"author":[{"embeddable":true,"href":"https:\/\/www.europesays.com\/fr\/wp-json\/wp\/v2\/users\/2"}],"replies":[{"embeddable":true,"href":"https:\/\/www.europesays.com\/fr\/wp-json\/wp\/v2\/comments?post=657230"}],"version-history":[{"count":0,"href":"https:\/\/www.europesays.com\/fr\/wp-json\/wp\/v2\/posts\/657230\/revisions"}],"wp:featuredmedia":[{"embeddable":true,"href":"https:\/\/www.europesays.com\/fr\/wp-json\/wp\/v2\/media\/657231"}],"wp:attachment":[{"href":"https:\/\/www.europesays.com\/fr\/wp-json\/wp\/v2\/media?parent=657230"}],"wp:term":[{"taxonomy":"category","embeddable":true,"href":"https:\/\/www.europesays.com\/fr\/wp-json\/wp\/v2\/categories?post=657230"},{"taxonomy":"post_tag","embeddable":true,"href":"https:\/\/www.europesays.com\/fr\/wp-json\/wp\/v2\/tags?post=657230"}],"curies":[{"name":"wp","href":"https:\/\/api.w.org\/{rel}","templated":true}]}}