{"id":657268,"date":"2026-01-12T00:54:11","date_gmt":"2026-01-12T00:54:11","guid":{"rendered":"https:\/\/www.europesays.com\/fr\/657268\/"},"modified":"2026-01-12T00:54:11","modified_gmt":"2026-01-12T00:54:11","slug":"ce-scenario-catastrophe-qui-pourrait-le-priver-de-la-qualification","status":"publish","type":"post","link":"https:\/\/www.europesays.com\/fr\/657268\/","title":{"rendered":"ce sc\u00e9nario catastrophe qui pourrait le priver de la qualification"},"content":{"rendered":"<p>                    Par<br \/>\n        <strong><br \/>\n            <a href=\"https:\/\/actu.fr\/auteur\/nicolas-dendri-actu-fr\" title=\"Consulter tous les articles de Nicolas Dendri\" target=\"_blank\" rel=\"noopener\">Nicolas Dendri<\/a><br \/>\n                    <\/strong><\/p>\n<p>        Publi\u00e9 le<\/p>\n<p>            11 janv. 2026 \u00e0 20h50        <\/p>\n<p>Le pi\u00e8ge des <strong>Saracens<\/strong> s\u2019est referm\u00e9 sur <a href=\"https:\/\/actu.fr\/toulouse\/\" target=\"_blank\" rel=\"noopener\">Toulouse<\/a> \u00e0 Londres. Les hommes d\u2019Ugo Mola se sont inclin\u00e9s <strong>20-14<\/strong> contre les Anglais\u00a0ce dimanche 11 janvier. Apr\u00e8s Glasgow (28-21) le 13 d\u00e9cembre dernier, c\u2019est la deuxi\u00e8me d\u00e9faite des Toulousains cette saison en <a href=\"https:\/\/actu.fr\/rugby\/coupe-deurope\" target=\"_blank\" rel=\"noopener\">Champions Cup<\/a>. Ce qui ne leur garantit pas encore une qualification pour les phases finales. Tout se jouera dans une semaine.\u00a0<\/p>\n<p>Toulouse doit gagner contre Sale\u00a0<\/p>\n<p class=\" wall-content\">Apr\u00e8s cette 3e journ\u00e9e, Toulouse occupe la<strong> 4e place<\/strong> de sa poule avec six points au compteur. Une situation synonyme de qualification pour la suite de la comp\u00e9tition. Mais, les Rouge et Noir sont talonn\u00e9s de pr\u00e8s par les <strong>Sharks<\/strong> sud-africains, cinqui\u00e8mes, qui ont accumul\u00e9 cinq points.\u00a0<\/p>\n<p class=\" wall-content\">Pour la derni\u00e8re journ\u00e9e des phases de poule, Toulouse re\u00e7oit <strong>Sale<\/strong> samedi 17 janvier \u00e0 Ernest-Wallon. Un succ\u00e8s de la bande d\u2019Antoine Dupont leur assurerait une qualification en huiti\u00e8me de finale.\u00a0<\/p>\n<p>Un sc\u00e9nario catastrophe pour Toulouse\u00a0<\/p>\n<p class=\" wall-content\">En cas de d\u00e9faite, un sc\u00e9nario serait catastrophique pour le Stade toulousain. La suite de leur parcours en Champions Cup d\u00e9pendrait du r\u00e9sultat de <strong>Clermont<\/strong> face aux <strong>Sharks<\/strong> de Durban. Une victoire des Auvergnats en Afrique du Sud permettrait aux sextuples champion d\u2019Europe d\u2019assurer leur place en huiti\u00e8me de finale.<\/p>\n<p class=\" wall-content\">En revanche, un succ\u00e8s face aux Clermontois suffirait aux Sud-Africains pour d\u00e9passer et sortir les Toulousains de la comp\u00e9tition lors de la derni\u00e8re journ\u00e9e. Une \u00e9limination qui n\u2019a plus \u00e9t\u00e9 constat\u00e9e depuis la saison 2015-2016 o\u00f9 Toulouse s\u2019\u00e9tait fait sortir de la coupe d\u2019Europe \u00e0 la fin de la phase de poule.\u00a0<\/p>\n<p>Un huiti\u00e8me de finale \u00e0 domicile toujours possible<\/p>\n<p class=\" wall-content\">Du pire au meilleur, il n\u2019y a qu\u2019un pas pour les Toulousains qui peuvent encore esp\u00e9rer un <strong>huiti\u00e8me de finale \u00e0 domicile<\/strong>. \u00c0 cinq points des places qui permettent d\u2019accueillir son adversaire au d\u00e9but des phases finales, Toulouse doit gagner avec un point de bonus offensif contre Sale la semaine prochaine.\u00a0<\/p>\n<p class=\" wall-content\">Une performance qui ne sera pas suffisante. Le reste d\u00e9pendra des performances des Harlequins \u00e0 La Rochelle, de Bath \u00e0 \u00c9dimbourg ou de Northampton chez les Scarlets. Sur la r\u00e9ception du huiti\u00e8me de finale, Julien Marchand et ses co\u00e9quipiers n\u2019ont clairement pas leur destin entre leurs mains. Mais l\u2019urgence est ailleurs pour les Stadistes\u2026\u00a0<\/p>\n<p class=\" wall-content\">Personnalisez votre actualit\u00e9 en ajoutant vos villes et m\u00e9dias en favori avec <a href=\"https:\/\/moncompte.actu.fr\" title=\"D\u00e9couvez Mon Actu\" rel=\"nofollow noopener\" data-trk=\"{&quot;cta&quot;:{&quot;action&quot;:&quot;https:\\\/\\\/moncompte.actu.fr&quot;,&quot;category&quot;:&quot;mon compte&quot;,&quot;from&quot;:&quot;article footer&quot;,&quot;name&quot;:&quot;Mon actu&quot;,&quot;type&quot;:&quot;cta&quot;}}\" target=\"_blank\">Mon Actu<\/a>.<\/p>\n","protected":false},"excerpt":{"rendered":"Par Nicolas Dendri Publi\u00e9 le 11 janv. 2026 \u00e0 20h50 Le pi\u00e8ge des Saracens s\u2019est referm\u00e9 sur Toulouse&hellip;\n","protected":false},"author":2,"featured_media":657269,"comment_status":"","ping_status":"","sticky":false,"template":"","format":"standard","meta":{"footnotes":""},"categories":[2816],"tags":[1111,11,3460,1089,1777,674,1011,27,12,2680,3788,25,479,60,476,2312],"class_list":{"0":"post-657268","1":"post","2":"type-post","3":"status-publish","4":"format-standard","5":"has-post-thumbnail","7":"category-toulouse","8":"tag-actu","9":"tag-actualites","10":"tag-champions-cup","11":"tag-coupe-deurope","12":"tag-eu","13":"tag-europe","14":"tag-fr","15":"tag-france","16":"tag-news","17":"tag-occitanie","18":"tag-pro","19":"tag-republique-francaise","20":"tag-rugby","21":"tag-sports","22":"tag-stade-toulousain","23":"tag-toulouse"},"share_on_mastodon":{"url":"https:\/\/pubeurope.com\/@fr\/115879402712562092","error":""},"_links":{"self":[{"href":"https:\/\/www.europesays.com\/fr\/wp-json\/wp\/v2\/posts\/657268","targetHints":{"allow":["GET"]}}],"collection":[{"href":"https:\/\/www.europesays.com\/fr\/wp-json\/wp\/v2\/posts"}],"about":[{"href":"https:\/\/www.europesays.com\/fr\/wp-json\/wp\/v2\/types\/post"}],"author":[{"embeddable":true,"href":"https:\/\/www.europesays.com\/fr\/wp-json\/wp\/v2\/users\/2"}],"replies":[{"embeddable":true,"href":"https:\/\/www.europesays.com\/fr\/wp-json\/wp\/v2\/comments?post=657268"}],"version-history":[{"count":0,"href":"https:\/\/www.europesays.com\/fr\/wp-json\/wp\/v2\/posts\/657268\/revisions"}],"wp:featuredmedia":[{"embeddable":true,"href":"https:\/\/www.europesays.com\/fr\/wp-json\/wp\/v2\/media\/657269"}],"wp:attachment":[{"href":"https:\/\/www.europesays.com\/fr\/wp-json\/wp\/v2\/media?parent=657268"}],"wp:term":[{"taxonomy":"category","embeddable":true,"href":"https:\/\/www.europesays.com\/fr\/wp-json\/wp\/v2\/categories?post=657268"},{"taxonomy":"post_tag","embeddable":true,"href":"https:\/\/www.europesays.com\/fr\/wp-json\/wp\/v2\/tags?post=657268"}],"curies":[{"name":"wp","href":"https:\/\/api.w.org\/{rel}","templated":true}]}}