{"id":657270,"date":"2026-01-12T00:56:13","date_gmt":"2026-01-12T00:56:13","guid":{"rendered":"https:\/\/www.europesays.com\/fr\/657270\/"},"modified":"2026-01-12T00:56:13","modified_gmt":"2026-01-12T00:56:13","slug":"lille-lyon-ca-se-passe-encore-mieux-que-ce-que-jimaginais-les-premiers-mots-dendrick-apres-son-but-et-sa-victoire-avec-lol","status":"publish","type":"post","link":"https:\/\/www.europesays.com\/fr\/657270\/","title":{"rendered":"Lille-Lyon: \u00ab\u00a0\u00c7a se passe encore mieux que ce que j&rsquo;imaginais\u00a0\u00bb, les premiers mots d&rsquo;Endrick apr\u00e8s son but et sa victoire avec l&rsquo;OL"},"content":{"rendered":"<p class=\"mb-4 text-lg md:leading-8 break-words\">Tous les regards \u00e9taient braqu\u00e9s sur lui. Et force est de constater qu&rsquo;Endrick a su faire face \u00e0 la pression <a href=\"https:\/\/rmcsport.bfmtv.com\/football\/coupe-de-france\/direct-lille-lyon-suivez-le-match-choc-des-16es-de-finale-de-coupe-de-france-entre-le-losc-et-l-ol-en-live_LS-202601110278.html\" rel=\"nofollow noopener\" target=\"_blank\" data-ylk=\"slk:ce dimanche face \u00e0 Lille en 16es de finale de la Coupe de France (victoire 1-2);elm:context_link;itc:0;sec:content-canvas\" class=\"link \">ce dimanche face \u00e0 Lille en 16es de finale de la Coupe de France (victoire 1-2)<\/a>. De nombreuses tentatives de frappes, des d\u00e9placements, de l&rsquo;activit\u00e9 et, surtout, <a href=\"https:\/\/fr.news.yahoo.com\/sport\/lille-lyon-endrick-ouvre-d%C3%A9j%C3%A0-211556035.html\" data-ylk=\"slk:un but inscrit \u00e0 la 43e minute;elm:context_link;itc:0;sec:content-canvas;outcm:mb_qualified_link;_E:mb_qualified_link;ct:story;\" class=\"link  yahoo-link\" target=\"_blank\" rel=\"noopener\">un but inscrit \u00e0 la 43e minute<\/a> sur une belle d\u00e9viation de son capitaine Corentin Tolisso&#8230; Le jeune Br\u00e9silien de 19 ans, arriv\u00e9 en pr\u00eat du Real Madrid il y a quelques jours, a r\u00e9ussi sa premi\u00e8re sous les couleurs lyonnaises.<\/p>\n<p>\u00ab\u00a0Cela se passe vraiment tr\u00e8s bien, encore mieux que ce que j&rsquo;imaginais\u00a0\u00bb<\/p>\n<p class=\"mb-4 text-lg md:leading-8 break-words\">D\u00e9j\u00e0 auteur d&rsquo;une belle tentative quelques minutes pr\u00e9c\u00e9dant son but, qui a touch\u00e9 le poteau lillois, le nouveau num\u00e9ro neuf de l&rsquo;OL a donc ouvert son compteur en (<a href=\"https:\/\/fr.news.yahoo.com\/sport\/coupe-france-liste-qualifi%C3%A9s-huiti%C3%A8mes-201827474.html\" data-ylk=\"slk:Coupe de) France;elm:context_link;itc:0;sec:content-canvas;outcm:mb_qualified_link;_E:mb_qualified_link;ct:story;\" class=\"link  yahoo-link\" target=\"_blank\" rel=\"noopener\">Coupe de) France<\/a> et celui-ci semblait tr\u00e8s largement satisfait au coup de sifflet final. Interrog\u00e9 sur BeIn Sports, Endrick a \u00e9voqu\u00e9 son int\u00e9gration r\u00e9ussie :<\/p>\n<p class=\"mb-4 text-lg md:leading-8 break-words\">\u00ab\u00a0Je suis tr\u00e8s heureux. <a href=\"https:\/\/rmcsport.bfmtv.com\/football\/ligue-1\/video-losc-1-2-ol-les-comms-rmc-de-la-rencontre-avec-le-premier-but-d-endrick-avec-lyon_VN-202601110357.html\" rel=\"nofollow noopener\" target=\"_blank\" data-ylk=\"slk:C&#039;\u00e9tait mon premier match, premier but.;elm:context_link;itc:0;sec:content-canvas\" class=\"link \">C&rsquo;\u00e9tait mon premier match, premier but.<\/a> Le plus important, c&rsquo;est cette victoire, de passer au prochain tour. On savait que ce serait un match difficile. Je remercie Dieu d&rsquo;avoir pu revenir sur le terrain, jouer, sourire. Cela se passe vraiment tr\u00e8s bien, encore mieux que ce que j&rsquo;imaginais. Je parle un peu anglais, je peux parler et plaisanter avec l&rsquo;\u00e9quipe. Je parle avec tout le monde, je me sens comme \u00e0 la maison. Je suis tr\u00e8s heureux, je remercie le staff et mes co\u00e9quipiers qui m&rsquo;ont bien re\u00e7u. J&rsquo;ai dit \u00e0 l&rsquo;entra\u00eeneur: je veux jouer, quel que soit le poste, et aider l&rsquo;\u00e9quipe de n&rsquo;importe quelle mani\u00e8re possible. Je pense que c&rsquo;est ce que j&rsquo;ai fait aujourd&rsquo;hui et je veux le faire encore plus. <a href=\"https:\/\/rmcsport.bfmtv.com\/football\/ligue-1\/video-losc-1-2-ol-des-caracteristiques-qu-il-manque-a-notre-equipe-fonseca-satisfait-des-debuts-d-endrick_VN-202601110367.html\" rel=\"nofollow noopener\" target=\"_blank\" data-ylk=\"slk:Ce que je veux c&#039;est gagner, les buts viendront;elm:context_link;itc:0;sec:content-canvas\" class=\"link \">Ce que je veux c&rsquo;est gagner, les buts viendront<\/a>. Mais que l&rsquo;\u00e9quipe gagne, c&rsquo;est le plus important. Je veux aider l&rsquo;\u00e9quipe \u00e0 tous les niveaux.\u00a0\u00bb<\/p>\n<p class=\"mb-4 text-lg md:leading-8 break-words\">Le week-end prochain, le Br\u00e9silien aura une nouvelle chance de briller lors de la r\u00e9ception de Brest lors de la 18e journ\u00e9e de Ligue 1. L&rsquo;occasion, dans le m\u00eame temps, de faire trembler les filets du championnat de France pour la premi\u00e8re fois.<\/p>\n<p class=\"mb-4 text-lg md:leading-8 break-words\"><a href=\"https:\/\/rmcsport.bfmtv.com\/football\/coupe-de-france\/lille-lyon-ca-se-passe-encore-mieux-que-ce-que-j-imaginais-les-premiers-mots-d-endrick-apres-son-but-et-sa-victoire-avec-l-ol_AV-202601110369.html#xtor=AL-68\" rel=\"nofollow noopener\" target=\"_blank\" data-ylk=\"slk:Article original publi\u00e9 sur RMC Sport;elm:context_link;itc:0;sec:content-canvas\" class=\"link \">Article original publi\u00e9 sur RMC Sport<\/a><\/p>\n","protected":false},"excerpt":{"rendered":"Tous les regards \u00e9taient braqu\u00e9s sur lui. Et force est de constater qu&rsquo;Endrick a su faire face \u00e0&hellip;\n","protected":false},"author":2,"featured_media":657271,"comment_status":"","ping_status":"","sticky":false,"template":"","format":"standard","meta":{"footnotes":""},"categories":[2815],"tags":[1111,11,3450,64783,1777,674,17996,1011,27,811,75958,1307,12,4790,25,6564,75959],"class_list":{"0":"post-657270","1":"post","2":"type-post","3":"status-publish","4":"format-standard","5":"has-post-thumbnail","7":"category-lille","8":"tag-actu","9":"tag-actualites","10":"tag-brest","11":"tag-endrick","12":"tag-eu","13":"tag-europe","14":"tag-finale-de-la-coupe-de-france","15":"tag-fr","16":"tag-france","17":"tag-hauts-de-france","18":"tag-l39equipe","19":"tag-lille","20":"tag-news","21":"tag-real-madrid","22":"tag-republique-francaise","23":"tag-su","24":"tag-tres-bien"},"share_on_mastodon":{"url":"https:\/\/pubeurope.com\/@fr\/115879410700848280","error":""},"_links":{"self":[{"href":"https:\/\/www.europesays.com\/fr\/wp-json\/wp\/v2\/posts\/657270","targetHints":{"allow":["GET"]}}],"collection":[{"href":"https:\/\/www.europesays.com\/fr\/wp-json\/wp\/v2\/posts"}],"about":[{"href":"https:\/\/www.europesays.com\/fr\/wp-json\/wp\/v2\/types\/post"}],"author":[{"embeddable":true,"href":"https:\/\/www.europesays.com\/fr\/wp-json\/wp\/v2\/users\/2"}],"replies":[{"embeddable":true,"href":"https:\/\/www.europesays.com\/fr\/wp-json\/wp\/v2\/comments?post=657270"}],"version-history":[{"count":0,"href":"https:\/\/www.europesays.com\/fr\/wp-json\/wp\/v2\/posts\/657270\/revisions"}],"wp:featuredmedia":[{"embeddable":true,"href":"https:\/\/www.europesays.com\/fr\/wp-json\/wp\/v2\/media\/657271"}],"wp:attachment":[{"href":"https:\/\/www.europesays.com\/fr\/wp-json\/wp\/v2\/media?parent=657270"}],"wp:term":[{"taxonomy":"category","embeddable":true,"href":"https:\/\/www.europesays.com\/fr\/wp-json\/wp\/v2\/categories?post=657270"},{"taxonomy":"post_tag","embeddable":true,"href":"https:\/\/www.europesays.com\/fr\/wp-json\/wp\/v2\/tags?post=657270"}],"curies":[{"name":"wp","href":"https:\/\/api.w.org\/{rel}","templated":true}]}}