{"id":657276,"date":"2026-01-12T00:59:10","date_gmt":"2026-01-12T00:59:10","guid":{"rendered":"https:\/\/www.europesays.com\/fr\/657276\/"},"modified":"2026-01-12T00:59:10","modified_gmt":"2026-01-12T00:59:10","slug":"13e-edition-festival-rencontres-sport-litterature-et-cinema","status":"publish","type":"post","link":"https:\/\/www.europesays.com\/fr\/657276\/","title":{"rendered":"13e \u00e9dition festival : Rencontres Sport, Litt\u00e9rature et Cin\u00e9ma"},"content":{"rendered":"<p>Rendez-vous du mercredi 28 janvier au samedi 31 janvier 2026, \u00e0 l&rsquo;Institut Lumi\u00e8re \u00e0 Lyon.<\/p>\n<p>Depuis 2014, le festival \u00ab\u00a0<b>Sport, Litt\u00e9rature et Cin\u00e9ma<\/b>\u00a0\u00bb s&rsquo;est impos\u00e9 comme un \u00e9v\u00e9nement qui interroge les liens entre le sport et la culture et entre la culture et le sport.<\/p>\n<p>Mercredi 28 janvier \u00e0 18h30 &#8211; Soir\u00e9e d&rsquo;ouverture<\/p>\n<p>Avant-programme de lancement de Sport, Litt\u00e9rature et Cin\u00e9ma 2026<\/p>\n<p>Projection du documentaire <b>Louves<\/b> en pr\u00e9sence du r\u00e9alisateur C\u00e9dric Balaguier et de tous les invit\u00e9s !<\/p>\n<p>Vendredi 30 janvier<\/p>\n<p>Une rencontre et une avant-premi\u00e8re<\/p>\n<p>\u00c0 18h : Rencontre autour de la montagne et du ski avec C\u00e9dric Sapin-Defour, auteur de Son odeur apr\u00e8s la pluie (Stock), O\u00f9 les \u00e9toiles tombent (Stock, 2025) et L&rsquo;Art de la trace (Transbor\u00e9al, 2020) <\/p>\n<p>\u00c0 19h45 : AVANT-PREMI\u00c8RE<br \/>Christy de David Mich\u00f4d (2h15)<br \/>Le r\u00e9alisateur du tr\u00e8s culte Animal Kingdom dirige dans Christy une Sydney Sweeney m\u00e9connaissable et toute en puissance. Un uppercut !<\/p>\n<p>Film pr\u00e9sent\u00e9 en avant-premi\u00e8re de sa sortie en salles le 4 mars. <\/p>\n<p>Rendez-vous du mercredi 28 janvier au samedi 31 janvier 2026, \u00e0 l&rsquo;Institut Lumi\u00e8re \u00e0 Lyon<\/p>\n<p>Infos pratiques :<br \/>&#8211; Adresse : Rue du Premier Film, 69008 Lyon<br \/>&#8211; Billetterie et programme complet sur le site <a class=\"url\" href=\"https:\/\/www.institut-lumiere.org\/13e-rencontres-sport-litterature-et-cinema\" target=\"_blank\" rel=\"noopener\">Institut Lumi\u00e8re<\/a><\/p>\n<p>Radio SCOOP est partenaire de l&rsquo;\u00e9v\u00e8nement<\/p>\n<tr>\n<td class=\"defaut\"><a href=\"https:\/\/www.radioscoop.com\/agenda\/javascript:void(0)\" onclick=\"parent.RS.diaporama.addMedia(722024) ;\" target=\"_blank\" rel=\"noopener\"><img loading=\"lazy\" decoding=\"async\" src=\"https:\/\/www.europesays.com\/fr\/wp-content\/uploads\/2026\/01\/1768179550_136_img.jpeg\" width=\"433\" height=\"640\" border=\"0\" title=\"13e Rencontres Sport, Litt\u00e9rature et Cin\u00e9ma\"\/><\/a><\/td>\n<\/tr>\n<p><\/p>\n","protected":false},"excerpt":{"rendered":"Rendez-vous du mercredi 28 janvier au samedi 31 janvier 2026, \u00e0 l&rsquo;Institut Lumi\u00e8re \u00e0 Lyon. Depuis 2014, le&hellip;\n","protected":false},"author":2,"featured_media":657277,"comment_status":"","ping_status":"","sticky":false,"template":"","format":"standard","meta":{"footnotes":""},"categories":[1889],"tags":[1111,11,2430,1972,75961,1777,674,2087,1349,849,1011,27,75960,14783,11864,2428,12,19914,10270,25,37134,517],"class_list":{"0":"post-657276","1":"post","2":"type-post","3":"status-publish","4":"format-standard","5":"has-post-thumbnail","7":"category-lyon","8":"tag-actu","9":"tag-actualites","10":"tag-auvergne-rhone-alpes","11":"tag-cinma","12":"tag-colloques","13":"tag-eu","14":"tag-europe","15":"tag-evenement","16":"tag-expositions","17":"tag-festival","18":"tag-fr","19":"tag-france","20":"tag-institut-lumire","21":"tag-librairie","22":"tag-littrature","23":"tag-lyon","24":"tag-news","25":"tag-projections","26":"tag-rencontres","27":"tag-republique-francaise","28":"tag-signatures","29":"tag-sport"},"share_on_mastodon":{"url":"https:\/\/pubeurope.com\/@fr\/115879422534145976","error":""},"_links":{"self":[{"href":"https:\/\/www.europesays.com\/fr\/wp-json\/wp\/v2\/posts\/657276","targetHints":{"allow":["GET"]}}],"collection":[{"href":"https:\/\/www.europesays.com\/fr\/wp-json\/wp\/v2\/posts"}],"about":[{"href":"https:\/\/www.europesays.com\/fr\/wp-json\/wp\/v2\/types\/post"}],"author":[{"embeddable":true,"href":"https:\/\/www.europesays.com\/fr\/wp-json\/wp\/v2\/users\/2"}],"replies":[{"embeddable":true,"href":"https:\/\/www.europesays.com\/fr\/wp-json\/wp\/v2\/comments?post=657276"}],"version-history":[{"count":0,"href":"https:\/\/www.europesays.com\/fr\/wp-json\/wp\/v2\/posts\/657276\/revisions"}],"wp:featuredmedia":[{"embeddable":true,"href":"https:\/\/www.europesays.com\/fr\/wp-json\/wp\/v2\/media\/657277"}],"wp:attachment":[{"href":"https:\/\/www.europesays.com\/fr\/wp-json\/wp\/v2\/media?parent=657276"}],"wp:term":[{"taxonomy":"category","embeddable":true,"href":"https:\/\/www.europesays.com\/fr\/wp-json\/wp\/v2\/categories?post=657276"},{"taxonomy":"post_tag","embeddable":true,"href":"https:\/\/www.europesays.com\/fr\/wp-json\/wp\/v2\/tags?post=657276"}],"curies":[{"name":"wp","href":"https:\/\/api.w.org\/{rel}","templated":true}]}}