{"id":657298,"date":"2026-01-12T01:12:05","date_gmt":"2026-01-12T01:12:05","guid":{"rendered":"https:\/\/www.europesays.com\/fr\/657298\/"},"modified":"2026-01-12T01:12:05","modified_gmt":"2026-01-12T01:12:05","slug":"recul-de-lexcedent-commercial-en-novembre","status":"publish","type":"post","link":"https:\/\/www.europesays.com\/fr\/657298\/","title":{"rendered":"recul de l&rsquo;exc\u00e9dent commercial en novembre"},"content":{"rendered":"<p>        &#13;<br \/>\n            <img decoding=\"async\" src=\"https:\/\/www.europesays.com\/fr\/wp-content\/uploads\/2026\/01\/820-c.jpg\" alt=\"bourse Cac 40\"\/><\/p>\n<p>(Zonebourse.com) &#8211; L&rsquo;exc\u00e9dent commercial de biens de l&rsquo;Allemagne s&rsquo;est \u00e9tabli \u00e0 13,1 milliards d&rsquo;euros en novembre 2025, en recul donc par rapport \u00e0 celui de 17,2 MdsEUR engrang\u00e9 le mois pr\u00e9c\u00e9dent (r\u00e9vis\u00e9 par rapport \u00e0 l&rsquo;estimation initiale de 16,9 MdsEUR).<\/p>\n<p>L&rsquo;office f\u00e9d\u00e9ral de statistiques, qui publie ces chiffres, pr\u00e9cise que les exportations allemandes se sont contract\u00e9es de 2,5% d&rsquo;un mois sur l&rsquo;autre, \u00e0 128,1 MdsEUR, alors que les importations ont augment\u00e9 de 0,8% \u00e0 115,1 MdsEUR.<\/p>\n<p>Par rapport au m\u00eame mois de 2024, l&rsquo;exc\u00e9dent commercial allemand a diminu\u00e9 d&rsquo;un tiers (-34,5%) en novembre 2025, une chute traduisant un tassement de 0,8% des exportations, mais surtout un bond de 5,4% des importations.<\/p>\n<p>Copyright \u00a9 2026 Zonebourse.com &#8211; All rights reserved.<\/p>\n<p>&#13;<br \/>\n            &#13;<\/p>\n<p>Vous avez aim\u00e9 cet article ? Partagez-le avec vos amis avec les boutons ci-dessous.<\/p>\n<p>        <a target=\"_blank\" title=\"Twitter\" href=\"https:\/\/twitter.com\/share?url=https:\/\/www.abcbourse.com\/marches\/allemagne-recul-de-l-excedent-commercial-en-novembre_685087&amp;text=Allemagne : recul de l&#039;exc\u00e9dent commercial en novembre&amp;via=abcbourse\" rel=\"nofollow noopener\">&#13;<br \/>\n            <img decoding=\"async\" src=\"https:\/\/www.europesays.com\/fr\/wp-content\/uploads\/2025\/12\/share_twitter.png\" class=\"mr10\" alt=\"Twitter\"\/>&#13;<br \/>\n        <\/a><br \/>\n        <a target=\"_blank\" title=\"Facebook\" href=\"https:\/\/www.facebook.com\/sharer.php?u=https:\/\/www.abcbourse.com\/marches\/allemagne-recul-de-l-excedent-commercial-en-novembre_685087&amp;t=Allemagne : recul de l&#039;exc\u00e9dent commercial en novembre\" rel=\"nofollow noopener\">&#13;<br \/>\n            <img decoding=\"async\" src=\"https:\/\/www.europesays.com\/fr\/wp-content\/uploads\/2025\/10\/share_fb.png\" alt=\"Facebook\" class=\"mr10\"\/>&#13;<br \/>\n        <\/a><br \/>\n        <a target=\"_blank\" title=\"Linkedin\" href=\"https:\/\/www.linkedin.com\/shareArticle?mini=true&amp;url=https:\/\/www.abcbourse.com\/marches\/allemagne-recul-de-l-excedent-commercial-en-novembre_685087&amp;title=Allemagne : recul de l&#039;exc\u00e9dent commercial en novembre\" rel=\"nofollow noopener\">&#13;<br \/>\n            <img decoding=\"async\" src=\"https:\/\/www.europesays.com\/fr\/wp-content\/uploads\/2025\/04\/share_linkedin.png\" alt=\"Linkedin\" class=\"mr10\"\/>&#13;<br \/>\n        <\/a><br \/>\n        <a target=\"_blank\" title=\"Envoyer par mail\" href=\"http:\/\/www.abcbourse.com\/cdn-cgi\/l\/email-protection#2e115d5b4c444b4d5a136f42424b434f49404b0e140e5c4b4d5b420e4a4b0e42094b564ded874a4b405a0e4d4143434b5c4d474f420e4b400e4041584b434c5c4b084c414a5713465a5a5e5d140101595959004f4c4d4c415b5c5d4b004d414301434f5c4d464b5d014f42424b434f49404b035c4b4d5b42034a4b0342034b564d4b4a4b405a034d4143434b5c4d474f42034b40034041584b434c5c4b7118161b1e1619\" rel=\"nofollow noopener\">&#13;<br \/>\n            <img decoding=\"async\" src=\"https:\/\/www.europesays.com\/fr\/wp-content\/uploads\/2025\/10\/share_email.png\" alt=\"email\"\/>&#13;<br \/>\n        <\/a><br \/>\n    <script async src=\"https:\/\/platform.twitter.com\/widgets.js\" charset=\"utf-8\"><\/script><\/p>\n","protected":false},"excerpt":{"rendered":"&#13; (Zonebourse.com) &#8211; L&rsquo;exc\u00e9dent commercial de biens de l&rsquo;Allemagne s&rsquo;est \u00e9tabli \u00e0 13,1 milliards d&rsquo;euros en novembre 2025,&hellip;\n","protected":false},"author":2,"featured_media":636409,"comment_status":"","ping_status":"","sticky":false,"template":"","format":"standard","meta":{"footnotes":""},"categories":[1587],"tags":[11,672,1804,1805,1803,1777,674,1801,12,1802],"class_list":{"0":"post-657298","1":"post","2":"type-post","3":"status-publish","4":"format-standard","5":"has-post-thumbnail","7":"category-allemagne","8":"tag-actualites","9":"tag-allemagne","10":"tag-bundesrepublik-deutschland","11":"tag-de","12":"tag-deutschland","13":"tag-eu","14":"tag-europe","15":"tag-germany","16":"tag-news","17":"tag-republique-federale-dallemagne"},"share_on_mastodon":{"url":"https:\/\/pubeurope.com\/@fr\/115879474943195968","error":""},"_links":{"self":[{"href":"https:\/\/www.europesays.com\/fr\/wp-json\/wp\/v2\/posts\/657298","targetHints":{"allow":["GET"]}}],"collection":[{"href":"https:\/\/www.europesays.com\/fr\/wp-json\/wp\/v2\/posts"}],"about":[{"href":"https:\/\/www.europesays.com\/fr\/wp-json\/wp\/v2\/types\/post"}],"author":[{"embeddable":true,"href":"https:\/\/www.europesays.com\/fr\/wp-json\/wp\/v2\/users\/2"}],"replies":[{"embeddable":true,"href":"https:\/\/www.europesays.com\/fr\/wp-json\/wp\/v2\/comments?post=657298"}],"version-history":[{"count":0,"href":"https:\/\/www.europesays.com\/fr\/wp-json\/wp\/v2\/posts\/657298\/revisions"}],"wp:featuredmedia":[{"embeddable":true,"href":"https:\/\/www.europesays.com\/fr\/wp-json\/wp\/v2\/media\/636409"}],"wp:attachment":[{"href":"https:\/\/www.europesays.com\/fr\/wp-json\/wp\/v2\/media?parent=657298"}],"wp:term":[{"taxonomy":"category","embeddable":true,"href":"https:\/\/www.europesays.com\/fr\/wp-json\/wp\/v2\/categories?post=657298"},{"taxonomy":"post_tag","embeddable":true,"href":"https:\/\/www.europesays.com\/fr\/wp-json\/wp\/v2\/tags?post=657298"}],"curies":[{"name":"wp","href":"https:\/\/api.w.org\/{rel}","templated":true}]}}