{"id":657299,"date":"2026-01-12T01:13:13","date_gmt":"2026-01-12T01:13:13","guid":{"rendered":"https:\/\/www.europesays.com\/fr\/657299\/"},"modified":"2026-01-12T01:13:13","modified_gmt":"2026-01-12T01:13:13","slug":"dominique-trinquand-les-etats-unis-sont-certainement-un-concurrent-pour-leurope","status":"publish","type":"post","link":"https:\/\/www.europesays.com\/fr\/657299\/","title":{"rendered":"Dominique Trinquand : \u00ab Les \u00c9tats-Unis sont certainement un concurrent pour l&rsquo;Europe&#8230;\u00a0\u00bb"},"content":{"rendered":"<p style=\"text-align: justify;\">Le g\u00e9n\u00e9ral\u00a0<strong>Dominique Trinquand<\/strong>, ancien chef de la mission militaire fran\u00e7aise aupr\u00e8s de l\u2019ONU, est un\u00a0sp\u00e9cialiste reconnu des questions de d\u00e9fense et de diplomatie (son \u00e9clairant dernier ouvrage en date,\u00a0<a data-ob-kind=\"custom\" href=\"https:\/\/www.lisez.com\/livres\/dun-monde-lautre\/9782221276976\" target=\"_blank\" rel=\"noopener\">D\u2019un monde \u00e0 l\u2019autre<\/a>, est toujours disponible). En ce d\u00e9but 2026\u00a0extr\u00eamement mouvant sur le plan des rapports de force g\u00e9ostrat\u00e9giques (Venezuela, Iran, Cuba, Groenland), il a accept\u00e9 de prendre de son temps pour r\u00e9pondre <a data-ob-kind=\"custom\" href=\"https:\/\/parolesdactu.canalblog.com\/search\/Trinquand\/\" target=\"_blank\" rel=\"noopener\">une nouvelle fois \u00e0 mes questions<\/a>, je l\u2019en remercie. Exclu,\u00a0Paroles d\u2019Actu, par\u00a0<strong><a href=\"http:\/\/www.facebook.com\/nicolasjmroche\" target=\"_blank\" title=\"Nicolas Roche\" rel=\"noopener\">Nicolas Roche<\/a><\/strong>.<\/p>\n<p style=\"text-align: justify;\">\u00a0<\/p>\n<p style=\"text-align: center;\">EXCLU &#8211; PAROLES D\u2019ACTU (11\/01\/2025)<\/p>\n<p style=\"text-align: center;\"><strong>Dominique Trinquand :<\/strong> \u00ab Les \u00c9tats-Unis<\/p>\n<p style=\"text-align: center;\">\u00a0<\/p>\n<p style=\"text-align: center;\">sont certainement un concurrent<\/p>\n<p style=\"text-align: center;\">\u00a0<\/p>\n<p style=\"text-align: center;\">pour l\u2019Europe&#8230;\u00a0\u00bb<\/p>\n<p style=\"text-align: center;\">\u00a0<\/p>\n<p><img decoding=\"async\" alt=\"\" data-amp-height=\"548\" data-amp-width=\"344\" data-data-cke-saved-src=\"https:\/\/www.europesays.com\/fr\/wp-content\/uploads\/2026\/01\/image\/0405558\/20250301\/ob_052880_d-un-monde-a-l-autre.jpg\" src=\"https:\/\/www.europesays.com\/fr\/wp-content\/uploads\/2026\/01\/image\/0405558\/20250301\/ob_052880_d-un-monde-a-l-autre.jpg\"\/><\/p>\n<p style=\"text-align: center;\"><a data-ob-kind=\"custom\" href=\"https:\/\/www.lisez.com\/livres\/dun-monde-lautre\/9782221276976\" target=\"_blank\" rel=\"noopener\">D\u2019un monde \u00e0 l\u2019autre<\/a> (Robert Laffont, octobre 2024).<\/p>\n<p style=\"text-align: justify;\">\u00a0<\/p>\n<p style=\"text-align: justify;\"><strong>Un effondrement de la R\u00e9publique islamique en Iran serait, au regard de ce qui a fait l\u2019actualit\u00e9 des cinquante derni\u00e8res ann\u00e9es, un \u00e9v\u00e8nement consid\u00e9rable. Cette issue vous para\u00eet-elle probable \u00e0 ce stade, et quelles cons\u00e9quences aurait-elle, notamment \u00e0 l\u2019\u00e9chelle de la r\u00e9gion ?<\/strong><\/p>\n<p style=\"text-align: justify;\">\u00a0<\/p>\n<p style=\"text-align: justify;\">Je ne sais pas si elle est probable, mais elle est esp\u00e9r\u00e9e. Le r\u00e9gime des mollahs est un r\u00e9gime criminel pour le peuple iranien, mais aussi un facteur d\u2019instabilit\u00e9 dans la r\u00e9gion (Houthis, Hezbollah, Hamas, milices shiites irakiennes). Sa chute lib\u00e9rerait le peuple iranien et r\u00e9duirait les menaces envers Isra\u00ebl, elle permettrait de passer \u00e0 la suite du traitement de la question palestinienne. Ce serait une nouvelle d\u00e9faite majeure pour la Russie, son alli\u00e9e, apr\u00e8s le changement de r\u00e9gime en Syrie. Pour la Chine, ce serait la perte d\u2019un deuxi\u00e8me fournisseur essentiel de p\u00e9trole apr\u00e8s le Venezuela. En bref, un changement radical dans la g\u00e9opolitique actuelle.<\/p>\n<p style=\"text-align: justify;\">\u00a0<\/p>\n<p style=\"text-align: justify;\"><strong>La prise de contr\u00f4le assum\u00e9e, par l\u2019Am\u00e9rique de Trump, du Venezuela, est-elle de nature \u00e0 renforcer v\u00e9ritablement la mainmise de Washington sur l\u2019h\u00e9misph\u00e8re ouest, ou bien peut-elle au contraire accro\u00eetre la m\u00e9fiance et l\u2019hostilit\u00e9\u00a0de ces peuples envers les \u00c9tats-Unis ? Pos\u00e9 autrement : ont-ils fusill\u00e9 pour de bon le soft power dont ils pouvaient encore b\u00e9n\u00e9ficier dans la r\u00e9gion ?<\/strong><\/p>\n<p style=\"text-align: justify;\">\u00a0<\/p>\n<p style=\"text-align: justify;\">Oui, je pense que l\u2019administration U.S. est pass\u00e9e du soft power \u00e0 l\u2019usage de la force, ce qui ne manquera pas de susciter la m\u00e9fiance de nombreux pays, en particulier en Am\u00e9rique latine&#8230;<\/p>\n<p style=\"text-align: justify;\">\u00a0<\/p>\n<p style=\"text-align: justify;\"><strong>250 ans apr\u00e8s la d\u00e9claration d\u2019Ind\u00e9pendance de 1776, estimez-vous que la d\u00e9mocratie am\u00e9ricaine telle qu\u2019on l\u2019a plus ou moins connue depuis lors, est aujourd\u2019hui en grave danger ?<\/strong><\/p>\n<p style=\"text-align: justify;\">\u00a0<\/p>\n<p style=\"text-align: justify;\">La d\u00e9mocratie am\u00e9ricaine est menac\u00e9e par la vision \u00ab\u00a0morale\u00a0\u00bb du pr\u00e9sident Trump, selon ses propres termes&#8230;<\/p>\n<p style=\"text-align: justify;\">\u00a0<\/p>\n<p style=\"text-align: justify;\"><strong>Est-ce que les \u00c9tats-Unis, sous Trump, s\u2019inscrivent v\u00e9ritablement dans une logique imp\u00e9riale, qui en ferait de mani\u00e8re assum\u00e9e un pr\u00e9dateur comme les autres, et faut-il qu\u2019en Europe on en tire les cons\u00e9quences ? Qu\u2019on int\u00e8gre l\u2019id\u00e9e que les Am\u00e9ricains ne sont plus nos alli\u00e9s ? Qu\u2019on se r\u00e9arme, en envisageant que notre partenaire historique m\u00eame puisse \u00eatre demain un adversaire ?<\/strong><\/p>\n<p style=\"text-align: justify;\">\u00a0<\/p>\n<p style=\"text-align: justify;\">Oui, les \u00c9tats-Unis ont une vision imp\u00e9riale. Les Europ\u00e9ens doivent r\u00e9aliser qu\u2019ils doivent assurer leur d\u00e9fense\u00a0seuls, non pas pour s\u2019\u00e9tendre, mais pour se prot\u00e9ger. Cela ne veut pas dire que les \u00c9tats-Unis sont un adversaire, mais certainement un concurrent&#8230;<\/p>\n<p style=\"text-align: justify;\">\u00a0<\/p>\n<p style=\"text-align: justify;\"><strong>Comment l\u2019Europe doit-elle tirer son \u00e9pingle du jeu face aux r\u00e9alit\u00e9s nouvelles du monde ? Porter haut nos principes, nos valeurs, notre conception de l\u2019\u00c9tat de droit et du droit international, cela sera-t-il toujours, y compris aupr\u00e8s des autres peuples du monde, un atout majeur dans notre manche ?<\/strong><\/p>\n<p style=\"text-align: justify;\">\u00a0<\/p>\n<p style=\"text-align: justify;\">Oui c\u2019est un atout majeur, mais il faut commencer par d\u00e9finir quelles sont ces valeurs, et nos principes. Concernant l\u2019\u00c9tat de droit, celui-ci ne doit pas \u00eatre \u00e0 g\u00e9om\u00e9trie variable, mais r\u00e9pondre aux int\u00e9r\u00eats europ\u00e9ens.<\/p>\n<p style=\"text-align: justify;\">\u00a0<\/p>\n<p style=\"text-align: justify;\"><strong>Un mot sur G\u00e9rard Chaliand, que j\u2019avais interview\u00e9 \u00e0 plusieurs reprises et qui nous a quitt\u00e9s l\u2019an dernier : que retiendrez-vous de sa personne, de sa pens\u00e9e ?<\/strong><\/p>\n<p style=\"text-align: justify;\">\u00a0<\/p>\n<p style=\"text-align: justify;\">Une volont\u00e9 extraordinaire et une curiosit\u00e9 permanente. Avec son exp\u00e9rience, il \u00e9tait une source de r\u00e9flexion merveilleuse&#8230;<\/p>\n<p style=\"text-align: justify;\">\u00a0<\/p>\n<p style=\"text-align: justify;\"><strong>Lors de notre <a data-ob-kind=\"custom\" href=\"https:\/\/parolesdactu.canalblog.com\/2025\/03\/dominique-trinquand-il-ne-faut-pas-imposer-notre-systeme-mais-le-rendre-admirable.html\" target=\"_blank\" rel=\"noopener\">pr\u00e9c\u00e9dent entretien<\/a>, vous m\u2019avez confi\u00e9 vouloir \u00e9crire votre histoire pour vos enfants et petits-enfants. Quels conseils auriez-vous envie de donner \u00e0 ces derniers, et \u00e0 tous les plus jeunes, pour les aider \u00e0 se pr\u00e9parer au mieux au monde toujours plus inqui\u00e9tant qui se dessine sous nos yeux ?<\/strong><\/p>\n<p style=\"text-align: justify;\">\u00a0<\/p>\n<p style=\"text-align: justify;\">La France dont nous avons h\u00e9rit\u00e9\u00a0est dans une aire europ\u00e9enne de prosp\u00e9rit\u00e9 extraordinaire. Elle m\u00e9rite d\u2019\u00eatre d\u00e9fendue et pour cela il faut \u00eatre fort, moralement, intellectuellement, physiquement. Il faut vous pr\u00e9parer \u00e0 mener des combats difficiles. Donnez-vous les instruments qui vous permettront de gagner.<\/p>\n<p style=\"text-align: justify;\">\u00a0<\/p>\n<p style=\"text-align: justify;\"><strong>Un dernier mot ?<\/strong><\/p>\n<p style=\"text-align: justify;\">\u00a0<\/p>\n<p style=\"text-align: justify;\">Le monde bouge.\u00a0Ne regardons pas en arri\u00e8re, mais donnons-nous les moyens de gagner le monde de demain.<\/p>\n<p style=\"text-align: justify;\">\u00a0<\/p>\n<p style=\"text-align: center;\">\u00a0<a href=\"https:\/\/storage.canalblog.com\/70\/81\/871067\/133966190_o.jpg\" name=\"IMG_133966190\" target=\"_blank\" rel=\"noopener\"><img decoding=\"async\" alt=\"Dominique Trinquand\" border=\"0\" class=\"width300 nonealign\" src=\"https:\/\/www.europesays.com\/fr\/wp-content\/uploads\/2026\/01\/133966190.jpg\"\/><\/a><\/p>\n<p style=\"text-align: center;\">\u00a0<\/p>\n<p class=\"yiv3156779394MsoNormal\" style=\"text-align: center;\"><a href=\"http:\/\/parolesdactu.canalblog.com\/archives\/2024\/01\/14\/40174968.html#comments\" target=\"_blank\" title=\"Commentaires\" rel=\"noopener\">Un commentaire ? Une r\u00e9action ?<\/a><\/p>\n<p class=\"yiv3156779394MsoNormal\" style=\"text-align: center;\">Suivez\u00a0<a href=\"http:\/\/parolesdactu.canalblog.com\/\" target=\"_blank\" title=\"Paroles d&#039;Actu\" rel=\"noopener\">Paroles d\u2019Actu<\/a>\u00a0via\u00a0<a href=\"https:\/\/www.facebook.com\/ParolesDActu\" target=\"_blank\" title=\"Facebook\" rel=\"noopener\">Facebook<\/a>,\u00a0<a href=\"https:\/\/twitter.com\/parolesdactu\" target=\"_blank\" title=\"Twitter\" rel=\"noopener\">Twitter<\/a>\u00a0et\u00a0<a href=\"https:\/\/www.linkedin.com\/in\/nicolas-roche-a34438b6\" target=\"_blank\" title=\"Linkedin\" rel=\"noopener\">Linkedin<\/a>&#8230; MERCI !<\/p>\n<p>    <script async src=\"https:\/\/platform.twitter.com\/widgets.js\" charset=\"utf-8\"><\/script><\/p>\n","protected":false},"excerpt":{"rendered":"Le g\u00e9n\u00e9ral\u00a0Dominique Trinquand, ancien chef de la mission militaire fran\u00e7aise aupr\u00e8s de l\u2019ONU, est un\u00a0sp\u00e9cialiste reconnu des questions&hellip;\n","protected":false},"author":2,"featured_media":657300,"comment_status":"","ping_status":"","sticky":false,"template":"","format":"standard","meta":{"footnotes":""},"categories":[1586],"tags":[11,1777,674,1011,27,12,25],"class_list":{"0":"post-657299","1":"post","2":"type-post","3":"status-publish","4":"format-standard","5":"has-post-thumbnail","7":"category-europe","8":"tag-actualites","9":"tag-eu","10":"tag-europe","11":"tag-fr","12":"tag-france","13":"tag-news","14":"tag-republique-francaise"},"share_on_mastodon":{"url":"https:\/\/pubeurope.com\/@fr\/115879477485644337","error":""},"_links":{"self":[{"href":"https:\/\/www.europesays.com\/fr\/wp-json\/wp\/v2\/posts\/657299","targetHints":{"allow":["GET"]}}],"collection":[{"href":"https:\/\/www.europesays.com\/fr\/wp-json\/wp\/v2\/posts"}],"about":[{"href":"https:\/\/www.europesays.com\/fr\/wp-json\/wp\/v2\/types\/post"}],"author":[{"embeddable":true,"href":"https:\/\/www.europesays.com\/fr\/wp-json\/wp\/v2\/users\/2"}],"replies":[{"embeddable":true,"href":"https:\/\/www.europesays.com\/fr\/wp-json\/wp\/v2\/comments?post=657299"}],"version-history":[{"count":0,"href":"https:\/\/www.europesays.com\/fr\/wp-json\/wp\/v2\/posts\/657299\/revisions"}],"wp:featuredmedia":[{"embeddable":true,"href":"https:\/\/www.europesays.com\/fr\/wp-json\/wp\/v2\/media\/657300"}],"wp:attachment":[{"href":"https:\/\/www.europesays.com\/fr\/wp-json\/wp\/v2\/media?parent=657299"}],"wp:term":[{"taxonomy":"category","embeddable":true,"href":"https:\/\/www.europesays.com\/fr\/wp-json\/wp\/v2\/categories?post=657299"},{"taxonomy":"post_tag","embeddable":true,"href":"https:\/\/www.europesays.com\/fr\/wp-json\/wp\/v2\/tags?post=657299"}],"curies":[{"name":"wp","href":"https:\/\/api.w.org\/{rel}","templated":true}]}}