{"id":657313,"date":"2026-01-12T01:25:11","date_gmt":"2026-01-12T01:25:11","guid":{"rendered":"https:\/\/www.europesays.com\/fr\/657313\/"},"modified":"2026-01-12T01:25:11","modified_gmt":"2026-01-12T01:25:11","slug":"la-meilleure-place-possible-pour-amandine-muller-actualite","status":"publish","type":"post","link":"https:\/\/www.europesays.com\/fr\/657313\/","title":{"rendered":"\u00ab La meilleure place possible \u00bb pour Amandine Muller &#8211; Actualit\u00e9"},"content":{"rendered":"<p>Sur les podiums du Championnat de France de cyclo-cross, elles \u00e9taient deux repr\u00e9sentantes d&rsquo;AS Bike Racing-France Literie : <strong><a href=\"https:\/\/www.directvelo.com\/coureur\/36873\/celia-gery\" target=\"_blank\" rel=\"noopener\">C\u00e9lia Gery<\/a><\/strong> en bleu-blanc-rouge mais aussi <strong><a href=\"https:\/\/www.directvelo.com\/coureur\/43366\/amandine-muller\" target=\"_blank\" rel=\"noopener\">Amandine Muller<\/a><\/strong> : <a href=\"https:\/\/www.directvelo.com\/actualite\/126360\/cc-championnat-de-france-elite-et-u23-femmes-celia-gery-1ere\" target=\"_blank\" rel=\"noopener\"><strong>en bronze chez les Elites et en argent chez les Espoirs<\/strong><\/a>. \u00ab\u00a0C\u2019est chouette de partager des moments comme \u00e7a\u00a0\u00bb.<\/p>\n<p><strong>\u00ab MERCREDI, J&rsquo;AI FAIT SIX D\u00c9PARTS \u00bb<\/strong><\/p>\n<p>Comme \u00e0 son habitude, l&rsquo;Alsacienne a pris un mauvais d\u00e9part. \u00ab\u00a0Mes d\u00e9parts sont toujours un peu trop prudents (rires). J\u2019ai fait une bonne premi\u00e8re ligne droite avant de me retrouver vers la 7e-8e place. J\u2019ai pu ensuite revenir dans le d\u00e9vers avant de remonter de place en place. <a href=\"https:\/\/www.directvelo.com\/actualite\/126137\/venue-pour-la-boue-et-la-course-a-pied-amandine-muller-signe-une-belle-remontee\" target=\"_blank\" rel=\"noopener\"><strong>C\u2019est souvent comme \u00e7a pour moi<\/strong><\/a>\u00ab\u00a0, explique-t-elle \u00e0 DirectVelo. Pourtant, la gagnante d&rsquo;une manche de Coupe de France \u00e0 Quelneuc tente de corriger ce handicap. \u00ab\u00a0Mercredi, j&rsquo;ai fait six d\u00e9parts mais je les fais seule\u00a0\u00bb, sourit-elle.<\/p>\n<p>Sur le circuit de Troyes, Amandine Muller a grignot\u00e9 les places petit \u00e0 petit. \u00ab\u00a0J\u2019ai r\u00e9ussi \u00e0 remonter. Je me suis fix\u00e9 des objectifs au fur et \u00e0 mesure : d\u2019abord reprendre Electa (Gallezot), puis Lauriane (Duraffourg). Le souci d\u2019Amandine (Fouquenet) avec sa chaussure a fait que je l\u2019avais toujours en point de mire, ce qui m&rsquo;a permis de relancer \u00e0 chaque fois, ajoute-t-elle. C\u2019\u00e9tait une tr\u00e8s belle course, tr\u00e8s dure techniquement. Le public \u00e9tait aussi nombreux, \u00e7a donnait pas mal d\u2019\u00e9nergie\u00a0\u00bb.<\/p>\n<p><strong>ELLE S&rsquo;EST TROMP\u00c9E D&rsquo;UN TOUR<\/strong><\/p>\n<p>Cette capacit\u00e9 \u00e0 relancer en fin de course lui vient peut-\u00eatre de sa pratique du VTT. \u00ab\u00a0En VTT, on fait des courses un peu plus longues. J\u2019ai peut-\u00eatre l\u2019habitude de faire des courses de 1h15 environ. Dans tous les cas, je suis meilleure sur les derniers tours\u00a0\u00bb. Et m\u00eame lorsqu&rsquo;elle en rajoute involontairement. \u00ab\u00a0J\u2019ai cru que l\u2019avant-dernier tour \u00e9tait le dernier et j\u2019ai un peu tout donn\u00e9 pour faire l\u2019\u00e9cart sur Lauriane. On n\u2019a finalement pas fini loin l\u2019une de l\u2019autre\u00a0\u00bb.<\/p>\n<p>Ces deux m\u00e9dailles r\u00e9compensent un bon d\u00e9but de saison avec, notamment, sa <a href=\"https:\/\/www.directvelo.com\/actualite\/125937\/la-patience-a-paye-pour-amandine-muller-et-celia-gery\" target=\"_blank\" rel=\"noopener\"><strong>9e place \u00e0 Namur<\/strong><\/a>. \u00ab\u00a0Sur ce Championnat de France, j\u2019ai fait la meilleure place possible\u00a0\u00bb.<\/p>\n","protected":false},"excerpt":{"rendered":"Sur les podiums du Championnat de France de cyclo-cross, elles \u00e9taient deux repr\u00e9sentantes d&rsquo;AS Bike Racing-France Literie :&hellip;\n","protected":false},"author":2,"featured_media":657314,"comment_status":"","ping_status":"","sticky":false,"template":"","format":"standard","meta":{"footnotes":""},"categories":[1411],"tags":[834,828,836,829,837,827,83,826,824,823,1154,207,814,817,815,816,822,821,832,211,839,1011,27,820,818,819,835,831,830,833,838,60,212,208,825],"class_list":{"0":"post-657313","1":"post","2":"type-post","3":"status-publish","4":"format-standard","5":"has-post-thumbnail","7":"category-cyclisme","8":"tag-attaque","9":"tag-belgique","10":"tag-braquet","11":"tag-bretagne","12":"tag-chute","13":"tag-competition","14":"tag-coupe-de-france","15":"tag-coureur","16":"tag-course-cyclisme","17":"tag-course-cycliste","18":"tag-cycling","19":"tag-cyclisme","20":"tag-direct","21":"tag-direct-velo","22":"tag-directvelo","23":"tag-directvelo-com","24":"tag-epreuve","25":"tag-epreuve-cycliste","26":"tag-federation-francaise-de-cyclisme","27":"tag-ffc","28":"tag-flandres","29":"tag-fr","30":"tag-france","31":"tag-live","32":"tag-live-course","33":"tag-live-epreuve","34":"tag-peloton","35":"tag-radio-peloton","36":"tag-radio-tour","37":"tag-ravitaillement","38":"tag-relance","39":"tag-sports","40":"tag-uci","41":"tag-velo","42":"tag-velos"},"share_on_mastodon":{"url":"https:\/\/pubeurope.com\/@fr\/115879524669371718","error":""},"_links":{"self":[{"href":"https:\/\/www.europesays.com\/fr\/wp-json\/wp\/v2\/posts\/657313","targetHints":{"allow":["GET"]}}],"collection":[{"href":"https:\/\/www.europesays.com\/fr\/wp-json\/wp\/v2\/posts"}],"about":[{"href":"https:\/\/www.europesays.com\/fr\/wp-json\/wp\/v2\/types\/post"}],"author":[{"embeddable":true,"href":"https:\/\/www.europesays.com\/fr\/wp-json\/wp\/v2\/users\/2"}],"replies":[{"embeddable":true,"href":"https:\/\/www.europesays.com\/fr\/wp-json\/wp\/v2\/comments?post=657313"}],"version-history":[{"count":0,"href":"https:\/\/www.europesays.com\/fr\/wp-json\/wp\/v2\/posts\/657313\/revisions"}],"wp:featuredmedia":[{"embeddable":true,"href":"https:\/\/www.europesays.com\/fr\/wp-json\/wp\/v2\/media\/657314"}],"wp:attachment":[{"href":"https:\/\/www.europesays.com\/fr\/wp-json\/wp\/v2\/media?parent=657313"}],"wp:term":[{"taxonomy":"category","embeddable":true,"href":"https:\/\/www.europesays.com\/fr\/wp-json\/wp\/v2\/categories?post=657313"},{"taxonomy":"post_tag","embeddable":true,"href":"https:\/\/www.europesays.com\/fr\/wp-json\/wp\/v2\/tags?post=657313"}],"curies":[{"name":"wp","href":"https:\/\/api.w.org\/{rel}","templated":true}]}}