{"id":657319,"date":"2026-01-12T01:28:17","date_gmt":"2026-01-12T01:28:17","guid":{"rendered":"https:\/\/www.europesays.com\/fr\/657319\/"},"modified":"2026-01-12T01:28:17","modified_gmt":"2026-01-12T01:28:17","slug":"la-monnaie-de-paris-invite-dans-le-monde-fantastique-et-insolite-de-m-c-escher-entre-art-et-mathematiques","status":"publish","type":"post","link":"https:\/\/www.europesays.com\/fr\/657319\/","title":{"rendered":"La Monnaie de Paris invite dans le monde fantastique et insolite de M. C.\u00a0Escher, entre art et math\u00e9matiques"},"content":{"rendered":"<p>    R\u00e9sum\u00e9 en 20 secondes<\/p>\n<p>        En savoir plus sur ce type de contenu<\/p>\n<p>Ce r\u00e9sum\u00e9 peut avoir \u00e9t\u00e9 \u00e9crit avec l&rsquo;assistance d\u2019une IA g\u00e9n\u00e9rative. <a href=\"https:\/\/www.letemps.ch\/cyber\/l-usage-de-l-ia-generative-par-les-journalistes-du-temps\" target=\"_blank\" rel=\"noopener\">En savoir plus<\/a><\/p>\n<p class=\"article__abstract-call-to-action\" data-ariato=\"TrackableElement\" data-trackable-element-type=\"article_abstract_cta\" data-trackable-element-location=\"article_header\" data-trackable-element-id=\"517366\">\n        <a data-event=\"click-&gt;clicked\" href=\"https:\/\/www.letemps.ch\/abonnements\" target=\"_blank\" rel=\"noopener\">Abonnez-vous<\/a> pour acc\u00e9der au r\u00e9sum\u00e9 en 20 secondes.\n      <\/p>\n<p>Succomberez-vous, vous aussi, \u00e0 l\u2019Escher mania? Apr\u00e8s ses r\u00e9trospectives \u00e0 Rome et Toulouse, c\u2019est la Ville Lumi\u00e8re qui accueille, \u00e0 son tour, \u00e0 la Monnaie, ce ma\u00eetre de la lithographie et de la gravure sur linol\u00e9um et bois, qui a jet\u00e9 des ponts entre l\u2019art et les math\u00e9matiques. Si vous aimez les perspectives insolites et les illusions d\u2019optique, le monde de l\u2019\u00e9trange, de l\u2019insolite et du fantastique, cette exposition est faite pour vous. Vous ne la visiterez probablement pas seuls, ni en petit comit\u00e9.<\/p>\n<p>Maurits Cornelis Escher (1898-1972), peu connu de son vivant et c\u00e9l\u00e9br\u00e9 longtemps apr\u00e8s sa disparition, attire aujourd\u2019hui les foules. En t\u00e9moignent notamment les 250\u00a0000 visiteurs qui se sont press\u00e9s, \u00e0 Rome au Palazzo Bonaparte, pour d\u00e9couvrir la r\u00e9trospective qui lui \u00e9tait d\u00e9di\u00e9e, d\u2019octobre 2023 \u00e0 mars 2024. A Toulouse, la grande exposition Escher, organis\u00e9e aux\u00a0Espaces EDF Bazacle a accueilli 130\u00a0000 visiteurs au printemps 2025.<\/p>\n","protected":false},"excerpt":{"rendered":"R\u00e9sum\u00e9 en 20 secondes En savoir plus sur ce type de contenu Ce r\u00e9sum\u00e9 peut avoir \u00e9t\u00e9 \u00e9crit&hellip;\n","protected":false},"author":2,"featured_media":657320,"comment_status":"","ping_status":"","sticky":false,"template":"","format":"standard","meta":{"footnotes":""},"categories":[1358],"tags":[1348,1384,1385,8981,251,1386,58,59,3297,1011,27,14022,301],"class_list":{"0":"post-657319","1":"post","2":"type-post","3":"status-publish","4":"format-standard","5":"has-post-thumbnail","7":"category-arts-et-design","8":"tag-arts","9":"tag-arts-and-design","10":"tag-arts-et-design","11":"tag-arts-plastiques","12":"tag-culture","13":"tag-design","14":"tag-divertissement","15":"tag-entertainment","16":"tag-entre-temps","17":"tag-fr","18":"tag-france","19":"tag-musees-et-expositions","20":"tag-premium"},"share_on_mastodon":{"url":"https:\/\/pubeurope.com\/@fr\/115879536382393481","error":""},"_links":{"self":[{"href":"https:\/\/www.europesays.com\/fr\/wp-json\/wp\/v2\/posts\/657319","targetHints":{"allow":["GET"]}}],"collection":[{"href":"https:\/\/www.europesays.com\/fr\/wp-json\/wp\/v2\/posts"}],"about":[{"href":"https:\/\/www.europesays.com\/fr\/wp-json\/wp\/v2\/types\/post"}],"author":[{"embeddable":true,"href":"https:\/\/www.europesays.com\/fr\/wp-json\/wp\/v2\/users\/2"}],"replies":[{"embeddable":true,"href":"https:\/\/www.europesays.com\/fr\/wp-json\/wp\/v2\/comments?post=657319"}],"version-history":[{"count":0,"href":"https:\/\/www.europesays.com\/fr\/wp-json\/wp\/v2\/posts\/657319\/revisions"}],"wp:featuredmedia":[{"embeddable":true,"href":"https:\/\/www.europesays.com\/fr\/wp-json\/wp\/v2\/media\/657320"}],"wp:attachment":[{"href":"https:\/\/www.europesays.com\/fr\/wp-json\/wp\/v2\/media?parent=657319"}],"wp:term":[{"taxonomy":"category","embeddable":true,"href":"https:\/\/www.europesays.com\/fr\/wp-json\/wp\/v2\/categories?post=657319"},{"taxonomy":"post_tag","embeddable":true,"href":"https:\/\/www.europesays.com\/fr\/wp-json\/wp\/v2\/tags?post=657319"}],"curies":[{"name":"wp","href":"https:\/\/api.w.org\/{rel}","templated":true}]}}