{"id":657321,"date":"2026-01-12T01:30:19","date_gmt":"2026-01-12T01:30:19","guid":{"rendered":"https:\/\/www.europesays.com\/fr\/657321\/"},"modified":"2026-01-12T01:30:19","modified_gmt":"2026-01-12T01:30:19","slug":"je-suis-horrible-bastiaan-star-academy-effondre-en-realisant-son-enorme-oubli-apres-le-prime","status":"publish","type":"post","link":"https:\/\/www.europesays.com\/fr\/657321\/","title":{"rendered":"\u00ab\u00a0Je suis horrible\u00a0\u00bb : Bastiaan (Star Academy) effondr\u00e9 en r\u00e9alisant son \u00e9norme oubli apr\u00e8s le prime"},"content":{"rendered":"<p>Ce samedi 10 janvier, lors du prime de la Star Academy sur TF1, Bastiaan a oubli\u00e9 de faire quelque chose qui lui tenait vraiment \u00e0 c\u0153ur et qui aurait fait tr\u00e8s plaisir \u00e0 sa famille, notamment \u00e0 son p\u00e8re.<\/p>\n<p>Au lendemain du<a href=\"https:\/\/www.programme-tv.net\/news\/tv\/395530-jonathan-jenvrin-et-bastiaan-star-academy-vont-partager-un-moment-privilegie-sur-le-prime-ce-samedi-10-janvier-on-va-faire-autre-chose\/\" data-api-deeplink=\"teleloisirs:\/\/news\/395530\" target=\"_blank\" rel=\"noopener\"> prime des d\u00e9fis des profs<\/a>, Marl\u00e8ne Schaff est venue au ch\u00e2teau de la Star Academy ce dimanche 11 janvier faire <a href=\"https:\/\/www.programme-tv.net\/news\/tv\/395638-je-me-suis-endormie-sur-scene-ambre-star-academy-honteuse-apres-son-gros-rate-en-plein-prime\/\" data-api-deeplink=\"teleloisirs:\/\/news\/395638\" target=\"_blank\" rel=\"noopener\">le d\u00e9brief de la soir\u00e9e<\/a> marqu\u00e9e par<a href=\"https:\/\/www.programme-tv.net\/news\/tv\/395630-la-competition-me-stressait-anouk-eliminee-de-la-star-academy-ses-premiers-mots\/\" data-api-deeplink=\"teleloisirs:\/\/news\/395630\" target=\"_blank\" rel=\"noopener\"> l\u2019\u00e9limination d\u2019Anouk<\/a>. La jeune candidate belge avait chant\u00e9 avec l\u2019\u00e9l\u00e8ve franco-n\u00e9erlandais Bastiaan le morceau d\u2019Yseult Ind\u00e9l\u00e9bile. Le jeune homme de 23 ans a aussi marqu\u00e9 les esprits en r\u00e9ussissant avec brio le d\u00e9fi de danse que lui avait demand\u00e9 de relever Jonathan Jenvrin. Mais tout n\u2019a pas \u00e9t\u00e9 parfait. Car le jeune homme a oubli\u00e9 de faire une chose particuli\u00e8rement importante lors du prime concernant sa famille. Il s\u2019en est rendu compte en discutant avec les autres \u00e9l\u00e8ves autour de la table dans la salle \u00e0 manger. \u00ab\u00a0Attends, on est le 11 ?\u00a0\u00bb, a demand\u00e9 Bastiaan. Une date qui lui a \u00e9t\u00e9 confirm\u00e9e par ses camarades. \u00c0 son grand d\u00e9sarroi.<\/p>\n<p>\u201cMais c\u2019\u00e9tait l\u2019anniversaire de mon p\u00e8re hier !\u201d, s\u2019est-il alors exclam\u00e9. \u201cIl \u00e9tait al (l\u00e0 en verlan, ndlr). Il \u00e9tait compl\u00e8tement al. J\u2019avais tellement d\u2019occasion de lui dire \u2018bon anniversaire\u2019\u201d, a poursuivi Bastiaan d\u00e9sempar\u00e9 face \u00e0 un tel oubli, alors que son p\u00e8re \u00e9tait bel et bien venu l\u2019applaudir sur le plateau. \u201cLa minute de d\u00e9dicace, il n\u2019a rien dit\u201d, a lanc\u00e9 avec humour L\u00e9a qui a soulign\u00e9 le fait qu\u2019il aurait pu souhaiter un bon anniversaire \u00e0 son p\u00e8re quand <a href=\"https:\/\/www.programme-tv.net\/biographie\/49100-charni-karima\/\" data-link-people=\"c4384174-05b4-4ba8-9774-5c3f9617785e\" target=\"_blank\" rel=\"noopener\">Karima Charni<\/a> leur a tendu le micro \u00e0 la fin de l\u2019after Retour au ch\u00e2teau. \u201cJe suis horrible\u201d, a conclu celui qui avait \u00e9t\u00e9 dubitatif quand il avait \u00e9t\u00e9 surpris par le cadeau que lui avait r\u00e9serv\u00e9 ses parents \u00e0 No\u00ebl et ne savait pas comment r\u00e9agir.<\/p>\n<p>Avant Bastiaan, Ambre (Star Academy) avait d\u00e9j\u00e0 oubli\u00e9 l\u2019anniversaire d\u2019un proche<\/p>\n<p>\u201cOn ne sait m\u00eame plus quel jour on est et personne ne nous le rappelle. C\u2019est ok\u201d, l\u2019a rassur\u00e9 L\u00e9a. \u201cJoyeux anniversaire papa !\u201d, a lanc\u00e9 Bastiaan. Et tous les \u00e9l\u00e8ves ont ensuite chant\u00e9 avec lui \u201cJoyeux anniversaire Dirk\u201d. Un joli moment d\u2019unit\u00e9 qui r\u00e9chauffera probablement le c\u0153ur du papa de Bastiaan. Son fils n\u2019est pas le premier \u00e0 oublier l\u2019anniversaire d\u2019un de ses parents. Ambre l&rsquo;a aussi fait avec celui de sa maman.<\/p>\n<p>Article \u00e9crit en collaboration avec 6Medias<\/p>\n","protected":false},"excerpt":{"rendered":"Ce samedi 10 janvier, lors du prime de la Star Academy sur TF1, Bastiaan a oubli\u00e9 de faire&hellip;\n","protected":false},"author":2,"featured_media":657322,"comment_status":"","ping_status":"","sticky":false,"template":"","format":"standard","meta":{"footnotes":""},"categories":[1356],"tags":[3581,65788,244,58,59,1011,27,64696,64698,64694,64695,75975,5095,64699,64697,67813,68033,252,199,2175,1364],"class_list":{"0":"post-657321","1":"post","2":"type-post","3":"status-publish","4":"format-standard","5":"has-post-thumbnail","7":"category-television","8":"tag-anniversaire","9":"tag-bastiaan-star-academy-2025","10":"tag-commentaire","11":"tag-divertissement","12":"tag-entertainment","13":"tag-fr","14":"tag-france","15":"tag-la-quotidienne-25112022-173000-tf1","16":"tag-la-quotidienne-su00e9rie-52118294","17":"tag-la-quotidienne-1100832954","18":"tag-la-quotidienne-1100860641","19":"tag-pu00e8re","20":"tag-star-academy","21":"tag-star-academy-le-prime-9790195","22":"tag-star-academy-1100807804","23":"tag-star-academy-1101059444","24":"tag-star-academy-1101324617","25":"tag-television","26":"tag-tf1","27":"tag-tl-story","28":"tag-tv"},"share_on_mastodon":{"url":"https:\/\/pubeurope.com\/@fr\/115879544485693426","error":""},"_links":{"self":[{"href":"https:\/\/www.europesays.com\/fr\/wp-json\/wp\/v2\/posts\/657321","targetHints":{"allow":["GET"]}}],"collection":[{"href":"https:\/\/www.europesays.com\/fr\/wp-json\/wp\/v2\/posts"}],"about":[{"href":"https:\/\/www.europesays.com\/fr\/wp-json\/wp\/v2\/types\/post"}],"author":[{"embeddable":true,"href":"https:\/\/www.europesays.com\/fr\/wp-json\/wp\/v2\/users\/2"}],"replies":[{"embeddable":true,"href":"https:\/\/www.europesays.com\/fr\/wp-json\/wp\/v2\/comments?post=657321"}],"version-history":[{"count":0,"href":"https:\/\/www.europesays.com\/fr\/wp-json\/wp\/v2\/posts\/657321\/revisions"}],"wp:featuredmedia":[{"embeddable":true,"href":"https:\/\/www.europesays.com\/fr\/wp-json\/wp\/v2\/media\/657322"}],"wp:attachment":[{"href":"https:\/\/www.europesays.com\/fr\/wp-json\/wp\/v2\/media?parent=657321"}],"wp:term":[{"taxonomy":"category","embeddable":true,"href":"https:\/\/www.europesays.com\/fr\/wp-json\/wp\/v2\/categories?post=657321"},{"taxonomy":"post_tag","embeddable":true,"href":"https:\/\/www.europesays.com\/fr\/wp-json\/wp\/v2\/tags?post=657321"}],"curies":[{"name":"wp","href":"https:\/\/api.w.org\/{rel}","templated":true}]}}