{"id":657323,"date":"2026-01-12T01:31:12","date_gmt":"2026-01-12T01:31:12","guid":{"rendered":"https:\/\/www.europesays.com\/fr\/657323\/"},"modified":"2026-01-12T01:31:12","modified_gmt":"2026-01-12T01:31:12","slug":"je-pensais-que-cetait-des-conneries-laveu-de-faust-avant-son-arrestation","status":"publish","type":"post","link":"https:\/\/www.europesays.com\/fr\/657323\/","title":{"rendered":"\u00ab\u00a0Je pensais que c\u2019\u00e9tait des conneries\u00a0\u00bb \u2013 l\u2019aveu de Faust avant son arrestation"},"content":{"rendered":"<p><strong>En 2021, Dani Filth est revenu sur un souvenir gla\u00e7ant des ann\u00e9es 90 : l\u2019aveu d\u2019un meurtre que lui aurait fait Faust, batteur d\u2019<a href=\"https:\/\/www.metalzone.fr\/emperor\/\" target=\"_blank\" rel=\"noopener\">Emperor<\/a>, plusieurs mois avant son arrestation.<\/strong><\/p>\n<p>Un souvenir troublant dans la sc\u00e8ne metal des ann\u00e9es 90<\/p>\n<p>Dans une interview accord\u00e9e \u00e0 <a href=\"https:\/\/www.loudersound.com\/news\/dani-filth-laughed-off-bard-faust-eithuns-murder-confession-thinking-the-ex-emperor-drummer-was-talking-crap\" target=\"_blank\" rel=\"noopener\">Metal Hammer<\/a> en 2021, Dani Filth, chanteur de <a href=\"https:\/\/www.metalzone.fr\/cradle-of-filth\/\" target=\"_blank\" rel=\"noopener\">Cradle of Filth<\/a>, a \u00e9voqu\u00e9 un souvenir marquant : l\u2019aveu d\u2019un meurtre par B\u00e5rd \u201cFaust\u201d Eithun, alors batteur d\u2019Emperor, quelques mois avant son arrestation.<\/p>\n<p>En 1993, lors d\u2019une tourn\u00e9e au Royaume-Uni, Faust lui aurait confi\u00e9, au cours d\u2019une f\u00eate \u00e0 Liverpool, avoir tu\u00e9 un homme. \u201cIl \u00e9tait compl\u00e8tement saoul et m\u2019a dit qu\u2019il avait tu\u00e9 un homosexuel. Je pensais que c\u2019\u00e9tait des conneries\u2026 mais quand l\u2019affaire est sortie, je me suis senti complice malgr\u00e9 moi\u201d, a d\u00e9clar\u00e9 le chanteur.<\/p>\n<p>Il a \u00e9t\u00e9 condamn\u00e9 en 1994 pour le meurtre de Magne Andreassen \u00e0 Lillehammer, en Norv\u00e8ge, commis en ao\u00fbt 1992. Il a purg\u00e9 neuf ans de prison avant d\u2019\u00eatre lib\u00e9r\u00e9 en 2003.<\/p>\n<p>Un contexte tendu autour du black metal<\/p>\n<p>Cette p\u00e9riode a aussi \u00e9t\u00e9 marqu\u00e9e par une vigilance polici\u00e8re renforc\u00e9e autour de la sc\u00e8ne <a href=\"https:\/\/www.metalzone.fr\/heavy-metal\/\" target=\"_blank\" rel=\"noopener\">metal<\/a>, aliment\u00e9e par des incendies d\u2019\u00e9glises et d\u2019autres affaires criminelles en Norv\u00e8ge. Dani Filth raconte avoir \u00e9t\u00e9 convoqu\u00e9 par la police britannique apr\u00e8s la d\u00e9couverte d\u2019inscriptions sataniques sur la porte d\u2019un magazine musical.<\/p>\n<p>Selon lui, les enqu\u00eateurs voulaient savoir si certains groupes envisageaient des actes similaires \u00e0 ceux observ\u00e9s en Europe. Apr\u00e8s quelques \u00e9changes, les membres du groupe ont \u00e9t\u00e9 rel\u00e2ch\u00e9s sans suite.<\/p>\n","protected":false},"excerpt":{"rendered":"En 2021, Dani Filth est revenu sur un souvenir gla\u00e7ant des ann\u00e9es 90 : l\u2019aveu d\u2019un meurtre que&hellip;\n","protected":false},"author":2,"featured_media":657324,"comment_status":"","ping_status":"","sticky":false,"template":"","format":"standard","meta":{"footnotes":""},"categories":[1355],"tags":[58,59,1011,27,1361,873],"class_list":{"0":"post-657323","1":"post","2":"type-post","3":"status-publish","4":"format-standard","5":"has-post-thumbnail","7":"category-musique","8":"tag-divertissement","9":"tag-entertainment","10":"tag-fr","11":"tag-france","12":"tag-music","13":"tag-musique"},"share_on_mastodon":{"url":"https:\/\/pubeurope.com\/@fr\/115879548263466268","error":""},"_links":{"self":[{"href":"https:\/\/www.europesays.com\/fr\/wp-json\/wp\/v2\/posts\/657323","targetHints":{"allow":["GET"]}}],"collection":[{"href":"https:\/\/www.europesays.com\/fr\/wp-json\/wp\/v2\/posts"}],"about":[{"href":"https:\/\/www.europesays.com\/fr\/wp-json\/wp\/v2\/types\/post"}],"author":[{"embeddable":true,"href":"https:\/\/www.europesays.com\/fr\/wp-json\/wp\/v2\/users\/2"}],"replies":[{"embeddable":true,"href":"https:\/\/www.europesays.com\/fr\/wp-json\/wp\/v2\/comments?post=657323"}],"version-history":[{"count":0,"href":"https:\/\/www.europesays.com\/fr\/wp-json\/wp\/v2\/posts\/657323\/revisions"}],"wp:featuredmedia":[{"embeddable":true,"href":"https:\/\/www.europesays.com\/fr\/wp-json\/wp\/v2\/media\/657324"}],"wp:attachment":[{"href":"https:\/\/www.europesays.com\/fr\/wp-json\/wp\/v2\/media?parent=657323"}],"wp:term":[{"taxonomy":"category","embeddable":true,"href":"https:\/\/www.europesays.com\/fr\/wp-json\/wp\/v2\/categories?post=657323"},{"taxonomy":"post_tag","embeddable":true,"href":"https:\/\/www.europesays.com\/fr\/wp-json\/wp\/v2\/tags?post=657323"}],"curies":[{"name":"wp","href":"https:\/\/api.w.org\/{rel}","templated":true}]}}