{"id":657325,"date":"2026-01-12T01:32:24","date_gmt":"2026-01-12T01:32:24","guid":{"rendered":"https:\/\/www.europesays.com\/fr\/657325\/"},"modified":"2026-01-12T01:32:24","modified_gmt":"2026-01-12T01:32:24","slug":"histoire-casting-trailer-date-de-sortie-tout-savoir-sur-le-prochain-film-marvel","status":"publish","type":"post","link":"https:\/\/www.europesays.com\/fr\/657325\/","title":{"rendered":"histoire, casting, trailer, date de sortie, tout savoir sur le prochain film Marvel"},"content":{"rendered":"<p>Les fans de Marvel ont d\u00e9j\u00e0 coch\u00e9 la date sur leur agenda. Le 16 d\u00e9cembre 2026, Avengers\u00a0: Doomsday, le cinqui\u00e8me du nom, sortira dans les salles obscures fran\u00e7aises. Alors qu\u2019un premier teaser a aiguis\u00e9 notre curiosit\u00e9, l\u2019occasion est toute trouv\u00e9e pour rassembler les informations dont nous disposons d\u00e9j\u00e0 sur ce long-m\u00e9trage.<\/p>\n<p> Doctor Doom (Robert Downey Jr.) en vedette\u00a0? <\/p>\n<p>\u00c0 l\u2019\u00e9t\u00e9 2024, Marvel a sorti le grand jeu lors du Comic-Con International\u00a0: San Diego. Nous avons alors appris le retour de <a href=\"https:\/\/www.presse-citron.net\/marvel-robert-downey-jr-vient-de-negocier-un-cachet-hallucinant-le-montant-donne-le-vertige\/\" target=\"_blank\" rel=\"false noopener\">Robert Downey Jr.<\/a> dans la peau de l\u2019embl\u00e9matique Doctor Doom. Ce dernier devrait donc affronter les super-h\u00e9ros du MCU. Comme l\u2019explique Rotten Tomatoes, le personnage a diff\u00e9rentes facettes dans les comics, il est notamment le souverain d\u2019un pays d\u2019Europe de l\u2019Est imaginaire, la Latv\u00e9rie, mais c\u2019est aussi un redoutable criminel et un complice de Kang le Conqu\u00e9rant, et aussi accessoirement le Sorcier supr\u00eame qui domine le monde.<\/p>\n<p>    <a href=\"https:\/\/www.youtube.com\/@PressecitronHD?sub_confirmation=1\" target=\"_blank\" rel=\"nofollow noopener\"><br \/>\n        S&rsquo;abonner \u00e0 Presse-citron<br \/>\n    <\/a> <\/p>\n<p>Une autre question se pose autour de l\u2019introduction de ce personnage. Sera-t-il dans la r\u00e9alit\u00e9 ou dans un multiverse\u00a0? D\u2019apr\u00e8s un comics publi\u00e9 entre 2015 et 2016, Doom pourrait aussi devenir le dirigeant incontest\u00e9 de la r\u00e9alit\u00e9 unique r\u00e9sultant de l\u2019effondrement du multiverse.<\/p>\n<p> Un casting \u00e9poustouflant <\/p>\n<p>Comme Marvel l\u2019a officialis\u00e9 l\u2019an dernier, voici la liste non exhaustive du casting en plus de Robert Downey Jr. et alors que la rumeur d\u2019un retour de Chris Evans, alias Captain America, et de <a href=\"https:\/\/www.presse-citron.net\/mcu-mais-ou-en-est-le-film-spider-man-4\/\" target=\"_blank\" rel=\"false noopener\">Tom Holland en Spider-Man<\/a> enfle\u00a0:<\/p>\n<blockquote>\n<p>Pedro Pascal, Hiddleston, Chris Hemsworth, Vanessa Kirby, Anthony Mackie, Letitia Wright, Wyatt Russell, Tenoch Huerta Mejia, Paul Rudd, Sebastian Stan, Ebon Moss-Bachrach, Simu Liu, Florence Pugh, David Harbour, Kelsey Grammer, Lewis Pullman, Danny Ramirez, Joseph Quinn, Winston Duke, Hannah John-Kamen, Patrick Stewart, Ian McKellen, Alan Cumming, Rebecca Romijn, James Marsden et Channing Tatum.<\/p>\n<\/blockquote>\n<p><a href=\"https:\/\/www.presse-citron.net\/critique-les-4-fantastiques-premiers-pas-ladaptation-quon-merite\/\" target=\"_blank\" rel=\"false noopener\">4 Fantastiques<\/a>, <a href=\"https:\/\/www.presse-citron.net\/critique-thunderbolts-la-tempete-qui-vient-reveiller-le-mcu-et-cest-tant-mieux\/\" target=\"_blank\" rel=\"false noopener\">Thunderbolts<\/a>, ou encore une partie des X-Men devraient ainsi \u00eatre de la partie en esp\u00e9rant que Marvel parvienne \u00e0 trouver la m\u00eame alchimie que pour les films <a href=\"https:\/\/www.presse-citron.net\/fan-de-marvel-depuis-iron-man-je-ne-supporte-plus-leurs-super-heros\/\" target=\"_blank\" rel=\"false noopener\">Avengers\u00a0: Infinity War et Avengers\u00a0: Endgame<\/a>. Et justement, les r\u00e9alisateurs de ces deux volets Joe et Anthony Russo sont de retour. Il en va de m\u00eame pour le cosc\u00e9nariste de ces deux opus, Stephen McFeely.<\/p>\n<p>On l\u2019aura compris, il reste encore quelques grosses inconnues sur Avengers\u00a0: Doomsday, mais nul doute que Marvel saura nous mettre l\u2019eau \u00e0 la bouche tout au long de l\u2019ann\u00e9e avant la sortie de d\u00e9cembre. De votre c\u00f4t\u00e9, que pensez-vous de ce projet au vu des premi\u00e8res images et informations dont nous disposons\u00a0? Dites-le-nous dans les commentaires.<\/p>\n<blockquote>\n<p class=\"text-base text-neutral-700 dark:text-neutral-300\">\ud83d\udccd Pour ne manquer aucune actualit\u00e9 de Presse-citron, suivez-nous sur <a href=\"https:\/\/news.google.com\/publications\/CAAqBggKMIPiNTC70wU?hl=fr&amp;gl=FR&amp;ceid=FR%3Afr\" target=\"_blank\" rel=\"noopener\">Google Actualit\u00e9s<\/a> et <a href=\"https:\/\/whatsapp.com\/channel\/0029VaCkGuz4NViitBXbEr0b\" target=\"_blank\" rel=\"noopener\">WhatsApp<\/a>.<\/p>\n<\/blockquote>\n<p>            <img decoding=\"async\" src=\"https:\/\/www.europesays.com\/fr\/wp-content\/uploads\/2025\/06\/DisneyPlus.png\" alt=\"Disney+\" loading=\"lazy\"\/>                            <\/p>\n","protected":false},"excerpt":{"rendered":"Les fans de Marvel ont d\u00e9j\u00e0 coch\u00e9 la date sur leur agenda. Le 16 d\u00e9cembre 2026, Avengers\u00a0: Doomsday,&hellip;\n","protected":false},"author":2,"featured_media":657326,"comment_status":"","ping_status":"","sticky":false,"template":"","format":"standard","meta":{"footnotes":""},"categories":[1354],"tags":[520,58,59,1346,1011,27,2135,1360],"class_list":{"0":"post-657325","1":"post","2":"type-post","3":"status-publish","4":"format-standard","5":"has-post-thumbnail","7":"category-films","8":"tag-disney","9":"tag-divertissement","10":"tag-entertainment","11":"tag-films","12":"tag-fr","13":"tag-france","14":"tag-marvel","15":"tag-movies"},"share_on_mastodon":{"url":"https:\/\/pubeurope.com\/@fr\/115879552266646284","error":""},"_links":{"self":[{"href":"https:\/\/www.europesays.com\/fr\/wp-json\/wp\/v2\/posts\/657325","targetHints":{"allow":["GET"]}}],"collection":[{"href":"https:\/\/www.europesays.com\/fr\/wp-json\/wp\/v2\/posts"}],"about":[{"href":"https:\/\/www.europesays.com\/fr\/wp-json\/wp\/v2\/types\/post"}],"author":[{"embeddable":true,"href":"https:\/\/www.europesays.com\/fr\/wp-json\/wp\/v2\/users\/2"}],"replies":[{"embeddable":true,"href":"https:\/\/www.europesays.com\/fr\/wp-json\/wp\/v2\/comments?post=657325"}],"version-history":[{"count":0,"href":"https:\/\/www.europesays.com\/fr\/wp-json\/wp\/v2\/posts\/657325\/revisions"}],"wp:featuredmedia":[{"embeddable":true,"href":"https:\/\/www.europesays.com\/fr\/wp-json\/wp\/v2\/media\/657326"}],"wp:attachment":[{"href":"https:\/\/www.europesays.com\/fr\/wp-json\/wp\/v2\/media?parent=657325"}],"wp:term":[{"taxonomy":"category","embeddable":true,"href":"https:\/\/www.europesays.com\/fr\/wp-json\/wp\/v2\/categories?post=657325"},{"taxonomy":"post_tag","embeddable":true,"href":"https:\/\/www.europesays.com\/fr\/wp-json\/wp\/v2\/tags?post=657325"}],"curies":[{"name":"wp","href":"https:\/\/api.w.org\/{rel}","templated":true}]}}