{"id":657350,"date":"2026-01-12T01:50:11","date_gmt":"2026-01-12T01:50:11","guid":{"rendered":"https:\/\/www.europesays.com\/fr\/657350\/"},"modified":"2026-01-12T01:50:11","modified_gmt":"2026-01-12T01:50:11","slug":"les-enseignants-de-ce-lycee-indignes-et-inquiets-face-aux-mesures-annoncees-par-le-rectorat","status":"publish","type":"post","link":"https:\/\/www.europesays.com\/fr\/657350\/","title":{"rendered":"les enseignants de ce lyc\u00e9e indign\u00e9s et inquiets face aux mesures annonc\u00e9es par le rectorat"},"content":{"rendered":"<p>                    Par<br \/>\n        <strong><br \/>\n            <a href=\"https:\/\/actu.fr\/auteur\/emilien-jacques\" title=\"Consulter tous les articles de Emilien Jacques\" target=\"_blank\" rel=\"noopener\">Emilien Jacques<\/a><br \/>\n                    <\/strong><\/p>\n<p>        Publi\u00e9 le<\/p>\n<p>            11 janv. 2026 \u00e0 21h57        <\/p>\n<p>Depuis l\u2019envoi du budget par le <b>r<\/b><b>ectorat <\/b>de l\u2019acad\u00e9mie de Normandie au lyc\u00e9e Andr\u00e9 Maurois, \u00e0 <a href=\"https:\/\/actu.fr\/normandie\/elbeuf_76231\" target=\"_blank\" rel=\"noopener\">Elbeuf (Seine-Maritime)<\/a>, pour la rentr\u00e9e 2026 de l\u2019\u00e9tablissement, la direction est plong\u00e9e dans l\u2019incompr\u00e9hension. Les enseignants expriment leur <b>inqui\u00e9tude <\/b>face \u00e0 certaines d\u00e9cisions qui risquent, selon eux, d\u2019avoir de lourdes <b>cons\u00e9quences <\/b>sur le parcours des \u00e9l\u00e8ves et sur l\u2019avenir des professeurs. Aujourd\u2019hui, ils <b>alertent <\/b>sur la situation.<\/p>\n<p>La fili\u00e8re technologique impact\u00e9e<\/p>\n<p class=\" wall-content\">L\u2019\u00e9tablissement Andr\u00e9 Maurois dispense un enseignement <b>g\u00e9n\u00e9ral<\/b>, mais \u00e9galement <b>technologique <\/b>avec la fili\u00e8re STMG qui comprend aujourd\u2019hui 3 classes de 1\u00e8re et autant de Terminale. Mais d\u00e8s la rentr\u00e9e prochaine, une classe de 1\u00e8re va <b>fermer<\/b>. Or, aujourd\u2019hui, elles affichent toutes complet, avec 35\u00a0\u00e9l\u00e8ves par classe. Une d\u00e9cision <b>incoh\u00e9rente <\/b>pour le corps enseignant qui s\u2019inqui\u00e8te des cons\u00e9quences sur le choix d\u2019orientation des \u00e9l\u00e8ves\u2009: \u00ab\u200935\u00a0\u00e9l\u00e8ves ne pourront plus poursuivre dans la fili\u00e8re STMG. 35\u00a0\u00e9l\u00e8ves \u00e0 qui on va imposer de s\u2019orienter vers une fili\u00e8re g\u00e9n\u00e9rale ou vers un lyc\u00e9e professionnel, constate St\u00e9phane Heude, professeur et coordinateur des \u00e9quipes Economie-Gestion du lyc\u00e9e. On leur impose une <b>orientation <\/b>par d\u00e9faut.\u2009\u00bb<\/p>\n<p class=\" wall-content\">D\u00e9j\u00e0, l\u2019ann\u00e9e pass\u00e9e, le rectorat avait d\u00e9cid\u00e9 de fermer une 1\u00e8re STMG \u00e0 la rentr\u00e9e 2025, avant de <b>r\u00e9trop\u00e9daler <\/b>et d\u2019annuler sa d\u00e9cision devant le nombre d\u2019\u00e9l\u00e8ves demandant cette fili\u00e8re. Les enseignants esp\u00e8rent vivement un sc\u00e9nario similaire en 2026 car la fermeture de cette classe entra\u00eenera logiquement celle d\u2019une Terminale et menace donc directement leurs <b>emplois<\/b>. \u00ab\u2009On observera \u00e0 la rentr\u00e9e 2026 au minimum la <b>suppression <\/b>de deux postes, avec des grosses interrogations pour la suite\u2009\u00bb, poursuit St\u00e9phane Heude.<\/p>\n<p>L\u2019insertion professionnelle menac\u00e9e<\/p>\n<p class=\" wall-content\">Une autre mesure annonc\u00e9e par le rectorat est venue grossir les pr\u00e9occupations de l\u2019\u00e9quipe Economie-Gestion. Celle de la r\u00e9duction des <b>capacit\u00e9s d\u2019accueil <\/b>dans deux formations d\u2019\u00e9tudes sup\u00e9rieures propos\u00e9es par le lyc\u00e9e Andr\u00e9-Maurois\u2009: les BTS Comptabilit\u00e9\/Gestion et Management Commercial Op\u00e9rationnel, qui passeront de 24 places disponibles \u00e0 16 pour le premier, et de 35 places disponibles \u00e0 18 pour le second.<\/p>\n<p class=\" wall-content\">Des classes qui, l\u00e0 aussi, faisaient le plein jusqu\u2019\u00e0 aujourd\u2019hui, traduisant une <b>demande <\/b>importante dans le bassin elbeuvien pour cet enseignement sup\u00e9rieur. Un territoire qui ne dispose pas d\u2019alternatives de proximit\u00e9 en termes de <b>formation <\/b>professionnelle. \u00ab\u2009Les \u00e9tudiants devront aller sur Rouen, ou \u00e0 la fac\u2009\u00bb, d\u00e9plore St\u00e9phane Heude, qui craint \u00e9galement un impact sur <b>l\u2019insertion <\/b>professionnelle des \u00e9l\u00e8ves.<\/p>\n<p class=\" wall-content\">En effet, l\u2019\u00e9quipe Economie-Gestion observe un besoin sur le march\u00e9 du travail des profils form\u00e9s dans ces BTS. Selon eux, une r\u00e9duction de leurs capacit\u00e9s d\u2019accueil appara\u00eet \u00ab\u2009en d\u00e9calage avec les besoins \u00e9conomiques du territoire.\u2009\u00bb<\/p>\n<p>Votre r\u00e9gion, votre actu !<\/p>\n<p>Recevez chaque jour les infos qui comptent pour vous.<\/p>\n<p>\t<a href=\"https:\/\/actu.fr\/newsletter\" class=\"ac-btn ac-btn--corner ac-btn--medium ac-btn--blue800\" target=\"_blank\" rel=\"noopener\">S&rsquo;incrire<\/a><br \/>\nUne d\u00e9cision impos\u00e9e \u00ab\u2009sans explications\u2009\u00bb<\/p>\n<p class=\" wall-content\">Les professeurs du lyc\u00e9e Andr\u00e9 Maurois sont aujourd\u2019hui dans <b>l\u2019incompr\u00e9hension <\/b>face \u00e0 des mesures d\u00e9cid\u00e9es selon eux \u00ab\u2009sans connaissance r\u00e9elle des donn\u00e9es locales\u2009\u00bb. Le manque de communication de la part du rectorat quant \u00e0 ces pr\u00e9visions suscite \u00e9galement <b>l\u2019indignation<\/b>.<\/p>\n<blockquote class=\"ac-article-quote wall-content\">\n<p>Cette d\u00e9cision nous a \u00e9t\u00e9 impos\u00e9e sans explications, personne n\u2019a eu de justification concernant ces r\u00e9ductions d\u2019effectifs, c\u2019est ce qui nous surprend et nous alerte.<\/p>\n<p>St\u00e9phane Heude, professeur au lyc\u00e9e Maurois d\u2019Elbeuf.<\/p><\/blockquote>\n<p class=\" wall-content\">M\u00eame si l\u2019enseignant n\u2019ignore pas pour autant les probl\u00e9matiques <b>budg\u00e9taires <\/b>qui se cachent bien souvent derri\u00e8re ces annonces. Le corps enseignant et les \u00e9l\u00e8ves du lyc\u00e9e Andr\u00e9 Maurois tirent donc la sonnette d\u2019alarme \u00e0 travers notamment une <b>p\u00e9tition <\/b>en ligne (www.change.org), que le <b>maire d\u2019Elbeuf<\/b>, Djoud\u00e9 Merabet, a invit\u00e9 \u00e0 signer dans une vid\u00e9o sur sa page Facebook et dans laquelle il d\u00e9nonce \u00ab\u2009une d\u00e9cision qui va remettre en cause l\u2019offre de formation du territoire elbeuvien\u2009\u00bb.<\/p>\n<p>Le rectorat justifie ses mesures<\/p>\n<p class=\" wall-content\">Suite \u00e0 nos sollicitations, le rectorat affirme de son c\u00f4t\u00e9 que la r\u00e9duction d\u2019effectifs dans les deux classes de BTS s\u2019explique par \u00ab\u2009le constat de places rest\u00e9es <b>vacantes <\/b>de mani\u00e8re r\u00e9currente sur ces formations depuis plusieurs ann\u00e9es\u2009\u00bb, et dans une logique <b>d\u2019\u00e9quilibre <\/b>territorial en r\u00e9partissant \u00ab\u2009les flux d\u2019\u00e9tudiants \u00e0 l\u2019\u00e9chelle de l\u2019acad\u00e9mie afin de garantir une <b>mixit\u00e9 <\/b>et une viabilit\u00e9 des cohortes dans l\u2019ensemble des domaines professionnels du secteur.\u2009\u00bb<\/p>\n<p class=\" wall-content\">Et d\u2019ajouter concernant la fermeture de 1\u00e8re STMG\u2009: \u00ab\u2009l\u2019ouverture d\u2019une division suppl\u00e9mentaire de 1\u00e8re STMG en juillet\u00a02025 r\u00e9pondait \u00e0 un besoin <b>ponctuel<\/b>\u2009\u00bb, informe le rectorat.<\/p>\n<blockquote class=\"ac-article-quote wall-content\">\n<p>Cette mesure n\u2019avait pas vocation \u00e0 devenir p\u00e9renne, cette division ne sera effectivement pas reconduite \u00e0 la rentr\u00e9e 2026, l\u2019\u00e9tablissement retrouvant ainsi sa structure initiale de r\u00e9f\u00e9rence.<\/p>\n<p>Rectorat de la r\u00e9gion acad\u00e9mique Normandie<\/p><\/blockquote>\n<p class=\" wall-content\">Par ailleurs, le rectorat affirme rester \u00ab<b>\u2009attentif <\/b>aux inqui\u00e9tudes exprim\u00e9es par la communaut\u00e9 \u00e9ducative\u2009\u00bb et garder la volont\u00e9 d\u2019instaurer un \u00ab<b>\u2009dialogue <\/b>social habituel afin d\u2019accompagner au mieux les enseignants.\u2009\u00bb<\/p>\n<p class=\" wall-content\">Personnalisez votre actualit\u00e9 en ajoutant vos villes et m\u00e9dias en favori avec <a href=\"https:\/\/moncompte.actu.fr\" title=\"D\u00e9couvez Mon Actu\" rel=\"nofollow noopener\" data-trk=\"{&quot;cta&quot;:{&quot;action&quot;:&quot;https:\\\/\\\/moncompte.actu.fr&quot;,&quot;category&quot;:&quot;mon compte&quot;,&quot;from&quot;:&quot;article footer&quot;,&quot;name&quot;:&quot;Mon actu&quot;,&quot;type&quot;:&quot;cta&quot;}}\" target=\"_blank\">Mon Actu<\/a>.<\/p>\n","protected":false},"excerpt":{"rendered":"Par Emilien Jacques Publi\u00e9 le 11 janv. 2026 \u00e0 21h57 Depuis l\u2019envoi du budget par le rectorat de&hellip;\n","protected":false},"author":2,"featured_media":657351,"comment_status":"","ping_status":"","sticky":false,"template":"","format":"standard","meta":{"footnotes":""},"categories":[9587],"tags":[1111,11,1057,341,1777,674,1011,27,12,5161,25,9590,104],"class_list":{"0":"post-657350","1":"post","2":"type-post","3":"status-publish","4":"format-standard","5":"has-post-thumbnail","7":"category-rouen","8":"tag-actu","9":"tag-actualites","10":"tag-education","11":"tag-emploi","12":"tag-eu","13":"tag-europe","14":"tag-fr","15":"tag-france","16":"tag-news","17":"tag-normandie","18":"tag-republique-francaise","19":"tag-rouen","20":"tag-societe"},"share_on_mastodon":{"url":"https:\/\/pubeurope.com\/@fr\/115879622899445875","error":""},"_links":{"self":[{"href":"https:\/\/www.europesays.com\/fr\/wp-json\/wp\/v2\/posts\/657350","targetHints":{"allow":["GET"]}}],"collection":[{"href":"https:\/\/www.europesays.com\/fr\/wp-json\/wp\/v2\/posts"}],"about":[{"href":"https:\/\/www.europesays.com\/fr\/wp-json\/wp\/v2\/types\/post"}],"author":[{"embeddable":true,"href":"https:\/\/www.europesays.com\/fr\/wp-json\/wp\/v2\/users\/2"}],"replies":[{"embeddable":true,"href":"https:\/\/www.europesays.com\/fr\/wp-json\/wp\/v2\/comments?post=657350"}],"version-history":[{"count":0,"href":"https:\/\/www.europesays.com\/fr\/wp-json\/wp\/v2\/posts\/657350\/revisions"}],"wp:featuredmedia":[{"embeddable":true,"href":"https:\/\/www.europesays.com\/fr\/wp-json\/wp\/v2\/media\/657351"}],"wp:attachment":[{"href":"https:\/\/www.europesays.com\/fr\/wp-json\/wp\/v2\/media?parent=657350"}],"wp:term":[{"taxonomy":"category","embeddable":true,"href":"https:\/\/www.europesays.com\/fr\/wp-json\/wp\/v2\/categories?post=657350"},{"taxonomy":"post_tag","embeddable":true,"href":"https:\/\/www.europesays.com\/fr\/wp-json\/wp\/v2\/tags?post=657350"}],"curies":[{"name":"wp","href":"https:\/\/api.w.org\/{rel}","templated":true}]}}