{"id":657378,"date":"2026-01-12T02:10:18","date_gmt":"2026-01-12T02:10:18","guid":{"rendered":"https:\/\/www.europesays.com\/fr\/657378\/"},"modified":"2026-01-12T02:10:18","modified_gmt":"2026-01-12T02:10:18","slug":"jean-michel-aulas-devoile-ses-neuf-tetes-de-liste","status":"publish","type":"post","link":"https:\/\/www.europesays.com\/fr\/657378\/","title":{"rendered":"Jean-Michel Aulas d\u00e9voile ses neuf t\u00eates de liste"},"content":{"rendered":"<p>Souhaitant la parit\u00e9, <a href=\"https:\/\/www.lyonmag.com\/profil-personnalite-lyonnaise\/8\/jean-michel-aulas\" target=\"_blank\" rel=\"noopener\">Jean-Michel Aulas<\/a> avait promis d&rsquo;investir cinq femmes et quatre hommes.<\/p>\n<p>Ce dimanche soir, l&rsquo;ancien pr\u00e9sident de l&rsquo;OL a tenu parole, d\u00e9voilant ses neuf t\u00eates de liste par arrondissement.<\/p>\n<p>Pas beaucoup de place pour les surprises, avec seulement trois profils, tous f\u00e9minins, issus de la soci\u00e9t\u00e9 civile.<\/p>\n<p><strong>1er arrondissement : Laure C\u00e9dat<\/strong><\/p>\n<p>Dans le 1er arrondissement, c&rsquo;est la porte-parole de JMA, Laure C\u00e9dat, qui conduira les listes. Si son mari et elle exploitent le Caf\u00e9 203 rue du Garet, elle est davantage investie dans la vie du 5e arrondissement. Les rumeurs envoyant Edouard Hoffmann au combat sont donc \u00e9teintes.<\/p>\n<p><img loading=\"lazy\" decoding=\"async\" style=\"display: block; margin-left: auto; margin-right: auto;\" src=\"https:\/\/www.europesays.com\/fr\/wp-content\/uploads\/2026\/01\/54946677832-eb7ab3193b-o-33091.jpg\" alt=\"\" width=\"500\" height=\"375\"\/><\/p>\n<p><strong>2e arrondissement : Pierre Oliver<\/strong><\/p>\n<p>Dans le 2e arrondissement, c&rsquo;est logiquement le maire LR sortant <a href=\"https:\/\/www.lyonmag.com\/profil-personnalite-lyonnaise\/512\/pierre-oliver\" target=\"_blank\" rel=\"noopener\">Pierre Oliver<\/a> qui sera t\u00eate de liste pour tenter de conserver son si\u00e8ge.<\/p>\n<p><img loading=\"lazy\" decoding=\"async\" style=\"display: block; margin-left: auto; margin-right: auto;\" src=\"https:\/\/www.europesays.com\/fr\/wp-content\/uploads\/2026\/01\/53811931851-e797e17d2b-o-48540.jpg\" alt=\"\" width=\"500\" height=\"375\"\/><\/p>\n<p><strong>3e arrondissement : B\u00e9atrice de Montille<\/strong><\/p>\n<p>Fid\u00e8le de la premi\u00e8re heure, <a href=\"https:\/\/www.lyonmag.com\/profil-personnalite-lyonnaise\/505\/beatrice-de-montille\" target=\"_blank\" rel=\"noopener\">B\u00e9atrice de Montille<\/a> aura la lourde t\u00e2che d&rsquo;essayer de remporter le 3e arrondissement, ancien territoire pivot pour s&rsquo;assurer d&rsquo;une majorit\u00e9 au conseil municipal.<\/p>\n<p><img loading=\"lazy\" decoding=\"async\" style=\"display: block; margin-left: auto; margin-right: auto;\" src=\"https:\/\/www.europesays.com\/fr\/wp-content\/uploads\/2026\/01\/48721223568-a69c910686-o-57923.jpg\" alt=\"\" width=\"500\" height=\"375\"\/><\/p>\n<p><strong>4e arrondissement : Lo\u00efc Terrenes<\/strong><\/p>\n<p>Dans le 4e arrondissement, Lo\u00efc Terrenes a \u00e9t\u00e9 choisi par Jean-Michel Aulas. Ancien candidat malheureux aux l\u00e9gislatives, le macroniste a \u00e9t\u00e9 membre du cabinet d&rsquo;Olivier V\u00e9ran.<\/p>\n<p><img loading=\"lazy\" decoding=\"async\" style=\"display: block; margin-left: auto; margin-right: auto;\" src=\"https:\/\/www.europesays.com\/fr\/wp-content\/uploads\/2026\/01\/52143136215-72f3c5e57e-o-17577.jpg\" alt=\"\" width=\"500\" height=\"375\"\/><\/p>\n<p><strong>5e arrondissement : Thomas Rudigoz<\/strong><\/p>\n<p><a href=\"https:\/\/www.lyonmag.com\/profil-personnalite-lyonnaise\/14\/thomas-rudigoz\" target=\"_blank\" rel=\"noopener\">Thomas Rudigoz<\/a> redeviendra-t-il maire du 5e, poste occup\u00e9 de 2014 \u00e0 2017 ? L&rsquo;ex-d\u00e9put\u00e9 Renaissance a \u00e9t\u00e9 investi t\u00eate de liste.<\/p>\n<p><img loading=\"lazy\" decoding=\"async\" style=\"display: block; margin-left: auto; margin-right: auto;\" src=\"https:\/\/www.europesays.com\/fr\/wp-content\/uploads\/2026\/01\/52658758688-1097266113-o-83072.jpg\" alt=\"\" width=\"500\" height=\"375\"\/><\/p>\n<p><strong>6e arrondissement : Samuel Soulier<\/strong><\/p>\n<p><a href=\"https:\/\/www.lyonmag.com\/profil-personnalite-lyonnaise\/10\/pascal-blache\" target=\"_blank\" rel=\"noopener\">Pascal Blache<\/a> n&rsquo;assurant plus son mandat dans le 6e arrondissement, il reviendra \u00e0 l&rsquo;actuel adjoint <a href=\"https:\/\/www.lyonmag.com\/profil-personnalite-lyonnaise\/622\/samuel-soulier\" target=\"_blank\" rel=\"noopener\">Samuel Soulier<\/a> d&rsquo;essayer de lui succ\u00e9der.<\/p>\n<p><img loading=\"lazy\" decoding=\"async\" style=\"display: block; margin-left: auto; margin-right: auto;\" src=\"https:\/\/www.europesays.com\/fr\/wp-content\/uploads\/2026\/01\/54947561431-1ec8881a9b-o-11276.jpg\" alt=\"\" width=\"500\" height=\"375\"\/><\/p>\n<p><strong>7e arrondissement : Emilie Desrieux<\/strong><\/p>\n<p>Conseill\u00e8re municipale LR,\u00a0<a href=\"https:\/\/www.lyonmag.com\/profil-personnalite-lyonnaise\/513\/emilie-desrieux\" target=\"_blank\" rel=\"noopener\">Emilie Desrieux<\/a> aura la lourde t\u00e2che de viser la mairie du 7e, l&rsquo;un des arrondissements qui ne devrait pas \u00e9chapper aux \u00e9cologistes voire aux insoumis.<\/p>\n<p><img loading=\"lazy\" decoding=\"async\" style=\"display: block; margin-left: auto; margin-right: auto;\" src=\"https:\/\/www.europesays.com\/fr\/wp-content\/uploads\/2026\/01\/49945750702-4c008c611e-o-82626.jpg\" alt=\"\" width=\"500\" height=\"375\"\/><\/p>\n<p><strong>8e arrondissement : Barbara V\u00e9lon<\/strong><\/p>\n<p>Le nom de Barbara V\u00e9lon ne vous dit peut-\u00eatre rien. T\u00eate de liste dans le 8e arrondissement, elle est infirmi\u00e8re lib\u00e9rale et est pr\u00e9sent\u00e9e comme tr\u00e8s investie dans la vie locale, entre conseil de quartier Monplaisir, festival Accordanse ou comit\u00e9 des f\u00eates.<\/p>\n<p><img loading=\"lazy\" decoding=\"async\" style=\"display: block; margin-left: auto; margin-right: auto;\" src=\"https:\/\/www.europesays.com\/fr\/wp-content\/uploads\/2026\/01\/g-z8l8pxsaam6hh-14513.jpg\" alt=\"\" width=\"500\" height=\"410\"\/><\/p>\n<p><strong>9e arrondissement : Laila Khallouk<\/strong><\/p>\n<p>Enfin, Laila Khallouk est la troisi\u00e8me personnalit\u00e9 estampill\u00e9e \u00ab\u00a0soci\u00e9t\u00e9 civile\u00a0\u00bb. Cette marchande de biens, cofondatrice de G\u00e9n\u00e9ration Aulas, portera la liste dans le 9e arrondissement de Lyon.<\/p>\n<p><img loading=\"lazy\" decoding=\"async\" style=\"display: block; margin-left: auto; margin-right: auto;\" src=\"https:\/\/www.europesays.com\/fr\/wp-content\/uploads\/2026\/01\/g3eex1dwcaagy0v-47327.jpg\" alt=\"\" width=\"500\" height=\"394\"\/><\/p>\n<p>L&rsquo;\u00e9quipe investie affiche une moyenne d&rsquo;\u00e2ge de 40 ans,\u00a0\u00ab\u00a0illustrant un renouvellement g\u00e9n\u00e9rationnel r\u00e9el tout en int\u00e9grant de l&rsquo;exp\u00e9rience solide\u00a0\u00bb annonce Coeur Lyonnais.<\/p>\n","protected":false},"excerpt":{"rendered":"Souhaitant la parit\u00e9, Jean-Michel Aulas avait promis d&rsquo;investir cinq femmes et quatre hommes. Ce dimanche soir, l&rsquo;ancien pr\u00e9sident&hellip;\n","protected":false},"author":2,"featured_media":657379,"comment_status":"","ping_status":"","sticky":false,"template":"","format":"standard","meta":{"footnotes":""},"categories":[1889],"tags":[1111,11,2813,2190,2430,1109,251,1112,2811,1777,674,118,1011,27,1922,1110,1114,2428,2810,12,241,316,25,2812,517,800],"class_list":{"0":"post-657378","1":"post","2":"type-post","3":"status-publish","4":"format-standard","5":"has-post-thumbnail","7":"category-lyon","8":"tag-actu","9":"tag-actualites","10":"tag-article","11":"tag-asvel","12":"tag-auvergne-rhone-alpes","13":"tag-breves","14":"tag-culture","15":"tag-depeches","16":"tag-economique","17":"tag-eu","18":"tag-europe","19":"tag-faits-divers","20":"tag-fr","21":"tag-france","22":"tag-info","23":"tag-informations","24":"tag-infos","25":"tag-lyon","26":"tag-lyonmag","27":"tag-news","28":"tag-ol","29":"tag-politique","30":"tag-republique-francaise","31":"tag-sociale","32":"tag-sport","33":"tag-transports"},"share_on_mastodon":{"url":"https:\/\/pubeurope.com\/@fr\/115879702107547947","error":""},"_links":{"self":[{"href":"https:\/\/www.europesays.com\/fr\/wp-json\/wp\/v2\/posts\/657378","targetHints":{"allow":["GET"]}}],"collection":[{"href":"https:\/\/www.europesays.com\/fr\/wp-json\/wp\/v2\/posts"}],"about":[{"href":"https:\/\/www.europesays.com\/fr\/wp-json\/wp\/v2\/types\/post"}],"author":[{"embeddable":true,"href":"https:\/\/www.europesays.com\/fr\/wp-json\/wp\/v2\/users\/2"}],"replies":[{"embeddable":true,"href":"https:\/\/www.europesays.com\/fr\/wp-json\/wp\/v2\/comments?post=657378"}],"version-history":[{"count":0,"href":"https:\/\/www.europesays.com\/fr\/wp-json\/wp\/v2\/posts\/657378\/revisions"}],"wp:featuredmedia":[{"embeddable":true,"href":"https:\/\/www.europesays.com\/fr\/wp-json\/wp\/v2\/media\/657379"}],"wp:attachment":[{"href":"https:\/\/www.europesays.com\/fr\/wp-json\/wp\/v2\/media?parent=657378"}],"wp:term":[{"taxonomy":"category","embeddable":true,"href":"https:\/\/www.europesays.com\/fr\/wp-json\/wp\/v2\/categories?post=657378"},{"taxonomy":"post_tag","embeddable":true,"href":"https:\/\/www.europesays.com\/fr\/wp-json\/wp\/v2\/tags?post=657378"}],"curies":[{"name":"wp","href":"https:\/\/api.w.org\/{rel}","templated":true}]}}