{"id":657395,"date":"2026-01-12T02:20:18","date_gmt":"2026-01-12T02:20:18","guid":{"rendered":"https:\/\/www.europesays.com\/fr\/657395\/"},"modified":"2026-01-12T02:20:18","modified_gmt":"2026-01-12T02:20:18","slug":"un-pretexte-aux-etats-unis-le-ministere-de-la-justice-veut-engager-des-poursuites-contre-le-president-de-la-banque-centrale","status":"publish","type":"post","link":"https:\/\/www.europesays.com\/fr\/657395\/","title":{"rendered":"\u00ab Un pr\u00e9texte \u00bb : Aux \u00c9tats-Unis, le minist\u00e8re de la Justice veut engager des poursuites contre le pr\u00e9sident de la Banque Centrale"},"content":{"rendered":"<p class=\"paragraph text_align_left lp-f-body-02\">Le pr\u00e9sident de la R\u00e9serve f\u00e9d\u00e9rale <a href=\"https:\/\/www.leparisien.fr\/international\/etats-unis\/\" target=\"_blank\" rel=\"noreferrer noopener\">am\u00e9ricaine<\/a> (Fed), <a href=\"https:\/\/www.leparisien.fr\/international\/etats-unis\/ce-gars-est-un-nigaud-pourquoi-trump-sacharne-sur-jerome-powell-le-patron-de-la-reserve-federale-americaine-31-07-2025-FYPFG7SVKJH5RHTSTT5Z4EJ7XE.php\" target=\"_blank\" rel=\"noreferrer noopener\">Jerome Powell<\/a>, a annonc\u00e9 dimanche, dans un communiqu\u00e9, que la banque centrale am\u00e9ricaine avait re\u00e7u une convocation de la part du minist\u00e8re de la Justice, qui pourrait conduire \u00e0 une mise en accusation, sur la base d\u2019une de ses auditions en juin dernier.<\/p>\n<p class=\"\">Le pr\u00e9sident am\u00e9ricain a accus\u00e9 la Fed de ne pas avoir respect\u00e9 le budget pr\u00e9vu pour la r\u00e9novation de son si\u00e8ge \u00e0 Washington, estimant qu\u2019il pouvait y avoir des cas de fraude, et avan\u00e7ant un co\u00fbt total de 3,1 milliards de dollars, contre 2,7 milliards pr\u00e9vus initialement, un chiffre de Jerome Powell d\u00e9ment.<\/p>\n<p class=\"\">L\u2019accusation marque une escalade dans le conflit de longue date entre le pr\u00e9sident <a href=\"https:\/\/www.leparisien.fr\/international\/etats-unis\/donald-trump\/\" target=\"_blank\" rel=\"noreferrer noopener\">Trump<\/a> et le pr\u00e9sident de la Fed. La Maison Blanche utilise comme pr\u00e9texte ce qu\u2019elle estime \u00eatre des mensonges de Powell devant le Congr\u00e8s au sujet de l\u2019ampleur du projet.<\/p>\n<p class=\"\">\u00ab Cette menace n\u2019est pas au sujet de mon t\u00e9moignage. C\u2019est un pr\u00e9texte, la menace de poursuites est la cons\u00e9quence de la volont\u00e9 de la Fed de d\u00e9cider de ses taux dans le meilleur int\u00e9r\u00eat du public plut\u00f4t que pour r\u00e9pondre aux pr\u00e9f\u00e9rences du pr\u00e9sident \u00bb, a d\u2019ailleurs d\u00e9nonc\u00e9 Jerome Powell dans une vid\u00e9o publi\u00e9e sur le site de la banque centrale.<\/p>\n<p class=\"\">Ironique, estiment de nombreux observateurs, alors que dans le m\u00eame temps, Donald Trump a lui-m\u00eame cach\u00e9 au public am\u00e9ricain l\u2019ampleur des r\u00e9novations qu\u2019il est en train d\u2019entreprendre \u00e0 la Maison Blanche. Apr\u00e8s avoir abattu l\u2019aile est, pour y \u00e9difier une salle de bal, il a r\u00e9v\u00e9l\u00e9 la semaine derni\u00e8re qu\u2019il entendait aussi entreprendre des travaux dans l\u2019aile ouest, celle du bureau du pr\u00e9sident.<\/p>\n<p class=\"title-embed-dailymotion lp-color-text lp-f-subtitle-04\">Vid\u00e9oMalaise g\u00eanant, menace de licenciement et insultes&#8230; le duel Trump-Powell \u00e0 son paroxysme<\/p>\n<p class=\"\">La convocation de Jerome Powell s\u2019inscrit, selon le pr\u00e9sident de la Fed, dans le climat de pression exerc\u00e9 par le pr\u00e9sident am\u00e9ricain Donald Trump sur l\u2019institution, afin de la pousser \u00e0 abaisser plus fortement ses taux, alors que l\u2019inflation reste toujours au-dessus de sa cible de 2 %.<\/p>\n<p>Un renvoi pas si simple<\/p>\n<p class=\"\">La vraie question est \u00ab de savoir si la Fed sera capable de continuer \u00e0 d\u00e9terminer ses taux en se basant sur les conditions \u00e9conomiques ou si la politique mon\u00e9taire doit \u00eatre dirig\u00e9e par les pressions politiques et intimidations \u00bb, a d\u00e9clar\u00e9 Jerome Powell. \u00ab J\u2019ai servi la Fed sous quatre gouvernements, r\u00e9publicains et d\u00e9mocrates. \u00c0 chaque fois, j\u2019ai fait mon devoir sans peur ou faveur politique, concentr\u00e9 uniquement sur notre mandat. Je compte poursuivre le travail pour lequel le S\u00e9nat m\u2019a confirm\u00e9 \u00bb, a-t-il insist\u00e9.<\/p>\n<p class=\"\">Depuis le printemps, Donald Trump appelle les autres banquiers centraux am\u00e9ricains \u00e0 renverser Jerome Powell et fait r\u00e9guli\u00e8rement mine de vouloir l\u2019\u00e9jecter. \u00ab Les jeunes n\u2019arrivent pas \u00e0 acheter de maison parce que ce gars est un nigaud \u00bb, taclait alors Trump.<\/p>\n<p class=\"title-embed-dailymotion lp-color-text lp-f-subtitle-04\">Vid\u00e9oLes \u00c9tats-Unis \u00ab s&rsquo;affranchissent des r\u00e8gles internationales\u00a0\u00bb, juge Macron<\/p>\n<p class=\"\">Malgr\u00e9 ses critiques et ses menaces, limoger le pr\u00e9sident de la Fed, r\u00e9put\u00e9 pour \u00eatre pond\u00e9r\u00e9, est particuli\u00e8rement compliqu\u00e9 pour Donald Trump : pour faire partir le banquier de 72 ans, <a href=\"https:\/\/www.leparisien.fr\/international\/etats-unis\/trump-veut-limoger-le-president-de-la-fed-pourquoi-ce-nest-pas-si-simple-18-04-2025-46CGDM2LWBAATDTIAUK7ULQTNY.php\" rel=\"noopener\" target=\"_blank\">il faut prouver l\u2019existence de fautes graves ou de malversations<\/a> de la part de Jerome Powell, dont le mandat se terminera en 2026. C\u2019est pour cela que des poursuites sont aujourd\u2019hui engag\u00e9es, sur un motif fallacieux estiment les experts interrog\u00e9s.<\/p>\n<p class=\"\">Il faudrait aussi \u00eatre en mesure de renverser une jurisprudence plut\u00f4t favorable aux patrons de la Fed. Celle-ci se base sur une d\u00e9cision historique prise en 1935 par la Cour supr\u00eame am\u00e9ricaine, dans une affaire opposant un ancien pr\u00e9sident de la Commission f\u00e9d\u00e9rale du commerce, William Humphrey, et le pr\u00e9sident d\u2019alors, Franklin D. Roosevelt.<\/p>\n<p class=\"\">Le patron de l\u2019agence avait alors \u00e9t\u00e9 d\u00e9mis de ses fonctions pour s\u2019\u00eatre oppos\u00e9 aux politiques du New Deal, impos\u00e9es par Roosevelt. Mais la Cour supr\u00eame avait tranch\u00e9 en faveur de William Humphrey, estimant que son renvoi \u00e9tait abusif.<\/p>\n","protected":false},"excerpt":{"rendered":"Le pr\u00e9sident de la R\u00e9serve f\u00e9d\u00e9rale am\u00e9ricaine (Fed), Jerome Powell, a annonc\u00e9 dimanche, dans un communiqu\u00e9, que la&hellip;\n","protected":false},"author":2,"featured_media":657396,"comment_status":"","ping_status":"","sticky":false,"template":"","format":"standard","meta":{"footnotes":""},"categories":[1589],"tags":[11,73,1866,14,12,1864,1865,1863,308],"class_list":{"0":"post-657395","1":"post","2":"type-post","3":"status-publish","4":"format-standard","5":"has-post-thumbnail","7":"category-etats-unis","8":"tag-actualites","9":"tag-etats-unis","10":"tag-etats-unis-damerique","11":"tag-international","12":"tag-news","13":"tag-united-states","14":"tag-united-states-of-america","15":"tag-us","16":"tag-usa"},"share_on_mastodon":{"url":"https:\/\/pubeurope.com\/@fr\/115879740881650176","error":""},"_links":{"self":[{"href":"https:\/\/www.europesays.com\/fr\/wp-json\/wp\/v2\/posts\/657395","targetHints":{"allow":["GET"]}}],"collection":[{"href":"https:\/\/www.europesays.com\/fr\/wp-json\/wp\/v2\/posts"}],"about":[{"href":"https:\/\/www.europesays.com\/fr\/wp-json\/wp\/v2\/types\/post"}],"author":[{"embeddable":true,"href":"https:\/\/www.europesays.com\/fr\/wp-json\/wp\/v2\/users\/2"}],"replies":[{"embeddable":true,"href":"https:\/\/www.europesays.com\/fr\/wp-json\/wp\/v2\/comments?post=657395"}],"version-history":[{"count":0,"href":"https:\/\/www.europesays.com\/fr\/wp-json\/wp\/v2\/posts\/657395\/revisions"}],"wp:featuredmedia":[{"embeddable":true,"href":"https:\/\/www.europesays.com\/fr\/wp-json\/wp\/v2\/media\/657396"}],"wp:attachment":[{"href":"https:\/\/www.europesays.com\/fr\/wp-json\/wp\/v2\/media?parent=657395"}],"wp:term":[{"taxonomy":"category","embeddable":true,"href":"https:\/\/www.europesays.com\/fr\/wp-json\/wp\/v2\/categories?post=657395"},{"taxonomy":"post_tag","embeddable":true,"href":"https:\/\/www.europesays.com\/fr\/wp-json\/wp\/v2\/tags?post=657395"}],"curies":[{"name":"wp","href":"https:\/\/api.w.org\/{rel}","templated":true}]}}