{"id":657411,"date":"2026-01-12T02:32:11","date_gmt":"2026-01-12T02:32:11","guid":{"rendered":"https:\/\/www.europesays.com\/fr\/657411\/"},"modified":"2026-01-12T02:32:11","modified_gmt":"2026-01-12T02:32:11","slug":"pronostic-thanasi-kokkinakis-sebastian-korda-atp-adelaide","status":"publish","type":"post","link":"https:\/\/www.europesays.com\/fr\/657411\/","title":{"rendered":"Pronostic Thanasi Kokkinakis Sebastian Korda &#8211; ATP Adelaide"},"content":{"rendered":"<p class=\"text-xs leading-5 text-gray-400 mb-2\">\n                        Publi\u00e9 le 11\/01\/2026 07:30<br \/>\n                        \u00a0par<br \/>\n                                                            <a href=\"https:\/\/www.sportytrader.com\/auteur\/leo-measson-54\/\" target=\"_blank\" rel=\"noopener\">L\u00e9o Measson<\/a><\/p>\n<p>                                                    |<br \/>\n                            Modifi\u00e9 le<br \/>\n                                11\/01\/2026<br \/>\n                                \u00e0 07:41<\/p>\n<p>                                                                                                            dans<br \/>\n                                <a data-trans=\"tips.published.sport %sport%\" href=\"https:\/\/www.sportytrader.com\/pronostics\/tennis\/\" target=\"_blank\" rel=\"noopener\"><br \/>\n                                    Pronostics Tennis<br \/>\n                                <\/a><\/p>\n<p>Nous nous donnons rendez-vous \u00e0 Adelaide cette semaine pour l&rsquo;ouverture de l&rsquo;\u00e9dition 2026 du tournoi ATP 250 de la ville australienne ! Dans ce premier tour, le public local aura d&rsquo;ailleurs la chance de pouvoir supporter le joueur local\u00a0Thanasi Kokkinakis face \u00e0 l&rsquo;Am\u00e9ricain\u00a0Sebastian Korda pour tenter de d\u00e9crocher une place en 8e de finale.<\/p>\n<p>Les deux joueurs devraient retrouver avec plaisir les courts de tennis de ce tournoi de Auckland puisqu&rsquo;ils ont tous r\u00e9ussi de beaux parcours ici dans le pass\u00e9. Quart de finaliste l&rsquo;an dernier mais aussi demi-finaliste en 2023,\u00a0Thanasi Kokkinakis a cependant \u00e9t\u00e9 touch\u00e9 par une blessure qui l&rsquo;a tenu \u00e9loign\u00e9 des courts de tennis depuis exactement un an puisqu&rsquo;il n&rsquo;a plus jou\u00e9 depuis l&rsquo;Open d&rsquo;Australie de la saison derni\u00e8re. D\u00e9gringolant ainsi au classement, le joueur de 29 ans devrait avoir de grands espoirs pour revenir au niveau cette ann\u00e9e.<\/p>\n<p>Sebastian Korda, de son c\u00f4t\u00e9, a \u00e9t\u00e9 demi-finaliste ici en 2024 puis finaliste en 2025. Perdant de justesse le titre lors de la finale\u00a0l&rsquo;an dernier face \u00e0 F. Auger-Aliassime, l&rsquo;Am\u00e9ricain de 25 ans arrive ici certainement revanchard. D\u00e9butant sa saison au tournoi de Brisbane la semaine derni\u00e8re, il a su remporter ses deux premiers tours face \u00e0 V. Vacherot et J. Lehecka avant de s&rsquo;incliner en quart de finale face \u00e0 Alex Michelsen.\u00a0<\/p>\n","protected":false},"excerpt":{"rendered":"Publi\u00e9 le 11\/01\/2026 07:30 \u00a0par L\u00e9o Measson | Modifi\u00e9 le 11\/01\/2026 \u00e0 07:41 dans Pronostics Tennis Nous nous&hellip;\n","protected":false},"author":2,"featured_media":657412,"comment_status":"","ping_status":"","sticky":false,"template":"","format":"standard","meta":{"footnotes":""},"categories":[1415],"tags":[75989,1011,27,1817,1821,75389,60,1467,75988],"class_list":{"0":"post-657411","1":"post","2":"type-post","3":"status-publish","4":"format-standard","5":"has-post-thumbnail","7":"category-tennis","8":"tag-atp-adelaide","9":"tag-fr","10":"tag-france","11":"tag-pronostic","12":"tag-pronostics","13":"tag-sebastian-korda","14":"tag-sports","15":"tag-tennis","16":"tag-thanasi-kokkinakis"},"share_on_mastodon":{"url":"https:\/\/pubeurope.com\/@fr\/115879788048353680","error":""},"_links":{"self":[{"href":"https:\/\/www.europesays.com\/fr\/wp-json\/wp\/v2\/posts\/657411","targetHints":{"allow":["GET"]}}],"collection":[{"href":"https:\/\/www.europesays.com\/fr\/wp-json\/wp\/v2\/posts"}],"about":[{"href":"https:\/\/www.europesays.com\/fr\/wp-json\/wp\/v2\/types\/post"}],"author":[{"embeddable":true,"href":"https:\/\/www.europesays.com\/fr\/wp-json\/wp\/v2\/users\/2"}],"replies":[{"embeddable":true,"href":"https:\/\/www.europesays.com\/fr\/wp-json\/wp\/v2\/comments?post=657411"}],"version-history":[{"count":0,"href":"https:\/\/www.europesays.com\/fr\/wp-json\/wp\/v2\/posts\/657411\/revisions"}],"wp:featuredmedia":[{"embeddable":true,"href":"https:\/\/www.europesays.com\/fr\/wp-json\/wp\/v2\/media\/657412"}],"wp:attachment":[{"href":"https:\/\/www.europesays.com\/fr\/wp-json\/wp\/v2\/media?parent=657411"}],"wp:term":[{"taxonomy":"category","embeddable":true,"href":"https:\/\/www.europesays.com\/fr\/wp-json\/wp\/v2\/categories?post=657411"},{"taxonomy":"post_tag","embeddable":true,"href":"https:\/\/www.europesays.com\/fr\/wp-json\/wp\/v2\/tags?post=657411"}],"curies":[{"name":"wp","href":"https:\/\/api.w.org\/{rel}","templated":true}]}}