{"id":657423,"date":"2026-01-12T02:42:13","date_gmt":"2026-01-12T02:42:13","guid":{"rendered":"https:\/\/www.europesays.com\/fr\/657423\/"},"modified":"2026-01-12T02:42:13","modified_gmt":"2026-01-12T02:42:13","slug":"son-talent-artistique-unique-a-revolutionne-la-musique-americaine-deces-a-78-ans-de-bob-weir-guitariste-des-grateful-dead","status":"publish","type":"post","link":"https:\/\/www.europesays.com\/fr\/657423\/","title":{"rendered":"Son \u00ab\u00a0talent artistique unique a r\u00e9volutionn\u00e9 la musique am\u00e9ricaine\u00a0\u00bb\u00a0: d\u00e9c\u00e8s \u00e0 78 ans de Bob Weir, guitariste des Grateful Dead"},"content":{"rendered":"<p>Bob Weir, guitariste et fondateur du l\u00e9gendaire groupe de rock psych\u00e9d\u00e9lique californien Grateful Dead, est mort \u00e0 l\u2019\u00e2ge de 78 ans, a annonc\u00e9 sa famille ce samedi.<\/p>\n<p>Ic\u00f4nes de la contre-culture am\u00e9ricaine des ann\u00e9es 1960, les Grateful Dead \u00e9taient connus pour leur musique qui int\u00e9grait des \u00e9l\u00e9ments de blues, de country, de bluegrass et de jazz. Mais aussi et surtout pour leur communaut\u00e9 de fans, les \u00ab Deadheads \u00bb, qui les suivaient de concert en concert.<\/p>\n<p>\u00ab Il s\u2019est \u00e9teint paisiblement, entour\u00e9 de ses proches, apr\u00e8s avoir vaincu le cancer avec courage, comme seul Bobby savait le faire. Malheureusement, il a succomb\u00e9 \u00e0 des probl\u00e8mes pulmonaires sous-jacents \u00bb, pr\u00e9cise le communiqu\u00e9 diffus\u00e9 sur son site internet et ses r\u00e9seaux sociaux. Ni le lieu ni la date du d\u00e9c\u00e8s n\u2019ont \u00e9t\u00e9 pr\u00e9cis\u00e9s.<\/p>\n<p>Une v\u00e9ritable caravane d\u2019admirateurs les suivait en concert<\/p>\n<p>Le cancer du guitariste, \u00e9galement chanteur et auteur-compositeur, avait \u00e9t\u00e9 diagnostiqu\u00e9 en juillet dernier mais malgr\u00e9 son traitement, il avait c\u00e9l\u00e9br\u00e9 sur sc\u00e8ne le mois suivant ses 60 ans de carri\u00e8re trois soirs de suite dans sa ville natale de San Francisco.<\/p>\n<p>Grateful Dead a \u00e9t\u00e9 fond\u00e9 au milieu des ann\u00e9es 1960, en plein bouillonnement culturel dans la ville californienne, par Bob Weir avec Jerry Garcia, Bill Kreutzmann, Ron McKernan et Phil Lesh.<\/p>\n<\/p>\n<p>Plus que ses tubes comme \u00ab Truckin \u00bb ou \u00ab Casey Jones \u00bb, ce sont surtout ses concerts, toujours originaux, qui vont asseoir sa r\u00e9putation.<\/p>\n<p>Aux quatre coins des \u00c9tats-Unis, les tourn\u00e9es du groupe sont suivies par une v\u00e9ritable caravane d\u2019admirateurs qui n\u2019h\u00e9sitent pas \u00e0 parcourir des milliers de kilom\u00e8tres pour ne rater aucune de leurs prestations.<\/p>\n<p>Un certain nombre de ces fans sont devenus des c\u00e9l\u00e9brit\u00e9s, comme le fondateur d\u2019Apple Steve Jobs ou l\u2019ancien vice-pr\u00e9sident am\u00e9ricain Al Gore.<\/p>\n<p>\u00c0 New York samedi soir, l\u2019Empire State Building s\u2019est illumin\u00e9 de lignes multicolores, associ\u00e9es au mouvement hippie, en hommage au musicien n\u00e9 Robert Hall Parber en 1947 avant d\u2019\u00eatre adopt\u00e9 par les Weir.<\/p>\n<p>\u00ab Pendant plus de 60 ans, Bobby a sillonn\u00e9 les routes. Guitariste, chanteur, conteur et membre fondateur du groupe Grateful Dead, Bobby restera \u00e0 jamais une figure embl\u00e9matique dont le talent artistique unique a r\u00e9volutionn\u00e9 la musique am\u00e9ricaine \u00bb, a dit la famille du musicien, qui avait \u00e9galement enregistr\u00e9 plusieurs albums en solo.<\/p>\n<p>Retour du groupe sous le nom \u00ab Dead and Company \u00bb<\/p>\n<p>Peu loquace sur sc\u00e8ne, le groupe de rock psych\u00e9d\u00e9lique \u00e9tait aussi adul\u00e9 pour ses improvisations. Grateful Dead devient la premi\u00e8re formation de rock occidentale \u00e0 se produire au pied des pyramides d\u2019\u00c9gypte, \u00e0 la fin des ann\u00e9es 1970.<\/p>\n<p>\u00c0 cette \u00e9poque, \u00e0 l\u2019inverse de nombreux groupes californiens pr\u00e9cipit\u00e9s dans l\u2019oubli par la mort du mouvement hippie, Grateful Dead poursuit sa route. La formation obtient un succ\u00e8s in\u00e9dit avec \u00ab Touch of Grey \u00bb en 1987, son seul titre \u00e0 avoir figur\u00e9 parmi les dix premiers du classement am\u00e9ricain.<\/p>\n<\/p>\n<p>Le groupe d\u00e9cide de se s\u00e9parer apr\u00e8s la mort en 1995, d\u2019une crise cardiaque \u00e0 53 ans, de son chanteur historique Jerry Garcia, amateur d\u2019un large \u00e9chantillon de drogues au point d\u2019\u00eatre surnomm\u00e9 \u00ab Captain Trip \u00bb.<\/p>\n<p>Les Grateful Dead se reforment cependant r\u00e9guli\u00e8rement pour des concerts dans les ann\u00e9es suivantes. Quelques semaines \u00e0 peine pr\u00e8s une tourn\u00e9e d\u2019adieu en 2015, certains membres du groupe dont Bob Weir annoncent leur retour sous le nom \u00ab Dead and Company \u00bb.<\/p>\n<p>Bill Kreutzmann, 79 ans, est d\u00e9sormais le seul fondateur de Grateful Dead encore en vie. Le bassiste Phil Lesh est d\u00e9c\u00e9d\u00e9 en 2024 \u00e0 84 ans, tandis que Ron McKernan qui souffrait de probl\u00e8mes de sant\u00e9 et d\u2019addiction \u00e0 l\u2019alcool, \u00e9tait mort en 1973 \u00e0 27 ans.<\/p>\n","protected":false},"excerpt":{"rendered":"Bob Weir, guitariste et fondateur du l\u00e9gendaire groupe de rock psych\u00e9d\u00e9lique californien Grateful Dead, est mort \u00e0 l\u2019\u00e2ge&hellip;\n","protected":false},"author":2,"featured_media":657424,"comment_status":"","ping_status":"","sticky":false,"template":"","format":"standard","meta":{"footnotes":""},"categories":[1355],"tags":[872,58,765,59,1011,27,74,1361,873,1391,973],"class_list":{"0":"post-657423","1":"post","2":"type-post","3":"status-publish","4":"format-standard","5":"has-post-thumbnail","7":"category-musique","8":"tag-culture-et-loisirs","9":"tag-divertissement","10":"tag-en-continu","11":"tag-entertainment","12":"tag-fr","13":"tag-france","14":"tag-monde","15":"tag-music","16":"tag-musique","17":"tag-necrologie","18":"tag-people"},"share_on_mastodon":{"url":"https:\/\/pubeurope.com\/@fr\/115879827469958487","error":""},"_links":{"self":[{"href":"https:\/\/www.europesays.com\/fr\/wp-json\/wp\/v2\/posts\/657423","targetHints":{"allow":["GET"]}}],"collection":[{"href":"https:\/\/www.europesays.com\/fr\/wp-json\/wp\/v2\/posts"}],"about":[{"href":"https:\/\/www.europesays.com\/fr\/wp-json\/wp\/v2\/types\/post"}],"author":[{"embeddable":true,"href":"https:\/\/www.europesays.com\/fr\/wp-json\/wp\/v2\/users\/2"}],"replies":[{"embeddable":true,"href":"https:\/\/www.europesays.com\/fr\/wp-json\/wp\/v2\/comments?post=657423"}],"version-history":[{"count":0,"href":"https:\/\/www.europesays.com\/fr\/wp-json\/wp\/v2\/posts\/657423\/revisions"}],"wp:featuredmedia":[{"embeddable":true,"href":"https:\/\/www.europesays.com\/fr\/wp-json\/wp\/v2\/media\/657424"}],"wp:attachment":[{"href":"https:\/\/www.europesays.com\/fr\/wp-json\/wp\/v2\/media?parent=657423"}],"wp:term":[{"taxonomy":"category","embeddable":true,"href":"https:\/\/www.europesays.com\/fr\/wp-json\/wp\/v2\/categories?post=657423"},{"taxonomy":"post_tag","embeddable":true,"href":"https:\/\/www.europesays.com\/fr\/wp-json\/wp\/v2\/tags?post=657423"}],"curies":[{"name":"wp","href":"https:\/\/api.w.org\/{rel}","templated":true}]}}