{"id":657436,"date":"2026-01-12T02:49:15","date_gmt":"2026-01-12T02:49:15","guid":{"rendered":"https:\/\/www.europesays.com\/fr\/657436\/"},"modified":"2026-01-12T02:49:15","modified_gmt":"2026-01-12T02:49:15","slug":"plus-de-15-000-hectares-ravages-depuis-lundi-dans-des-feux-de-foret-en-patagonie-argentine","status":"publish","type":"post","link":"https:\/\/www.europesays.com\/fr\/657436\/","title":{"rendered":"Plus de 15\u00a0000 hectares ravag\u00e9s depuis lundi dans des feux de for\u00eat en Patagonie argentine"},"content":{"rendered":"\n<p class=\"c-chapo \">\n  Les incendies se sont d\u00e9clench\u00e9s lundi dans la station baln\u00e9aire de Puerto Patriada (Province de Chubut), \u00e0 environ 1\u00a0700 kilom\u00e8tres au sud de Buenos Aires.\n<\/p>\n<p>      lire plus tard<\/p>\n<p id=\"dialog__title\" class=\"dialog__title\">Pour sauvegarder cet article, connectez-vous ou cr\u00e9ez un compte franceinfo<\/p>\n<p class=\"dialog__description\">Sans paiement. Sans abonnement.<\/p>\n<p>        Fermer la fen\u00eatre d\u2019activation des notifications France Info<\/p>\n<p>      cr\u00e9er votre compte<\/p>\n<p>      se connecter<\/p>\n<p>      :<\/p>\n<p>        Fermer la fen\u00eatre de pr\u00e9sentation<\/p>\n<p>    <img loading=\"lazy\" decoding=\"async\" class=\"signature__image lazyload\" width=\"100\" height=\"100\" data- alt=\"\" src=\"https:\/\/www.europesays.com\/fr\/wp-content\/uploads\/2025\/05\/64a68815cd1a7_placeholder-36b69ec8.png\"\/><\/p>\n<p>    Publi\u00e9 le 11\/01\/2026 20:46<\/p>\n<p>        Temps de lecture : 1min<\/p>\n<p>    <img decoding=\"async\"  alt=\"Une femme observe un incendie de for\u00eat \u00e0 El Hoyo, dans la province de Chubut, en Argentine, le 7 janvier 2026. (MATIAS GARAY \/ EFE \/ AFP)\" width=\"432\" height=\"243\" src=\"https:\/\/www.europesays.com\/fr\/wp-content\/uploads\/2026\/01\/epaliveeight765418-6963fd06b2e69931316860.jpg\" fetchpriority=\"high\"\/><\/p>\n<p>      Une femme observe un incendie de for\u00eat \u00e0 El Hoyo, dans la province de Chubut, en Argentine, le 7 janvier 2026. (MATIAS GARAY \/ EFE \/ AFP)<\/p>\n<p>Des feux de for\u00eat en Patagonie <a href=\"https:\/\/www.franceinfo.fr\/faits-divers\/incendie-dans-un-bar-de-crans-montana-en-suisse\/reportage-les-extincteurs-n-etaient-pas-aux-normes-en-argentine-le-drame-de-crans-montana-ravive-le-douloureux-souvenir-de-l-incendie-mortel-de-2004_7732786.html\" target=\"_blank\" rel=\"noopener\">argentine<\/a> ont ravag\u00e9 pr\u00e8s de 15 000 hectares depuis lundi, et des centaines de pompiers et volontaires s&rsquo;activaient toujours dimanche 11 janvier pour contenir les flammes. Le foyer principal, pr\u00e8s de la localit\u00e9 d&rsquo;Epuy\u00e9n nich\u00e9e entre un lac glaciaire et des collines de for\u00eats primaires dans la province de Chubut, a d\u00e9j\u00e0 d\u00e9truit pr\u00e8s de 12 000 hectares, selon un communiqu\u00e9 du service provincial de lutte contre les incendies.<\/p>\n<p>Les feux se sont d\u00e9clench\u00e9s lundi dans la station baln\u00e9aire de Puerto Patriada (Province de Chubut), \u00e0 environ 1 700 kilom\u00e8tres au sud de Buenos Aires. Pr\u00e8s de 3 000 touristes \u00e0 Puerto Patriada et 15 familles d&rsquo;Epuy\u00e9n ont d\u00fb \u00eatre \u00e9vacu\u00e9s, selon Ignacio Torres, gouverneur de cette province, tandis que plus de 10 maisons ont \u00e9t\u00e9 d\u00e9truites par les flammes.<\/p>\n<p>Samedi apr\u00e8s-midi, le vent s&rsquo;est intensifi\u00e9, r\u00e9activant plusieurs secteurs et mena\u00e7ant d&rsquo;atteindre une centrale \u00e9lectrique pr\u00e8s du lac Epuy\u00e9n, selon les pompiers. Dimanche, Ignacio Torres a d\u00e9clar\u00e9 dans une interview \u00e0 la radio que la situation dans la r\u00e9gion \u00e9tait \u00ab\u00a0plus calme\u00a0\u00bb mais \u00ab\u00a0restait tr\u00e8s critique\u00a0\u00bb.<\/p>\n<p>Un autre foyer important touche le parc national Los Alerces, class\u00e9 au patrimoine mondial de l&rsquo;Unesco. La superficie touch\u00e9e n&rsquo;a pas \u00e9t\u00e9 pr\u00e9cis\u00e9e par les autorit\u00e9s.<\/p>\n","protected":false},"excerpt":{"rendered":"Les incendies se sont d\u00e9clench\u00e9s lundi dans la station baln\u00e9aire de Puerto Patriada (Province de Chubut), \u00e0 environ&hellip;\n","protected":false},"author":2,"featured_media":657437,"comment_status":"","ping_status":"","sticky":false,"template":"","format":"standard","meta":{"footnotes":""},"categories":[5],"tags":[11,1011,27,14,12,28],"class_list":{"0":"post-657436","1":"post","2":"type-post","3":"status-publish","4":"format-standard","5":"has-post-thumbnail","7":"category-international","8":"tag-actualites","9":"tag-fr","10":"tag-france","11":"tag-international","12":"tag-news","13":"tag-world"},"share_on_mastodon":{"url":"https:\/\/pubeurope.com\/@fr\/115879855122722550","error":""},"_links":{"self":[{"href":"https:\/\/www.europesays.com\/fr\/wp-json\/wp\/v2\/posts\/657436","targetHints":{"allow":["GET"]}}],"collection":[{"href":"https:\/\/www.europesays.com\/fr\/wp-json\/wp\/v2\/posts"}],"about":[{"href":"https:\/\/www.europesays.com\/fr\/wp-json\/wp\/v2\/types\/post"}],"author":[{"embeddable":true,"href":"https:\/\/www.europesays.com\/fr\/wp-json\/wp\/v2\/users\/2"}],"replies":[{"embeddable":true,"href":"https:\/\/www.europesays.com\/fr\/wp-json\/wp\/v2\/comments?post=657436"}],"version-history":[{"count":0,"href":"https:\/\/www.europesays.com\/fr\/wp-json\/wp\/v2\/posts\/657436\/revisions"}],"wp:featuredmedia":[{"embeddable":true,"href":"https:\/\/www.europesays.com\/fr\/wp-json\/wp\/v2\/media\/657437"}],"wp:attachment":[{"href":"https:\/\/www.europesays.com\/fr\/wp-json\/wp\/v2\/media?parent=657436"}],"wp:term":[{"taxonomy":"category","embeddable":true,"href":"https:\/\/www.europesays.com\/fr\/wp-json\/wp\/v2\/categories?post=657436"},{"taxonomy":"post_tag","embeddable":true,"href":"https:\/\/www.europesays.com\/fr\/wp-json\/wp\/v2\/tags?post=657436"}],"curies":[{"name":"wp","href":"https:\/\/api.w.org\/{rel}","templated":true}]}}