{"id":657438,"date":"2026-01-12T02:50:17","date_gmt":"2026-01-12T02:50:17","guid":{"rendered":"https:\/\/www.europesays.com\/fr\/657438\/"},"modified":"2026-01-12T02:50:17","modified_gmt":"2026-01-12T02:50:17","slug":"quels-sont-les-blocages-et-manifestations-prevus-ce-lundi","status":"publish","type":"post","link":"https:\/\/www.europesays.com\/fr\/657438\/","title":{"rendered":"quels sont les blocages et manifestations pr\u00e9vus ce lundi\u00a0?"},"content":{"rendered":"<p>Au<strong> Pays basque, <\/strong>alors que les agriculteurs du mouvement syndical des Ultras de l\u2019A\u00a063 bloquent l\u2019autoroute \u00e0 Bayonne <a href=\"https:\/\/www.sudouest.fr\/economie\/agriculture\/colere-des-agriculteurs\/colere-des-agriculteurs-sur-l-a63-rencontre-decisive-a-la-prefecture-des-pyrenees-atlantiques-ce-samedi-27360308.php\" target=\"_blank\" rel=\"noopener\">depuis vendredi<\/a>, une autre mobilisation d\u2019ampleur est annonc\u00e9e pour ce lundi 12\u00a0janvier. Cette fois, c\u2019est une intersyndicale, regroupant ELB, la Conf\u00e9d\u00e9ration paysanne B\u00e9arn, le Modef des Landes et la Conf\u00e9d\u00e9ration paysanne des Landes, qui organise un grand rassemblement d\u00e8s 8 heures, devant le McDonald\u2019s de l\u2019avenue du Grand-Basque, \u00e0 Bayonne. De son c\u00f4t\u00e9, la pr\u00e9fecture a appel\u00e9 ce dimanche soir \u00e0 \u00ab\u00a0la lev\u00e9e sans d\u00e9lai des blocages affectant l\u2019autoroute, au regard des cons\u00e9quences disproportionn\u00e9es qu\u2019ils font peser sur le territoire. \u00c0 d\u00e9faut de d\u00e9blocage rapide, l\u2019\u00c9tat proc\u00e9dera au d\u00e9blocage de l\u2019axe\u00a0\u00bb. <a href=\"https:\/\/www.sudouest.fr\/economie\/agriculture\/colere-des-agriculteurs\/colere-des-agriculteurs-un-grand-rassemblement-prevu-a-bayonne-ce-lundi-12-janvier-la-circulation-s-annonce-difficile-27375739.php\" target=\"_blank\" rel=\"follow noopener\">Le point complet \u00e0 lire ici.<\/a><\/p>\n<p>Concernant le <strong>B\u00e9arn<\/strong>, \u00e0 Pau, les agriculteurs de la FDSEA 64 et des Jeunes Agriculteurs 64 se mobilisent aussi ce lundi et se donnent rendez-vous \u00e0 10\u00a0h\u00a030 devant la Maison de l\u2019agriculture, boulevard Tourasse.<\/p>\n<p>        <img decoding=\"async\" id=\"27374611\" src=\"https:\/\/www.europesays.com\/fr\/wp-content\/uploads\/2026\/01\/20260111142528-mvimg22611155218.jpg\" itemprop=\"contentURL\"\/><\/p>\n<p>Bertrand Lap\u00e8gue \/ SO<\/p>\n<p>    \u00ab\u00a0D\u2019autres actions \u00e0 venir\u00a0\u00bb<\/p>\n<p>Du c\u00f4t\u00e9 de la <strong>Charente-Maritime<\/strong>, <a href=\"https:\/\/www.sudouest.fr\/charente-maritime\/la-rochelle\/colere-des-agriculteurs-une-nouvelle-journee-d-action-annoncee-ce-lundi-12-janvier-dans-l-agglo-de-la-rochelle-27375549.php\" target=\"_blank\" rel=\"noopener\">deux mobilisations sont \u00e9galement annonc\u00e9es<\/a> ce lundi dans l\u2019agglom\u00e9ration rochelaise. Le premier mouvement, \u00e0 l\u2019appel de la FNSEA et des Jeunes Agriculteurs (JA) pr\u00e9voit une journ\u00e9e \u00ab\u00a0Circuit origine des produits\u00a0\u00bb. Le deuxi\u00e8me, plus hypoth\u00e9tique, pourrait voir les membres de la Coordination rurale (CR) intervenir sur les d\u00e9p\u00f4ts p\u00e9troliers de La Pallice. Des barrages filtrants au niveau de la zone industrielle de P\u00e9rigny pour contr\u00f4ler les marchandises de certains camions sont annonc\u00e9s d\u00e8s 4 heures du matin, puis un cort\u00e8ge prendra la direction de la pr\u00e9fecture.<\/p>\n<p>En <strong>Dordogne<\/strong>, la CR 24, dont\u00a0le convoi est tout juste rentr\u00e9 de Paris, a d\u00e9j\u00e0 fait savoir qu\u2019elle se pr\u00e9parait \u00e0 de nouvelles actions.\u00a0La FDSEA et les JA, eux, ont pr\u00e9venu qu\u2019ils organiseraient une action lundi \u00e0 12 heures devant la pr\u00e9fecture, \u00e0 P\u00e9rigueux, pour d\u00e9noncer\u00a0l\u2019entr\u00e9e en vigueur de l\u2019accord Mercosur. En parall\u00e8le, les agriculteurs du canton vall\u00e9e de l\u2019Homme invitent \u00e0 un rassemblement \u00ab\u00a0pacifique\u00a0\u00bb, \u00e0 Montignac-Lascaux.<a href=\"https:\/\/www.sudouest.fr\/economie\/agriculture\/colere-des-agriculteurs\/colere-des-agriculteurs-en-dordogne-une-profonde-inquietude-et-un-nouvel-appel-a-manifester-27371947.php\" target=\"_blank\" rel=\"follow noopener\"> Le point complet \u00e0 lire ici.<\/a><\/p>\n<p>Enfin, dans les <strong>Landes<\/strong>, <a href=\"https:\/\/www.sudouest.fr\/economie\/agriculture\/colere-des-agriculteurs\/colere-des-agriculteurs-dans-les-landes-plus-que-deux-ronds-points-bloques-a-mont-de-marsan-27377731.php\" target=\"_blank\" rel=\"noopener\">les agriculteurs, concentr\u00e9s sur le rond-point du Grand-Moun et celui de l\u2019avenue du Houga \u00e0 Mont-de-Marsan, <\/a>pourraient lever le camp ce lundi sur les coups de midi avant \u00ab\u00a0d\u2019autres actions \u00e0 venir\u00a0\u00bb. En revanche, aucune action n\u2019est pour l\u2019heure pr\u00e9vue dans les d\u00e9partements de la Gironde et du Lot-et-Garonne.<\/p>\n","protected":false},"excerpt":{"rendered":"Au Pays basque, alors que les agriculteurs du mouvement syndical des Ultras de l\u2019A\u00a063 bloquent l\u2019autoroute \u00e0 Bayonne&hellip;\n","protected":false},"author":2,"featured_media":657439,"comment_status":"","ping_status":"","sticky":false,"template":"","format":"standard","meta":{"footnotes":""},"categories":[4],"tags":[11,1011,27,12,25],"class_list":{"0":"post-657438","1":"post","2":"type-post","3":"status-publish","4":"format-standard","5":"has-post-thumbnail","7":"category-france","8":"tag-actualites","9":"tag-fr","10":"tag-france","11":"tag-news","12":"tag-republique-francaise"},"share_on_mastodon":{"url":"https:\/\/pubeurope.com\/@fr\/115879858994098268","error":""},"_links":{"self":[{"href":"https:\/\/www.europesays.com\/fr\/wp-json\/wp\/v2\/posts\/657438","targetHints":{"allow":["GET"]}}],"collection":[{"href":"https:\/\/www.europesays.com\/fr\/wp-json\/wp\/v2\/posts"}],"about":[{"href":"https:\/\/www.europesays.com\/fr\/wp-json\/wp\/v2\/types\/post"}],"author":[{"embeddable":true,"href":"https:\/\/www.europesays.com\/fr\/wp-json\/wp\/v2\/users\/2"}],"replies":[{"embeddable":true,"href":"https:\/\/www.europesays.com\/fr\/wp-json\/wp\/v2\/comments?post=657438"}],"version-history":[{"count":0,"href":"https:\/\/www.europesays.com\/fr\/wp-json\/wp\/v2\/posts\/657438\/revisions"}],"wp:featuredmedia":[{"embeddable":true,"href":"https:\/\/www.europesays.com\/fr\/wp-json\/wp\/v2\/media\/657439"}],"wp:attachment":[{"href":"https:\/\/www.europesays.com\/fr\/wp-json\/wp\/v2\/media?parent=657438"}],"wp:term":[{"taxonomy":"category","embeddable":true,"href":"https:\/\/www.europesays.com\/fr\/wp-json\/wp\/v2\/categories?post=657438"},{"taxonomy":"post_tag","embeddable":true,"href":"https:\/\/www.europesays.com\/fr\/wp-json\/wp\/v2\/tags?post=657438"}],"curies":[{"name":"wp","href":"https:\/\/api.w.org\/{rel}","templated":true}]}}