{"id":657469,"date":"2026-01-12T03:16:10","date_gmt":"2026-01-12T03:16:10","guid":{"rendered":"https:\/\/www.europesays.com\/fr\/657469\/"},"modified":"2026-01-12T03:16:10","modified_gmt":"2026-01-12T03:16:10","slug":"un-homme-braque-un-commercant-au-couteau-la-police-municipale-lapprehende-grace-aux-cameras","status":"publish","type":"post","link":"https:\/\/www.europesays.com\/fr\/657469\/","title":{"rendered":"Un homme braque un commer\u00e7ant au couteau\u00a0: la police municipale l\u2019appr\u00e9hende gr\u00e2ce aux cam\u00e9ras"},"content":{"rendered":"<p>\n                                                                    l&rsquo;essentiel<br \/>\n                                                                Il a d\u00e9gain\u00e9 un couteau pour voler un commer\u00e7ant, aux Carmes. Mais la r\u00e9activit\u00e9 de la police municipale et les cam\u00e9ras de vid\u00e9oprotection l\u2019ont pist\u00e9 \u00e0 la trace.\n                            <\/p>\n<p>La vid\u00e9oprotection en renfort. Samedi 10\u00a0janvier 2026, peu avant 13\u00a0heures, jour d\u2019affluence s\u2019il en est, un individu arm\u00e9 d\u2019un couteau a braqu\u00e9 un commer\u00e7ant, au march\u00e9 des Carmes, \u00e0 Toulouse.<\/p>\n<p>Il s\u2019engouffre m\u00e9tro Capitole<\/p>\n<p>Quelques instants plus t\u00f4t, il s\u2019\u00e9tait introduit par ruse dans la loge d\u2019un autre commer\u00e7ant pour lui d\u00e9rober son portefeuille.<\/p>\n<p>Gr\u00e2ce \u00e0 la description faite par la victime, \u00e0 la r\u00e9activit\u00e9 des forces de l\u2019ordre et aux op\u00e9rateurs derri\u00e8re leurs cam\u00e9ras, l\u2019auteur pr\u00e9sum\u00e9, qui s\u2019\u00e9tait enfui par la rue des Filatiers, avant de s\u2019engouffrer m\u00e9tro Capitole, a \u00e9t\u00e9 rep\u00e9r\u00e9 moins d\u2019une heure plus tard, du c\u00f4t\u00e9 de Bagatelle.<\/p>\n<p>710 cam\u00e9ras sur la voie publique<\/p>\n<p>Trois \u00e9quipages de la police municipale \u2013 dont des motards \u2013 ont converg\u00e9 route de Seysses, pour intercepter au final le principal suspect, \u00e2g\u00e9 de 32 ans, et deux complices pr\u00e9sum\u00e9s, qui circulaient en voiture. Direction le commissariat pour une garde \u00e0 vue.<\/p>\n<blockquote data-class=\"twitter-tweet\">\n<p lang=\"fr\" dir=\"ltr\">\\ud83d\\udea8 Vols avec arme blanche march\u00e9 des Carmes (12h43) : auteur rep\u00e9r\u00e9 par la vid\u00e9o \u00e0 13h35 H Desbals, intercept\u00e9 route de Seysses par 3 \u00e9quipage de la Police Municipale et pr\u00e9sent\u00e9 \u00e0 l&rsquo;OPJ d\u00e8s 14h25 avec 2 complices!<br \/>Bravo aux op\u00e9rateurs vid\u00e9o et aux \u00e9quipages. \\ud83d\\ude94\\ud83d\\udc4f <a href=\"https:\/\/twitter.com\/hashtag\/Toulouse?src=hash&amp;ref_src=twsrc%5Etfw\" target=\"_blank\" rel=\"noopener\">#Toulouse<\/a><\/p>\n<p>\u2014 Emilion Esnault Compte Institutionnel (@EsnaultEmilion) <a href=\"https:\/\/twitter.com\/EsnaultEmilion\/status\/2009991253749043611?ref_src=twsrc%5Etfw\" target=\"_blank\" rel=\"noopener\">January 10, 2026<\/a><\/p><\/blockquote>\n<p>\u00ab\u00a0Je salue la prouesse et les yeux en or des op\u00e9rateurs vid\u00e9o \u00e0 qui rien n\u2019\u00e9chappe, commente l\u2019adjoint \u00e0 la s\u00e9curit\u00e9, Emilion Esnault. C\u2019est gr\u00e2ce, notamment, au renvoi d\u2019images de Tiss\u00e9o vers le\u00a0PC vid\u00e9o que le mis en cause a pu \u00eatre rep\u00e9r\u00e9 aussi rapidement\u00a0\u00bb.<\/p>\n<p>\u00c0 ce jour, Toulouse dispose de 390 policiers municipaux\u00a0et d\u2019une centaine de personnes (op\u00e9rateurs vid\u00e9o ou radio et chefs de salle), \u00ab\u00a0qui se relaient 24\/24, 7\/7 jours\u00a0\u00bb.<\/p>\n<p>                                                                                                                                                                                                        <script async src=\"https:\/\/platform.twitter.com\/widgets.js\" charset=\"utf-8\"><\/script><\/p>\n","protected":false},"excerpt":{"rendered":"l&rsquo;essentiel Il a d\u00e9gain\u00e9 un couteau pour voler un commer\u00e7ant, aux Carmes. Mais la r\u00e9activit\u00e9 de la police&hellip;\n","protected":false},"author":2,"featured_media":657470,"comment_status":"","ping_status":"","sticky":false,"template":"","format":"standard","meta":{"footnotes":""},"categories":[2816],"tags":[1111,11,1777,674,118,1011,27,2722,12,2680,25,2312],"class_list":{"0":"post-657469","1":"post","2":"type-post","3":"status-publish","4":"format-standard","5":"has-post-thumbnail","7":"category-toulouse","8":"tag-actu","9":"tag-actualites","10":"tag-eu","11":"tag-europe","12":"tag-faits-divers","13":"tag-fr","14":"tag-france","15":"tag-haute-garonne","16":"tag-news","17":"tag-occitanie","18":"tag-republique-francaise","19":"tag-toulouse"},"share_on_mastodon":{"url":"https:\/\/pubeurope.com\/@fr\/115879961093127931","error":""},"_links":{"self":[{"href":"https:\/\/www.europesays.com\/fr\/wp-json\/wp\/v2\/posts\/657469","targetHints":{"allow":["GET"]}}],"collection":[{"href":"https:\/\/www.europesays.com\/fr\/wp-json\/wp\/v2\/posts"}],"about":[{"href":"https:\/\/www.europesays.com\/fr\/wp-json\/wp\/v2\/types\/post"}],"author":[{"embeddable":true,"href":"https:\/\/www.europesays.com\/fr\/wp-json\/wp\/v2\/users\/2"}],"replies":[{"embeddable":true,"href":"https:\/\/www.europesays.com\/fr\/wp-json\/wp\/v2\/comments?post=657469"}],"version-history":[{"count":0,"href":"https:\/\/www.europesays.com\/fr\/wp-json\/wp\/v2\/posts\/657469\/revisions"}],"wp:featuredmedia":[{"embeddable":true,"href":"https:\/\/www.europesays.com\/fr\/wp-json\/wp\/v2\/media\/657470"}],"wp:attachment":[{"href":"https:\/\/www.europesays.com\/fr\/wp-json\/wp\/v2\/media?parent=657469"}],"wp:term":[{"taxonomy":"category","embeddable":true,"href":"https:\/\/www.europesays.com\/fr\/wp-json\/wp\/v2\/categories?post=657469"},{"taxonomy":"post_tag","embeddable":true,"href":"https:\/\/www.europesays.com\/fr\/wp-json\/wp\/v2\/tags?post=657469"}],"curies":[{"name":"wp","href":"https:\/\/api.w.org\/{rel}","templated":true}]}}