{"id":657473,"date":"2026-01-12T03:19:37","date_gmt":"2026-01-12T03:19:37","guid":{"rendered":"https:\/\/www.europesays.com\/fr\/657473\/"},"modified":"2026-01-12T03:19:37","modified_gmt":"2026-01-12T03:19:37","slug":"ol-1-2-endrick-un-613e-joueur-marquant","status":"publish","type":"post","link":"https:\/\/www.europesays.com\/fr\/657473\/","title":{"rendered":"OL (1-2) : Endrick, un 613e joueur marquant"},"content":{"rendered":"<p>                            <img width=\"770\" height=\"433\" src=\"https:\/\/www.europesays.com\/fr\/wp-content\/uploads\/2026\/01\/AFP__20260111__92CT79F__v1__HighRes__FblFraCupLilleLyon-770x433.jpg\" class=\"attachment-article size-article wp-post-image\" alt=\"\" decoding=\"async\" fetchpriority=\"high\"  \/><\/p>\n<p>Endrick avec ses co\u00e9quipiers de l\u2019OL (Photo by Francois LO PRESTI \/ AFP)<\/p>\n<p>Titulaire pour sa premi\u00e8re avec l&rsquo;OL \u00e0 Lille, Endrick s&rsquo;est d\u00e9j\u00e0 signal\u00e9 (1-2). Il a marqu\u00e9 et donn\u00e9 la victoire \u00e0 son \u00e9quipe.<\/p>\n<p>Il \u00e9tait au centre des discussions <a href=\"https:\/\/www.olympique-et-lyonnais.com\/coupe-de-france-lille-ol-et-lattraction-endrick,388420.html\" target=\"_blank\" rel=\"noopener\">et de l&rsquo;attention<\/a>. Ce dimanche, <strong>Endrick <\/strong>\u00e9tait l&rsquo;homme le plus attendu du 16es de finale de Coupe de France entre Lille et l&rsquo;OL (<a href=\"https:\/\/www.olympique-et-lyonnais.com\/coupe-de-france-endrick-buteur-pour-sa-premiere-lol-elimine-lille-en-16es-1-2,388454.html\" target=\"_blank\" rel=\"noopener\">1-2<\/a>). Et on peut dire qu&rsquo;on a vu l&rsquo;ensemble de sa palette. Des gestes techniques, une volont\u00e9 constante d&rsquo;aller vers l&rsquo;avant, quelques mauvais choix individualistes et surtout, ses frappes puissantes.<\/p>\n<p>Le 613e joueur de l&rsquo;histoire de l&rsquo;Olympique lyonnais a un statut \u00e0 part car il vient du Real Madrid et doit incarner le num\u00e9ro 9 qui pourrait permettre \u00e0 cette formation de retrouver la Ligue des champions. Son aventure a id\u00e9alement commenc\u00e9 avec la qualification et ce but survenu juste avant la mi-temps.<\/p>\n<p>49e Lyonnais \u00e0 marquer pour ses d\u00e9buts<\/p>\n<p>Apr\u00e8s des tentatives lointaines, c&rsquo;est finalement de pr\u00e8s qu&rsquo;il a trouv\u00e9 la faille. Il \u00e9tait \u00e0 l&rsquo;aff\u00fbt au second poteau pour conclure une d\u00e9viation astucieuse de Corentin <strong>Tolisso<\/strong>. Le Br\u00e9silien a finalement fait ce qu&rsquo;on esp\u00e9rait de lui, m\u00eame s&rsquo;il y aurait des choses \u00e0 redire sur son pressing, notamment. Sur la fin, avant de sortir \u00e0 la 70e, on l&rsquo;a aussi senti fatigu\u00e9, ce qui est normal au vu de son faible temps de jeu sur la premi\u00e8re moiti\u00e9 de saison. <\/p>\n<p>Voil\u00e0, l&rsquo;aventure est d\u00e9sormais lanc\u00e9e pour Endrick, qui, pour l&rsquo;anecdote, est le 49e \u00e0 marquer pour ses d\u00e9buts avec l&rsquo;OL. Une liste comprenant d&rsquo;illustres noms comme Bernard <strong>Lacombe<\/strong>, Alain\u00a0<strong>Caveglia<\/strong>, Lisandro <strong>Lopez <\/strong>ou ses compatriotes <strong>Fred<\/strong> et <strong>Nilmar<\/strong>. Un certain Mariano <strong>Diaz <\/strong>en avait fait de m\u00eame en 2017. \u00c0 lui de choisir la meilleure trajectoire \u00e0 imiter durant ce semestre en France.<\/p>\n","protected":false},"excerpt":{"rendered":"Endrick avec ses co\u00e9quipiers de l\u2019OL (Photo by Francois LO PRESTI \/ AFP) Titulaire pour sa premi\u00e8re avec&hellip;\n","protected":false},"author":2,"featured_media":657474,"comment_status":"","ping_status":"","sticky":false,"template":"","format":"standard","meta":{"footnotes":""},"categories":[2815],"tags":[1111,11,64783,1777,674,1011,27,811,1307,12,241,25],"class_list":{"0":"post-657473","1":"post","2":"type-post","3":"status-publish","4":"format-standard","5":"has-post-thumbnail","7":"category-lille","8":"tag-actu","9":"tag-actualites","10":"tag-endrick","11":"tag-eu","12":"tag-europe","13":"tag-fr","14":"tag-france","15":"tag-hauts-de-france","16":"tag-lille","17":"tag-news","18":"tag-ol","19":"tag-republique-francaise"},"share_on_mastodon":{"url":"https:\/\/pubeurope.com\/@fr\/115879972989765135","error":""},"_links":{"self":[{"href":"https:\/\/www.europesays.com\/fr\/wp-json\/wp\/v2\/posts\/657473","targetHints":{"allow":["GET"]}}],"collection":[{"href":"https:\/\/www.europesays.com\/fr\/wp-json\/wp\/v2\/posts"}],"about":[{"href":"https:\/\/www.europesays.com\/fr\/wp-json\/wp\/v2\/types\/post"}],"author":[{"embeddable":true,"href":"https:\/\/www.europesays.com\/fr\/wp-json\/wp\/v2\/users\/2"}],"replies":[{"embeddable":true,"href":"https:\/\/www.europesays.com\/fr\/wp-json\/wp\/v2\/comments?post=657473"}],"version-history":[{"count":0,"href":"https:\/\/www.europesays.com\/fr\/wp-json\/wp\/v2\/posts\/657473\/revisions"}],"wp:featuredmedia":[{"embeddable":true,"href":"https:\/\/www.europesays.com\/fr\/wp-json\/wp\/v2\/media\/657474"}],"wp:attachment":[{"href":"https:\/\/www.europesays.com\/fr\/wp-json\/wp\/v2\/media?parent=657473"}],"wp:term":[{"taxonomy":"category","embeddable":true,"href":"https:\/\/www.europesays.com\/fr\/wp-json\/wp\/v2\/categories?post=657473"},{"taxonomy":"post_tag","embeddable":true,"href":"https:\/\/www.europesays.com\/fr\/wp-json\/wp\/v2\/tags?post=657473"}],"curies":[{"name":"wp","href":"https:\/\/api.w.org\/{rel}","templated":true}]}}