{"id":657475,"date":"2026-01-12T03:20:32","date_gmt":"2026-01-12T03:20:32","guid":{"rendered":"https:\/\/www.europesays.com\/fr\/657475\/"},"modified":"2026-01-12T03:20:32","modified_gmt":"2026-01-12T03:20:32","slug":"les-sinistres-du-8-juillet-a-marseille-demandent-reparation","status":"publish","type":"post","link":"https:\/\/www.europesays.com\/fr\/657475\/","title":{"rendered":"Les sinistr\u00e9s du 8 juillet \u00e0 Marseille demandent r\u00e9paration"},"content":{"rendered":"\n<p>Les assurances et expertises tra\u00eenent en longueur. Six mois apr\u00e8s le violent incendie qui a ravag\u00e9 quelques 90 habitations, accusant le manque de r\u00e9activit\u00e9 qui freine les r\u00e9habilitations, les habitants de l\u2019Estaque se sont r\u00e9unis au sein d\u2019une association.<\/p>\n<p>Cr\u00e9\u00e9e \u00e0 la mi-d\u00e9cembre, dans le sillon d\u2019un collectif venu en aide aux sinistr\u00e9s, l\u2019association veut \u00ab\u00a0devenir l\u2019interlocuteur des pouvoirs publics et des assurances, afin d\u2019assurer un meilleur suivi et une meilleure prise en charge des personnes sinistr\u00e9es\u00a0\u00bb, explique leur communiqu\u00e9. Ils ont ainsi interpell\u00e9 les autorit\u00e9s pour exiger la tenue d\u2019un Clav, structure garantissant un suivi des dispositifs d\u2019aide, notamment en termes d\u2019indemnisation et d\u2019accompagnement dans les d\u00e9marches administratives.<\/p>\n<p>\u00c0 ce jour, \u00ab\u00a0aucuns travaux n\u2019ont pu \u00eatre entrepris \u00e0 cause de l\u2019extr\u00eame lenteur de la conduite des expertises et contre-expertises par les diff\u00e9rentes assurances concern\u00e9es\u00a0\u00bb, d\u00e9plore dans un communiqu\u00e9 publi\u00e9 mardi l\u2019Association des victimes de l\u2019incendie du 8\u00a0juillet. L\u2019association a recens\u00e9 478\u00a0personnes \u00ab\u00a0sinistr\u00e9es\u00a0\u00bb \u00e0 des degr\u00e9s diff\u00e9rents, pr\u00e9cise sa pr\u00e9sidente Mathilde Favier. Elle-m\u00eame concern\u00e9e par des travaux d\u2019ampleur qui s\u2019\u00e9l\u00e8vent \u00e0 plusieurs centaines de milliers d\u2019euros. Le temps presse et les relogements temporaires sont couvert plus ou moins sur 12\u00a0mois de loyers, selon les assureurs et les contrats.<\/p>\n<p> Un Clav en f\u00e9vrier\n              <\/p>\n<p>En proie \u00e0 un sentiment d\u2019abandon profond. D\u2019autant plus fort que l\u2019incendie a engendr\u00e9 des difficult\u00e9s cumul\u00e9es par la suite. Fin septembre, les pluies violentes ont charri\u00e9 des torrents de boues et inond\u00e9 plusieurs habitations. Il y a quelques jours, les riverains de la mont\u00e9e Pichou se sont retrouv\u00e9s priv\u00e9s de chauffage, suite \u00e0 une avarie \u00e9lectrique, en pleine vague de froid. La pr\u00e9fecture des Bouches-du-Rh\u00f4ne a confirm\u00e9 la tenue d\u2019un Clav, indique l\u2019AFP. Avec une premi\u00e8re r\u00e9union potentiellement d\u00e9but f\u00e9vrier.<\/p>\n","protected":false},"excerpt":{"rendered":"Les assurances et expertises tra\u00eenent en longueur. Six mois apr\u00e8s le violent incendie qui a ravag\u00e9 quelques 90&hellip;\n","protected":false},"author":2,"featured_media":657476,"comment_status":"","ping_status":"","sticky":false,"template":"","format":"standard","meta":{"footnotes":""},"categories":[2814],"tags":[1111,11,1777,674,1011,27,884,4801,12,882,25],"class_list":{"0":"post-657475","1":"post","2":"type-post","3":"status-publish","4":"format-standard","5":"has-post-thumbnail","7":"category-marseille","8":"tag-actu","9":"tag-actualites","10":"tag-eu","11":"tag-europe","12":"tag-fr","13":"tag-france","14":"tag-marseille","15":"tag-myriam-guillaume","16":"tag-news","17":"tag-provence-alpes-cote-dazur","18":"tag-republique-francaise"},"share_on_mastodon":{"url":"https:\/\/pubeurope.com\/@fr\/115879976839385660","error":""},"_links":{"self":[{"href":"https:\/\/www.europesays.com\/fr\/wp-json\/wp\/v2\/posts\/657475","targetHints":{"allow":["GET"]}}],"collection":[{"href":"https:\/\/www.europesays.com\/fr\/wp-json\/wp\/v2\/posts"}],"about":[{"href":"https:\/\/www.europesays.com\/fr\/wp-json\/wp\/v2\/types\/post"}],"author":[{"embeddable":true,"href":"https:\/\/www.europesays.com\/fr\/wp-json\/wp\/v2\/users\/2"}],"replies":[{"embeddable":true,"href":"https:\/\/www.europesays.com\/fr\/wp-json\/wp\/v2\/comments?post=657475"}],"version-history":[{"count":0,"href":"https:\/\/www.europesays.com\/fr\/wp-json\/wp\/v2\/posts\/657475\/revisions"}],"wp:featuredmedia":[{"embeddable":true,"href":"https:\/\/www.europesays.com\/fr\/wp-json\/wp\/v2\/media\/657476"}],"wp:attachment":[{"href":"https:\/\/www.europesays.com\/fr\/wp-json\/wp\/v2\/media?parent=657475"}],"wp:term":[{"taxonomy":"category","embeddable":true,"href":"https:\/\/www.europesays.com\/fr\/wp-json\/wp\/v2\/categories?post=657475"},{"taxonomy":"post_tag","embeddable":true,"href":"https:\/\/www.europesays.com\/fr\/wp-json\/wp\/v2\/tags?post=657475"}],"curies":[{"name":"wp","href":"https:\/\/api.w.org\/{rel}","templated":true}]}}