{"id":657492,"date":"2026-01-12T03:30:36","date_gmt":"2026-01-12T03:30:36","guid":{"rendered":"https:\/\/www.europesays.com\/fr\/657492\/"},"modified":"2026-01-12T03:30:36","modified_gmt":"2026-01-12T03:30:36","slug":"giorgia-meloni-estime-que-le-moment-est-venu-pour-leurope-de-retablir-le-dialogue-avec-la-russie","status":"publish","type":"post","link":"https:\/\/www.europesays.com\/fr\/657492\/","title":{"rendered":"Giorgia Meloni estime que le moment est venu pour l\u2019Europe de r\u00e9tablir le dialogue avec la Russie"},"content":{"rendered":"<p>Si l\u2019Europe veut \u00eatre entendue dans l\u2019objectif d\u2019<a target=\"_self\" href=\"https:\/\/www.lanouvellerepublique.fr\/a-la-une\/a-paris-la-coalition-des-volontaires-veut-montrer-qu-elle-sera-au-coeur-d-une-paix-durable-en-ukraine-1767632631\" rel=\"noopener\">obtenir une paix durable<\/a> en <a target=\"_self\" href=\"https:\/\/www.lanouvellerepublique.fr\/france-monde\/ukraine\" rel=\"noopener\">Ukraine<\/a> alors elle doit reprendre le dialogue avec Moscou et surtout parler d\u2019une seule fois a d\u00e9fendu, vendredi 9\u00a0janvier 2026, la premi\u00e8re ministre italienne Giorgia Meloni. \u00ab\u00a0Si l\u2019Europe d\u00e9cide de participer \u00e0 la phase de n\u00e9gociations en cours en parlant avec une seule des parties (les Ukrainiens et les Am\u00e9ricains), je crains qu\u2019\u00e0 la fin sa contribution positive soit limit\u00e9e\u00a0\u00bb, a estim\u00e9 Giorgia Meloni\u00a0lors de sa conf\u00e9rence de presse de d\u00e9but d\u2019ann\u00e9e.<\/p>\n<p>\u00ab\u00a0La question est de savoir qui devrait le faire. Car si nous faisions l\u2019erreur de d\u00e9cider d\u2019une part de r\u00e9tablir la communication avec la Russie et d\u2019autre part d\u2019y aller en ordre dispers\u00e9, nous rendrions un service \u00e0 (Vladimir) Poutine, ce qui est la derni\u00e8re chose dont j\u2019ai envie\u00a0\u00bb, a ajout\u00e9 la cheffe du gouvernement italien, qui soutient plut\u00f4t Kiev dans sa lutte contre la Russie.<\/p>\n<p>Un envoy\u00e9 sp\u00e9cial de l\u2019Europe<\/p>\n<p>Selon elle, un \u00ab\u00a0envoy\u00e9 sp\u00e9cial de l\u2019Europe sur la question ukrainienne nous permettrait de faire la synth\u00e8se, de parler d\u2019une seule voix\u00a0\u00bb, car \u00ab\u00a0depuis le d\u00e9but des n\u00e9gociations, de nombreuses voix parlent, de nombreux formats existent\u00a0\u00bb. Interrog\u00e9e sur la possibilit\u00e9 de voir la Russie r\u00e9int\u00e9grer le G7, Giorgia Meloni a jug\u00e9 \u00ab\u00a0absolument pr\u00e9matur\u00e9\u00a0\u00bb \u00e0 l\u2019heure actuelle d\u2019en parler, m\u00eame si c\u2019est un sujet qui pourra \u00eatre abord\u00e9 \u00ab\u00a0quand et s\u2019il y a\u00a0\u00bb la paix.<\/p>\n<p>Mardi, 35 pays europ\u00e9ens et alli\u00e9s de l\u2019Ukraine r\u00e9unis au sein de la \u00ab\u00a0Coalition des volontaires\u00a0\u00bb <a target=\"_self\" href=\"https:\/\/www.lanouvellerepublique.fr\/a-la-une\/guerre-en-ukraine-paris-londres-et-kiev-s-accordent-sur-la-creation-d-une-force-multinationale-apres-un-cessez-le-feu-1767726283\" rel=\"noopener\">ont pr\u00e9sent\u00e9\u00a0un plan en cinq points, \u00e0 Paris, pour garantir une paix durable en Ukraine<\/a> une fois qu\u2019un cessez-le-feu aura \u00e9t\u00e9 conclu entre Kiev et Moscou. Ce plan qui pr\u00e9voit notamment la cr\u00e9ation d\u2019<a target=\"_self\" href=\"https:\/\/www.lanouvellerepublique.fr\/a-la-une\/guerre-en-ukraine-paris-londres-et-kiev-s-accordent-sur-la-creation-d-une-force-multinationale-apres-un-cessez-le-feu-1767726283\" rel=\"noopener\">une \u00ab\u00a0force multinationale\u00a0\u00bb<\/a> destin\u00e9e \u00e0 dissuader la Russie d\u2019attaquer \u00e0 nouveau l\u2019Ukraine est soutenu par les Am\u00e9ricains, repr\u00e9sent\u00e9s \u00e0 Paris par\u00a0Steve Witkoff, \u00e9missaire de Donald Trump, et son gendre Jared Kushner.<\/p>\n<p>La Russie a estim\u00e9 que\u00a0toute pr\u00e9sence militaire occidentale, pr\u00e9sente \u00e0 l\u2019avenir en Ukraine, <a target=\"_self\" href=\"https:\/\/www.lanouvellerepublique.fr\/a-la-une\/guerre-en-ukraine-la-russie-considerera-toute-presence-militaire-occidentale-dans-le-pays-comme-une-cible-legitime-1767873432\" rel=\"noopener\">constituerait une \u00ab\u00a0cible l\u00e9gitime\u00a0\u00bb pour Moscou<\/a>.<\/p>\n","protected":false},"excerpt":{"rendered":"Si l\u2019Europe veut \u00eatre entendue dans l\u2019objectif d\u2019obtenir une paix durable en Ukraine alors elle doit reprendre le&hellip;\n","protected":false},"author":2,"featured_media":657493,"comment_status":"","ping_status":"","sticky":false,"template":"","format":"standard","meta":{"footnotes":""},"categories":[1591],"tags":[328,11,73,1887,329,452,74,12,316,1885,1886,132,220,364],"class_list":{"0":"post-657492","1":"post","2":"type-post","3":"status-publish","4":"format-standard","5":"has-post-thumbnail","7":"category-russie","8":"tag-a-la-une","9":"tag-actualites","10":"tag-etats-unis","11":"tag-federation-de-russie","12":"tag-france-monde","13":"tag-italie","14":"tag-monde","15":"tag-news","16":"tag-politique","17":"tag-russia","18":"tag-russian-federation","19":"tag-russie","20":"tag-ukraine","21":"tag-union-europeenne"},"share_on_mastodon":{"url":"https:\/\/pubeurope.com\/@fr\/115880017608758903","error":""},"_links":{"self":[{"href":"https:\/\/www.europesays.com\/fr\/wp-json\/wp\/v2\/posts\/657492","targetHints":{"allow":["GET"]}}],"collection":[{"href":"https:\/\/www.europesays.com\/fr\/wp-json\/wp\/v2\/posts"}],"about":[{"href":"https:\/\/www.europesays.com\/fr\/wp-json\/wp\/v2\/types\/post"}],"author":[{"embeddable":true,"href":"https:\/\/www.europesays.com\/fr\/wp-json\/wp\/v2\/users\/2"}],"replies":[{"embeddable":true,"href":"https:\/\/www.europesays.com\/fr\/wp-json\/wp\/v2\/comments?post=657492"}],"version-history":[{"count":0,"href":"https:\/\/www.europesays.com\/fr\/wp-json\/wp\/v2\/posts\/657492\/revisions"}],"wp:featuredmedia":[{"embeddable":true,"href":"https:\/\/www.europesays.com\/fr\/wp-json\/wp\/v2\/media\/657493"}],"wp:attachment":[{"href":"https:\/\/www.europesays.com\/fr\/wp-json\/wp\/v2\/media?parent=657492"}],"wp:term":[{"taxonomy":"category","embeddable":true,"href":"https:\/\/www.europesays.com\/fr\/wp-json\/wp\/v2\/categories?post=657492"},{"taxonomy":"post_tag","embeddable":true,"href":"https:\/\/www.europesays.com\/fr\/wp-json\/wp\/v2\/tags?post=657492"}],"curies":[{"name":"wp","href":"https:\/\/api.w.org\/{rel}","templated":true}]}}