{"id":657504,"date":"2026-01-12T03:36:11","date_gmt":"2026-01-12T03:36:11","guid":{"rendered":"https:\/\/www.europesays.com\/fr\/657504\/"},"modified":"2026-01-12T03:36:11","modified_gmt":"2026-01-12T03:36:11","slug":"lue-confirme-quursula-von-der-leyen-signera-bien-samedi-le-traite-avec-le-mercosur","status":"publish","type":"post","link":"https:\/\/www.europesays.com\/fr\/657504\/","title":{"rendered":"L\u2019UE confirme qu\u2019Ursula von\u00a0der\u00a0Leyen signera bien samedi le trait\u00e9 avec le Mercosur"},"content":{"rendered":"<p>C\u2019est une annonce qui va notamment <a href=\"https:\/\/www.20minutes.fr\/monde\/bresil\/4192604-20251221-crise-agricole-lula-mise-france-isolee-pouvant-empecher-accord-ue-mercosur\" target=\"_blank\" class=\"c-link c-link--is-underlined\" rel=\"noopener\">ravir le pr\u00e9sident br\u00e9silien Lula<\/a> mais qui risque dans le m\u00eame temps d\u2019amplifier la col\u00e8re d\u2019une partie des agriculteurs europ\u00e9ens. La pr\u00e9sidente de la commission europ\u00e9enne Ursula von\u00a0der\u00a0Leyen va bien signer samedi 17\u00a0janvier le trait\u00e9 de libre-\u00e9change avec une partie des pays du Mercosur, a annonc\u00e9 Bruxelles dimanche.<\/p>\n<p>L\u2019UE a donn\u00e9 son feu vert vendredi \u00e0 cet important accord commercial avec l\u2019Argentine, le Br\u00e9sil, le Paraguay et l\u2019Uruguay qui va cr\u00e9er l\u2019<a href=\"https:\/\/www.20minutes.fr\/planete\/4191577-20251216-viande-hormones-pesticides-traite-ue-mercosur-vraiment-porte-ouverte-fait-pire\" target=\"_blank\" class=\"c-link c-link--is-underlined\" rel=\"noopener\">une des plus grandes zones de libre-\u00e9change au monde<\/a>, de plus de 700\u00a0millions de consommateurs. Ursula von\u00a0der\u00a0Leyen a d\u2019ailleurs salu\u00e9 vendredi un \u00ab\u00a0accord historique\u00a0\u00bb avec l\u2019Am\u00e9rique latine, qu\u2019elle a \u00ab\u00a0h\u00e2te\u00a0\u00bb de parapher.<\/p>\n<p>Le feu vert d\u00e9cisif de Meloni<\/p>\n<p>Fruit de plus de 25 ans de n\u00e9gociations, le trait\u00e9 ne fait toutefois pas l\u2019unanimit\u00e9 en Europe. Si une majorit\u00e9 d\u2019Etats europ\u00e9ens a donn\u00e9 son aval, gr\u00e2ce au soutien d\u00e9cisif de l\u2019Italie de Giorgia Meloni, la Hongrie, la Pologne, l\u2019Irlande, l\u2019Autriche et la France se sont oppos\u00e9es \u00e0 cet accord.<\/p>\n<p>Pour ses partisans, ce trait\u00e9 va permettre de relancer une \u00e9conomie europ\u00e9enne \u00e0 la peine. En supprimant une large part des droits de douane, il favorisera les exportations europ\u00e9ennes de voitures, de machines, de vins et de fromages.<\/p>\n<p>Les agriculteurs restent mobilis\u00e9s<\/p>\n<p>Mais pour ses d\u00e9tracteurs, il va faciliter l\u2019entr\u00e9e en Europe de b\u0153uf, de volaille, sucre, riz, miel et soja sud-am\u00e9ricains, avec des quotas de produits d\u00e9tax\u00e9s. Et cela rend furieux de nombreux agriculteurs europ\u00e9ens, inquiets de la perspective d\u2019un afflux de viande bovine et d\u2019autres produits bon march\u00e9 et pas forc\u00e9ment respectueux des normes europ\u00e9ennes \u2013 faute de contr\u00f4les suffisants \u2013 en provenance d\u2019Am\u00e9rique du Sud.<\/p>\n<p><a href=\"https:\/\/www.20minutes.fr\/dossier\/agriculture\" target=\"_blank\" class=\"c-link c-btn c-btn--primary\" rel=\"noopener\">Notre dossier Agriculture<\/a><\/p>\n<p>En France, <a href=\"https:\/\/www.20minutes.fr\/societe\/4195430-20260111-colere-agriculteurs-barrage-filtrant-a1-protester-contre-signature-mercosur\" target=\"_blank\" class=\"c-link c-link--is-underlined\" rel=\"noopener\">apr\u00e8s des actions la semaine derni\u00e8re<\/a>, les agriculteurs ne comptent pas rel\u00e2cher la pression sur le gouvernement ce lundi. Des blocages de plusieurs autoroutes ou encore de raffineries sont ainsi \u00e0 pr\u00e9voir. La col\u00e8re agricole se fait aussi entendre dans plusieurs pays europ\u00e9ens, notamment en Irlande ou encore en Italie.<\/p>\n<p>Car pour les agriculteurs oppos\u00e9s \u00e0 l\u2019accord, la bataille n\u2019est pas encore totalement perdue. La ratification de ce trait\u00e9 d\u00e9pend encore d\u2019un vote, qui s\u2019annonce serr\u00e9, au Parlement europ\u00e9en, probablement en f\u00e9vrier ou en mars. Un grand rassemblement d\u2019agriculteurs est donc pr\u00e9vu devant son si\u00e8ge strasbourgeois le 20\u00a0janvier.<\/p>\n","protected":false},"excerpt":{"rendered":"C\u2019est une annonce qui va notamment ravir le pr\u00e9sident br\u00e9silien Lula mais qui risque dans le m\u00eame temps&hellip;\n","protected":false},"author":2,"featured_media":657505,"comment_status":"","ping_status":"","sticky":false,"template":"","format":"standard","meta":{"footnotes":""},"categories":[1586],"tags":[63769,47,11,2572,327,6715,2548,2196,1777,674,1779,1011,27,74,12,25,1778,364,555,2544,133],"class_list":{"0":"post-657504","1":"post","2":"type-post","3":"status-publish","4":"format-standard","5":"has-post-thumbnail","7":"category-europe","8":"tag-accord-mercosur","9":"tag-actualite","10":"tag-actualites","11":"tag-agriculteurs","12":"tag-agriculture","13":"tag-argentine","14":"tag-bresil","15":"tag-commission-europeenne","16":"tag-eu","17":"tag-europe","18":"tag-european-union","19":"tag-fr","20":"tag-france","21":"tag-monde","22":"tag-news","23":"tag-republique-francaise","24":"tag-ue","25":"tag-union-europeenne","26":"tag-union-europeenne-ue","27":"tag-ursula-von-der-leyen","28":"tag-video"},"share_on_mastodon":{"url":"https:\/\/pubeurope.com\/@fr\/115880039783049236","error":""},"_links":{"self":[{"href":"https:\/\/www.europesays.com\/fr\/wp-json\/wp\/v2\/posts\/657504","targetHints":{"allow":["GET"]}}],"collection":[{"href":"https:\/\/www.europesays.com\/fr\/wp-json\/wp\/v2\/posts"}],"about":[{"href":"https:\/\/www.europesays.com\/fr\/wp-json\/wp\/v2\/types\/post"}],"author":[{"embeddable":true,"href":"https:\/\/www.europesays.com\/fr\/wp-json\/wp\/v2\/users\/2"}],"replies":[{"embeddable":true,"href":"https:\/\/www.europesays.com\/fr\/wp-json\/wp\/v2\/comments?post=657504"}],"version-history":[{"count":0,"href":"https:\/\/www.europesays.com\/fr\/wp-json\/wp\/v2\/posts\/657504\/revisions"}],"wp:featuredmedia":[{"embeddable":true,"href":"https:\/\/www.europesays.com\/fr\/wp-json\/wp\/v2\/media\/657505"}],"wp:attachment":[{"href":"https:\/\/www.europesays.com\/fr\/wp-json\/wp\/v2\/media?parent=657504"}],"wp:term":[{"taxonomy":"category","embeddable":true,"href":"https:\/\/www.europesays.com\/fr\/wp-json\/wp\/v2\/categories?post=657504"},{"taxonomy":"post_tag","embeddable":true,"href":"https:\/\/www.europesays.com\/fr\/wp-json\/wp\/v2\/tags?post=657504"}],"curies":[{"name":"wp","href":"https:\/\/api.w.org\/{rel}","templated":true}]}}