{"id":657509,"date":"2026-01-12T03:39:09","date_gmt":"2026-01-12T03:39:09","guid":{"rendered":"https:\/\/www.europesays.com\/fr\/657509\/"},"modified":"2026-01-12T03:39:09","modified_gmt":"2026-01-12T03:39:09","slug":"ouest-france-prepare-les-municipales-2026","status":"publish","type":"post","link":"https:\/\/www.europesays.com\/fr\/657509\/","title":{"rendered":"Ouest-France pr\u00e9pare les Municipales 2026"},"content":{"rendered":"<p>\u00c0 l\u2019approche des \u00e9lections municipales de 2026, Ouest-France a engag\u00e9 un programme renforc\u00e9 de sensibilisation et de formation de ses journalistes \u00e0 la lutte contre la d\u00e9sinformation.<\/p>\n<p>Ces formations sont men\u00e9es en partenariat avec diff\u00e9rents acteurs tel que Viginum, le Service de vigilance et protection contre les ing\u00e9rences num\u00e9riques \u00e9trang\u00e8res de l\u2019Etat et l\u2019AFP, qui propose des ateliers d\u00e9di\u00e9s \u00e0 la d\u00e9tection des manipulations num\u00e9riques, \u00e0 la v\u00e9rification des contenus et \u00e0 l\u2019analyse des strat\u00e9gies de d\u00e9sinformation.<\/p>\n<p>L\u2019objectif est de doter les journalistes d\u2019outils et m\u00e9thodes pour mieux identifier, analyser et d\u00e9construire les tentatives de d\u00e9sinformation.<\/p>\n<p>En parall\u00e8le de la campagne, Ouest-France va produire des contenus pour le web, le print et en vid\u00e9o, visant \u00e0 d\u00e9noncer les ing\u00e9rences et malveillances num\u00e9riques.<\/p>\n<p>La r\u00e9daction utilisera des exemples de fausses informations et de contenus manipulatoires pour enrichir ses articles de d\u00e9cryptage, afin d\u2019en faire comprendre les codes aux lecteurs.<\/p>\n<p>Lancement d\u2019un site d\u00e9di\u00e9<\/p>\n<p>Par ailleurs, Ouest-France lance un site d\u00e9di\u00e9 aux \u00e9lections municipales.<\/p>\n<p>Ce nouvel espace rassemble les listes incarn\u00e9es des 3 500 communes de l\u2019Ouest, enrichies de nombreuses informations et de photos ; des contenus p\u00e9dagogiques pour expliquer le fonctionnement du scrutin, les enjeux locaux, les comp\u00e9tences des communes ; des informations pratiques pour les citoyens (inscription, vote, calendrier) et des outils pour suivre les r\u00e9sultats en temps r\u00e9el.<\/p>\n<p>Un dispositif \u00e9ditorial d\u00e9j\u00e0 d\u00e9ploy\u00e9<\/p>\n<p>Depuis mars 2025, Ouest-France a lanc\u00e9 son dispositif \u00e9ditorial ancr\u00e9 dans les r\u00e9alit\u00e9s locales et la parole des citoyens.<\/p>\n<p>Pour accompagner ses lecteurs jusqu\u2019aux \u00e9lections, la r\u00e9daction d\u00e9ploie notamment une s\u00e9rie de dossiers et formats enrichis, avec des dossiers th\u00e9matiques bas\u00e9s sur l\u2019enqu\u00eate avec les s\u00e9ries \u00ab Nos vies d\u2019ici \u00bb, \u00ab Ils font bouger leur commune \u00bb, \u00ab Ils repartent, ils ne repartent pas \u00bb qui mettent en lumi\u00e8re les transformations des territoires et celles et ceux qui les portent.<\/p>\n","protected":false},"excerpt":{"rendered":"\u00c0 l\u2019approche des \u00e9lections municipales de 2026, Ouest-France a engag\u00e9 un programme renforc\u00e9 de sensibilisation et de formation&hellip;\n","protected":false},"author":2,"featured_media":657510,"comment_status":"","ping_status":"","sticky":false,"template":"","format":"standard","meta":{"footnotes":""},"categories":[4],"tags":[11,1011,27,12,4048,25],"class_list":{"0":"post-657509","1":"post","2":"type-post","3":"status-publish","4":"format-standard","5":"has-post-thumbnail","7":"category-france","8":"tag-actualites","9":"tag-fr","10":"tag-france","11":"tag-news","12":"tag-presse","13":"tag-republique-francaise"},"share_on_mastodon":{"url":"https:\/\/pubeurope.com\/@fr\/115880051520376770","error":""},"_links":{"self":[{"href":"https:\/\/www.europesays.com\/fr\/wp-json\/wp\/v2\/posts\/657509","targetHints":{"allow":["GET"]}}],"collection":[{"href":"https:\/\/www.europesays.com\/fr\/wp-json\/wp\/v2\/posts"}],"about":[{"href":"https:\/\/www.europesays.com\/fr\/wp-json\/wp\/v2\/types\/post"}],"author":[{"embeddable":true,"href":"https:\/\/www.europesays.com\/fr\/wp-json\/wp\/v2\/users\/2"}],"replies":[{"embeddable":true,"href":"https:\/\/www.europesays.com\/fr\/wp-json\/wp\/v2\/comments?post=657509"}],"version-history":[{"count":0,"href":"https:\/\/www.europesays.com\/fr\/wp-json\/wp\/v2\/posts\/657509\/revisions"}],"wp:featuredmedia":[{"embeddable":true,"href":"https:\/\/www.europesays.com\/fr\/wp-json\/wp\/v2\/media\/657510"}],"wp:attachment":[{"href":"https:\/\/www.europesays.com\/fr\/wp-json\/wp\/v2\/media?parent=657509"}],"wp:term":[{"taxonomy":"category","embeddable":true,"href":"https:\/\/www.europesays.com\/fr\/wp-json\/wp\/v2\/categories?post=657509"},{"taxonomy":"post_tag","embeddable":true,"href":"https:\/\/www.europesays.com\/fr\/wp-json\/wp\/v2\/tags?post=657509"}],"curies":[{"name":"wp","href":"https:\/\/api.w.org\/{rel}","templated":true}]}}