{"id":657511,"date":"2026-01-12T03:42:21","date_gmt":"2026-01-12T03:42:21","guid":{"rendered":"https:\/\/www.europesays.com\/fr\/657511\/"},"modified":"2026-01-12T03:42:21","modified_gmt":"2026-01-12T03:42:21","slug":"coupe-de-france-lord-derby-carcassonne-elimine-limoux-et-se-qualifie-pour-les-demi-finales-de-coupe-de-france-rugby-a-xiii","status":"publish","type":"post","link":"https:\/\/www.europesays.com\/fr\/657511\/","title":{"rendered":"Coupe de France Lord Derby &#8211; Carcassonne \u00e9limine Limoux et se qualifie pour les demi-finales de Coupe de France &#8211; Rugby \u00e0 XIII"},"content":{"rendered":"<p style=\"text-align: justify;\"><strong>Carcassonne XIII remporte le derby face au XIII Limouxin 12-9 en quart de finale de Coupe de France Lord Derby.<\/strong><\/p>\n<p style=\"text-align: justify;\">Avec le vent dans le dos, Limoux impose d\u2019entr\u00e9e une structure claire. Apr\u00e8s une p\u00e9nalit\u00e9 carcassonnaise dans les 20 m\u00e8tres, les Blanquetiers jouent \u00e0 la main, William Partridge \u00e9tant servi dans l\u2019intervalle par Zac Santo, mais l\u2019ailier \u00e9chappe le ballon \u00e0 l\u2019approche de l\u2019en-but.<\/p>\n<p style=\"text-align: justify;\">Les conditions difficiles \u00e0 Domec (pluie et vent) perturbent la continuit\u00e9. Carcassonne peine \u00e0 installer son jeu et s\u2019en remet essentiellement \u00e0 un registre axial. Le pack limouxin domine les impacts, contr\u00f4le le ruck et freine efficacement les sorties de balle adverses. Limoux tente d\u2019exploiter le jeu au pied dans le dos de la d\u00e9fense, mais les ballons de Kauri Aupouri-Puketapu finissent trop souvent en ballon mort, offrant des relances faciles aux Canaris.<\/p>\n<p style=\"text-align: justify;\">\u00c0 la 22\u00e8me minute, une faute d\u2019alignement au tenu permet \u00e0 Christopher Hellec d\u2019ouvrir le score sur p\u00e9nalit\u00e9 (0\u20132). La rotation du banc carcassonnais apporte davantage d\u2019intensit\u00e9, Jowasa Drodrolagi obtient une p\u00e9nalit\u00e9, r\u00e9ussie par Lucas Albert (2\u20132, 29\u00e8me).<\/p>\n<p style=\"text-align: justify;\">Le combat se concentre ensuite au milieu du terrain, sans r\u00e9elle prise d\u2019intervalle. Paul S\u00e9guier est sanctionn\u00e9 dans les 30 m\u00e8tres et Hellec redonne l\u2019avantage \u00e0 Limoux. Malgr\u00e9 une rare faute technique conc\u00e9d\u00e9e par Limoux dans ses 20 m\u00e8tres, Carcassonne reste trop lisible offensivement.<\/p>\n<p style=\"text-align: justify;\">Sur la sir\u00e8ne, Matis Dall\u2019Asta sanctionne la domination territoriale limouxine par un drop de plus de 30 m\u00e8tres. \u00c0 la mi-temps, les Grizzlies sont devant de trois petits points, 2-5.<\/p>\n<p>Les Canaris dans le dernier carr\u00e9<\/p>\n<p style=\"text-align: justify;\">Les deux formations multiplient les fautes techniques en ce d\u00e9but de seconde p\u00e9riode. Une passe en avant de Zac Santo offre notamment une situation favorable \u00e0 Carcassonne dans le camp limouxin.<\/p>\n<p style=\"text-align: justify;\">Malgr\u00e9 un jeu toujours tr\u00e8s axial, Nolan Lopez-Buttignol parvient \u00e0 casser deux plaquages limouxins et inscrit le premier essai de la rencontre, transform\u00e9 par Lucas Albert (8-5, 56\u00e8me).<\/p>\n<p style=\"text-align: justify;\">Port\u00e9s par ce premier essai, les Canaris encha\u00eenent et semblent se lib\u00e9rer. Bien servi \u00e0 l\u2019int\u00e9rieur par Morgan Escar\u00e9, Sophien Bitigri conclut une attaque sur le c\u00f4t\u00e9 gauche. L\u2019essai n\u2019est pas transform\u00e9 (12-5, 64\u00e8me).<\/p>\n<p style=\"text-align: justify;\">Limoux se donne alors le droit d\u2019y croire en fin de rencontre. Matis Dall\u2019Asta trouve William Partridge sur le petit c\u00f4t\u00e9 gauche, qui vient inscrire l\u2019essai en coin. La transformation \u00e9choue (12-9, 78\u00e8me).<\/p>\n<p style=\"text-align: justify;\">Les Grizzlies n\u2019auront toutefois pas l\u2019opportunit\u00e9 de revenir une derni\u00e8re fois. Carcassonne s\u2019impose 12-9 dans ce derby audois et d\u00e9croche sa qualification pour les demi-finales de la Coupe de France Lord Derby.<\/p>\n<blockquote class=\"instagram-media\" data-instgrm-captioned=\"\" data-instgrm-permalink=\"https:\/\/www.instagram.com\/p\/DTVpBwHiFTO\/?utm_source=ig_embed&amp;utm_campaign=loading\" data-instgrm-version=\"14\" style=\" background:#FFF; border:0; border-radius:3px; box-shadow:0 0 1px 0 rgba(0,0,0,0.5),0 1px 10px 0 rgba(0,0,0,0.15); margin: 1px; max-width:500px; min-width:326px; padding:0; width:99.375%; width:-webkit-calc(100% - 2px); width:calc(100% - 2px);\">\n<\/blockquote>\n<p>FICHE TECHNIQUE<\/p>\n<p style=\"text-align: justify;\"><img loading=\"lazy\" decoding=\"async\" class=\"alignnone wp-image-255984 \" src=\"https:\/\/www.europesays.com\/fr\/wp-content\/uploads\/2025\/04\/Carcassonne.png\" alt=\"\" width=\"20\" height=\"20\"  \/> <strong>Carcassonne XIII<\/strong> (2) <strong>12<\/strong><\/p>\n<p style=\"text-align: justify;\"><strong>Composition :<\/strong> Morgan Escar\u00e9, Alexis Escamilla, Vincent Albert, Sophien Bitigri, Georgy Gambaro, Clement Herrero, Lucas Albert, Cl\u00e9ment Boyer, Nolan Lopez Buttignol, Bastien Escamilla, Paul S\u00e9guier, Maika Serulevu et Bastien Canet.<br \/>Rempla\u00e7ants : Jowasa Drodrolagi, Djibryl Dauliac, Thomas Malfaz et Damel Diakhate.<\/p>\n<p style=\"text-align: justify;\"><strong>E :<\/strong> Nolan Lopez Buttignol (55\u2032), Sophien Bitigri (62\u2032)<br \/><strong>T : <\/strong>Lucas Albert (56\u2032)<strong><br \/><\/strong><strong>P :<\/strong> Lucas Albert (29\u2032)<\/p>\n<p style=\"text-align: justify;\"><strong>CJ :<\/strong> Vincent Albert (63\u2032)<\/p>\n<p style=\"text-align: justify;\"><strong><img loading=\"lazy\" decoding=\"async\" class=\"alignnone wp-image-255983\" src=\"https:\/\/www.europesays.com\/fr\/wp-content\/uploads\/2026\/01\/Logo-Limoux-2024.png\" alt=\"\" width=\"20\" height=\"20\"  \/> XIII Limouxin<\/strong> (5) <strong>9<\/strong><\/p>\n<p style=\"text-align: justify;\"><strong>Composition : <\/strong>Zac Santo, Christopher Hellec, William Partridge, Bastien Ader, Jamie-Jerie Taulagi, Matis Dall\u2019Asta, Kauri Aupouri-Puketapu, Regan Hughes, Justin Bouscayrol, Louis-Esteban Biville, Quentin Garrouste, Yann Belmaaziz et Constantine Mika.<br \/>Rempla\u00e7ants : Mahault Beauvilliers, Valentin Yesa, Romain Puso et Adrian Delarose.<\/p>\n<p style=\"text-align: justify;\"><strong>E :<\/strong> William Partridge (77\u2032)<br \/><strong>P :<\/strong> Christopher Hellec (22\u2032 et 35\u2032)<br \/><strong>D :<\/strong> Matis Dall\u2019Asta (40\u2032)<\/p>\n<p style=\"text-align: justify;\"><strong>CJ :<\/strong> Jamie-Jerie Taulagi (63\u2032)<\/p>\n<p style=\"text-align: justify;\"><strong>Stade<\/strong> : Stade Albert Domec \u2013 Carcassonne<br \/><strong>Arbitre<\/strong> : Geoffrey Poumes<\/p>\n<p>        <script async src=\"\/\/www.instagram.com\/embed.js\"><\/script><\/p>\n","protected":false},"excerpt":{"rendered":"Carcassonne XIII remporte le derby face au XIII Limouxin 12-9 en quart de finale de Coupe de France&hellip;\n","protected":false},"author":2,"featured_media":657512,"comment_status":"","ping_status":"","sticky":false,"template":"","format":"standard","meta":{"footnotes":""},"categories":[1416],"tags":[7298,75945,1011,27,14147,479,2228,1468,2229,60,7305],"class_list":{"0":"post-657511","1":"post","2":"type-post","3":"status-publish","4":"format-standard","5":"has-post-thumbnail","7":"category-rugby","8":"tag-carcassonne-xiii","9":"tag-coupe-de-france-lord-derby","10":"tag-fr","11":"tag-france","12":"tag-limoux","13":"tag-rugby","14":"tag-rugby-a-xiii","15":"tag-rugby-football","16":"tag-rugby-league","17":"tag-sports","18":"tag-xiii-limouxin"},"share_on_mastodon":{"url":"https:\/\/pubeurope.com\/@fr\/115880063488589893","error":""},"_links":{"self":[{"href":"https:\/\/www.europesays.com\/fr\/wp-json\/wp\/v2\/posts\/657511","targetHints":{"allow":["GET"]}}],"collection":[{"href":"https:\/\/www.europesays.com\/fr\/wp-json\/wp\/v2\/posts"}],"about":[{"href":"https:\/\/www.europesays.com\/fr\/wp-json\/wp\/v2\/types\/post"}],"author":[{"embeddable":true,"href":"https:\/\/www.europesays.com\/fr\/wp-json\/wp\/v2\/users\/2"}],"replies":[{"embeddable":true,"href":"https:\/\/www.europesays.com\/fr\/wp-json\/wp\/v2\/comments?post=657511"}],"version-history":[{"count":0,"href":"https:\/\/www.europesays.com\/fr\/wp-json\/wp\/v2\/posts\/657511\/revisions"}],"wp:featuredmedia":[{"embeddable":true,"href":"https:\/\/www.europesays.com\/fr\/wp-json\/wp\/v2\/media\/657512"}],"wp:attachment":[{"href":"https:\/\/www.europesays.com\/fr\/wp-json\/wp\/v2\/media?parent=657511"}],"wp:term":[{"taxonomy":"category","embeddable":true,"href":"https:\/\/www.europesays.com\/fr\/wp-json\/wp\/v2\/categories?post=657511"},{"taxonomy":"post_tag","embeddable":true,"href":"https:\/\/www.europesays.com\/fr\/wp-json\/wp\/v2\/tags?post=657511"}],"curies":[{"name":"wp","href":"https:\/\/api.w.org\/{rel}","templated":true}]}}