{"id":657513,"date":"2026-01-12T03:43:15","date_gmt":"2026-01-12T03:43:15","guid":{"rendered":"https:\/\/www.europesays.com\/fr\/657513\/"},"modified":"2026-01-12T03:43:15","modified_gmt":"2026-01-12T03:43:15","slug":"pronostic-daniel-altmaier-jaume-munar-atp-adelaide","status":"publish","type":"post","link":"https:\/\/www.europesays.com\/fr\/657513\/","title":{"rendered":"Pronostic Daniel Altmaier Jaume Munar &#8211; ATP Adelaide"},"content":{"rendered":"<p class=\"text-xs leading-5 text-gray-400 mb-2\">\n                        Publi\u00e9 le 11\/01\/2026 07:17<br \/>\n                        \u00a0par<br \/>\n                                                            <a href=\"https:\/\/www.sportytrader.com\/auteur\/leo-measson-54\/\" target=\"_blank\" rel=\"noopener\">L\u00e9o Measson<\/a><\/p>\n<p>                                                    |<br \/>\n                            Modifi\u00e9 le<br \/>\n                                11\/01\/2026<br \/>\n                                \u00e0 07:28<\/p>\n<p>                                                                                                            dans<br \/>\n                                <a data-trans=\"tips.published.sport %sport%\" href=\"https:\/\/www.sportytrader.com\/pronostics\/tennis\/\" target=\"_blank\" rel=\"noopener\"><br \/>\n                                    Pronostics Tennis<br \/>\n                                <\/a><\/p>\n<p>Cette semaine, les joueurs de tennis ont pos\u00e9 leurs valises dans la ville de Auckland pour son tournoi ATP 250 ! Et dans ce 16e de finale, nous allons assister \u00e0 une opposition entre l&rsquo;Allemand de 27 ans\u00a0Daniel Altmaier et l&rsquo;Espagnol de 28 ans\u00a0Jaume Munar.<\/p>\n<p>Absent de ce tournoi durant les saisons pr\u00e9c\u00e9dentes, Daniel Altmaier tente sa chance \u00e0 Auckland cette ann\u00e9e. Avec de nombreuses d\u00e9faites au compteur lors de sa fin de saison derni\u00e8re, l&rsquo;Allemand devait certainement avoir \u00e0 coeur de bien d\u00e9buter cette nouvelle saison lors de son arriv\u00e9e \u00e0 Brisbane la semaine derni\u00e8re. Mais il n&rsquo;a finalement pas r\u00e9ussi \u00e0 r\u00e9ellement exister dans son duel face au Lucky Loser K. Majchrzak en s&rsquo;inclinant 6-7(4-7), 0-6.\u00a0<\/p>\n<p>De son c\u00f4t\u00e9, Jaume Munar a\u00a0tent\u00e9\u00a0sa chance en United Cup la semaine pass\u00e9e. Perdant 100% de ses duels face \u00e0 Sebastian Baez et Taylor Fritz (tout en remportant un set face \u00e0 l&rsquo;Am\u00e9ricain), le joueur espagnol devrait avoir envie de rapidement renverser cette tendance afin de ne pas\u00a0d\u00e9buter\u00a0l&rsquo;ann\u00e9e avec une s\u00e9rie de d\u00e9faites cons\u00e9cutives. Tombeur de Ben Shelton et de Felix Auger-Aliassime au tournoi de B\u00e2le en octobre dernier afin d&rsquo;atteindre les demi-finales, Jaume Munar devrait \u00eatre en mesure de remporter ce premier tour face \u00e0 un adversaire moins bien class\u00e9.<\/p>\n","protected":false},"excerpt":{"rendered":"Publi\u00e9 le 11\/01\/2026 07:17 \u00a0par L\u00e9o Measson | Modifi\u00e9 le 11\/01\/2026 \u00e0 07:28 dans Pronostics Tennis Cette semaine,&hellip;\n","protected":false},"author":2,"featured_media":657514,"comment_status":"","ping_status":"","sticky":false,"template":"","format":"standard","meta":{"footnotes":""},"categories":[1415],"tags":[75989,76001,1011,27,19857,1817,1821,60,1467],"class_list":{"0":"post-657513","1":"post","2":"type-post","3":"status-publish","4":"format-standard","5":"has-post-thumbnail","7":"category-tennis","8":"tag-atp-adelaide","9":"tag-daniel-altmaier","10":"tag-fr","11":"tag-france","12":"tag-jaume-munar","13":"tag-pronostic","14":"tag-pronostics","15":"tag-sports","16":"tag-tennis"},"share_on_mastodon":{"url":"https:\/\/pubeurope.com\/@fr\/115880067227861663","error":""},"_links":{"self":[{"href":"https:\/\/www.europesays.com\/fr\/wp-json\/wp\/v2\/posts\/657513","targetHints":{"allow":["GET"]}}],"collection":[{"href":"https:\/\/www.europesays.com\/fr\/wp-json\/wp\/v2\/posts"}],"about":[{"href":"https:\/\/www.europesays.com\/fr\/wp-json\/wp\/v2\/types\/post"}],"author":[{"embeddable":true,"href":"https:\/\/www.europesays.com\/fr\/wp-json\/wp\/v2\/users\/2"}],"replies":[{"embeddable":true,"href":"https:\/\/www.europesays.com\/fr\/wp-json\/wp\/v2\/comments?post=657513"}],"version-history":[{"count":0,"href":"https:\/\/www.europesays.com\/fr\/wp-json\/wp\/v2\/posts\/657513\/revisions"}],"wp:featuredmedia":[{"embeddable":true,"href":"https:\/\/www.europesays.com\/fr\/wp-json\/wp\/v2\/media\/657514"}],"wp:attachment":[{"href":"https:\/\/www.europesays.com\/fr\/wp-json\/wp\/v2\/media?parent=657513"}],"wp:term":[{"taxonomy":"category","embeddable":true,"href":"https:\/\/www.europesays.com\/fr\/wp-json\/wp\/v2\/categories?post=657513"},{"taxonomy":"post_tag","embeddable":true,"href":"https:\/\/www.europesays.com\/fr\/wp-json\/wp\/v2\/tags?post=657513"}],"curies":[{"name":"wp","href":"https:\/\/api.w.org\/{rel}","templated":true}]}}