{"id":657515,"date":"2026-01-12T03:47:11","date_gmt":"2026-01-12T03:47:11","guid":{"rendered":"https:\/\/www.europesays.com\/fr\/657515\/"},"modified":"2026-01-12T03:47:11","modified_gmt":"2026-01-12T03:47:11","slug":"cyclo-cross-cyclo-cross-championnats-de-belgique-2","status":"publish","type":"post","link":"https:\/\/www.europesays.com\/fr\/657515\/","title":{"rendered":"Cyclo-cross. Cyclo-cross. Championnats de Belgique"},"content":{"rendered":"<p>En l\u2019absence de <strong><a href=\"https:\/\/www.cyclismactu.net\/..\/news-cyclo-cross-wout-van-aert-une-chute-qui-compromet-sa-saison-sur-route-91444.html\" target=\"_blank\" rel=\"noopener\">Wout van Aert<\/a><\/strong>, quintuple champion de Belgique, <strong>Thibau Nys<\/strong> faisait figure de grand favori ce dimanche \u00e0 <a href=\"https:\/\/www.cyclismactu.net\/..\/news-championnats-de-belgique-cyclo-cross-marion-norbert-riberolle-s-offre-un-deuxieme-sacre-91527.html\" target=\"_blank\" rel=\"noopener\">Beringen<\/a>. Malgr\u00e9 un dernier tour \u00e9touffant et une pression constante, <strong>Emiel Verstrynge<\/strong> n\u2019est jamais parvenu \u00e0 porter l\u2019estocade. Sup\u00e9rieur \u00e0 ses rivaux, <strong>Nys <\/strong>s\u2019adjuge ainsi un deuxi\u00e8me titre de champion de Belgique de cyclo-cross cons\u00e9cutif. Il s\u2019agit de la sixi\u00e8me victoire de la saison pour <strong>Thibau Nys<\/strong>, acquise au terme d\u2019une ultime acc\u00e9l\u00e9ration d\u00e9cisive face \u00e0 un <strong>Emiel Verstrynge<\/strong> combatif jusqu\u2019au bout.<\/p>\n<p>Vid\u00e9o &#8211; Thibau Nys, vainqueur \u00e0 Dendermonde il y a quelques semaines Lire la suite de l&rsquo;article&#13;<\/p>\n<p>\u00a0<\/p>\n<p>&#13;<br \/>\nLe r\u00e9sum\u00e9&#13;<\/p>\n<p><strong>Thibau Nys<\/strong> a flirt\u00e9 avec le danger ce dimanche. Grand favori \u00e0 sa propre succession, le fils de <strong>Sven <\/strong>a n\u00e9anmoins rapidement d\u00e9cid\u00e9 de prendre le contr\u00f4le de la course. Seul <strong>Michael Vanthourenhout<\/strong> est parvenu \u00e0 suivre le champion en titre\u2026 provisoirement. Plus tranchant, <strong>Nys <\/strong>a fini par faire la diff\u00e9rence dans l\u2019une des c\u00f4tes du parcours pour s\u2019envoler en solitaire.<\/p>\n<p>&#13;<\/p>\n<p>S\u2019ouvrait alors un long num\u00e9ro en solo. \u00c0 coups de relances incisives, le coureur de 23 ans a progressivement creus\u00e9 l\u2019\u00e9cart. Un peu plus loin, un seul homme a r\u00e9ussi \u00e0 limiter les d\u00e9g\u00e2ts : <strong>Emiel Verstrynge<\/strong>. Une glissade dans la boue lors du cinqui\u00e8me tour a permis \u00e0 son poursuivant de revenir une premi\u00e8re fois. Et dans les derniers hectom\u00e8tres, <strong>Nys <\/strong>a montr\u00e9 quelques signes de faiblesse sur une portion \u00e0 pied, offrant au public un final haletant. Mais au bout du suspense, <strong>Nys <\/strong>a tenu bon face \u00e0 Verstrynge et conserve donc son titre.\u00a0<strong>Michael Vanthourenhout<\/strong>\u00a0prend lui la 3e place.<\/p>\n","protected":false},"excerpt":{"rendered":"En l\u2019absence de Wout van Aert, quintuple champion de Belgique, Thibau Nys faisait figure de grand favori ce&hellip;\n","protected":false},"author":2,"featured_media":657516,"comment_status":"","ping_status":"","sticky":false,"template":"","format":"standard","meta":{"footnotes":""},"categories":[1411],"tags":[75763,1154,207,59294,211,1011,27,60,210,212,208,213],"class_list":{"0":"post-657515","1":"post","2":"type-post","3":"status-publish","4":"format-standard","5":"has-post-thumbnail","7":"category-cyclisme","8":"tag-championnats-de-belgique","9":"tag-cycling","10":"tag-cyclisme","11":"tag-cyclo-cross","12":"tag-ffc","13":"tag-fr","14":"tag-france","15":"tag-sports","16":"tag-tour-de-france","17":"tag-uci","18":"tag-velo","19":"tag-world-tour"},"share_on_mastodon":{"url":"https:\/\/pubeurope.com\/@fr\/115880083067421723","error":""},"_links":{"self":[{"href":"https:\/\/www.europesays.com\/fr\/wp-json\/wp\/v2\/posts\/657515","targetHints":{"allow":["GET"]}}],"collection":[{"href":"https:\/\/www.europesays.com\/fr\/wp-json\/wp\/v2\/posts"}],"about":[{"href":"https:\/\/www.europesays.com\/fr\/wp-json\/wp\/v2\/types\/post"}],"author":[{"embeddable":true,"href":"https:\/\/www.europesays.com\/fr\/wp-json\/wp\/v2\/users\/2"}],"replies":[{"embeddable":true,"href":"https:\/\/www.europesays.com\/fr\/wp-json\/wp\/v2\/comments?post=657515"}],"version-history":[{"count":0,"href":"https:\/\/www.europesays.com\/fr\/wp-json\/wp\/v2\/posts\/657515\/revisions"}],"wp:featuredmedia":[{"embeddable":true,"href":"https:\/\/www.europesays.com\/fr\/wp-json\/wp\/v2\/media\/657516"}],"wp:attachment":[{"href":"https:\/\/www.europesays.com\/fr\/wp-json\/wp\/v2\/media?parent=657515"}],"wp:term":[{"taxonomy":"category","embeddable":true,"href":"https:\/\/www.europesays.com\/fr\/wp-json\/wp\/v2\/categories?post=657515"},{"taxonomy":"post_tag","embeddable":true,"href":"https:\/\/www.europesays.com\/fr\/wp-json\/wp\/v2\/tags?post=657515"}],"curies":[{"name":"wp","href":"https:\/\/api.w.org\/{rel}","templated":true}]}}