{"id":657521,"date":"2026-01-12T03:50:30","date_gmt":"2026-01-12T03:50:30","guid":{"rendered":"https:\/\/www.europesays.com\/fr\/657521\/"},"modified":"2026-01-12T03:50:30","modified_gmt":"2026-01-12T03:50:30","slug":"brigitte-bardot-pourquoi-son-fils-nicolas-charrier-a-tenu-a-sentretenir-avec-les-gipsy-kings-apres-la-ceremonie-2","status":"publish","type":"post","link":"https:\/\/www.europesays.com\/fr\/657521\/","title":{"rendered":"Brigitte Bardot : Pourquoi son fils Nicolas Charrier a tenu \u00e0 s&rsquo;entretenir avec les Gipsy Kings apr\u00e8s la c\u00e9r\u00e9monie ?"},"content":{"rendered":"<p class=\"mb-4 text-lg md:leading-8 break-words\">Mercredi 7 janvier 2026 avaient lieu les obs\u00e8ques de Brigitte Bardot. Parmi les personnalit\u00e9s r\u00e9unies pour lui rendre un dernier hommage, se trouvaient les Gipsy Kings. Le fils unique de l\u2019ic\u00f4ne du cin\u00e9ma, \u00e9galement pr\u00e9sent, a tenu \u00e0 s&rsquo;entretenir avec eux. Voici pourquoi.<\/p>\n<p class=\"mb-4 text-lg md:leading-8 break-words\"><a href=\"https:\/\/fr.news.yahoo.com\/deux-jours-apr%C3%A8s-c%C3%A9r%C3%A9monie-brigitte-200000306.html\" data-ylk=\"slk:Saint-Tropez;elm:context_link;itc:0;sec:content-canvas;outcm:mb_qualified_link;_E:mb_qualified_link;ct:story;\" class=\"link  yahoo-link\" target=\"_blank\" rel=\"noopener\">Saint-Tropez<\/a> a pris une dimension particuli\u00e8re en ce d\u00e9but d\u2019ann\u00e9e. Le mercredi 7 janvier 2026, la petite ville du Var a accueilli les obs\u00e8ques de <a href=\"https:\/\/www.purepeople.com\/people\/brigitte-bardot_p1326\" rel=\"nofollow noopener\" target=\"_blank\" data-ylk=\"slk:Brigitte Bardot;elm:context_link;itc:0;sec:content-canvas\" class=\"link \">Brigitte Bardot<\/a>, disparue le 28 d\u00e9cembre dernier \u00e0 l\u2019\u00e2ge de 91 ans, dans sa mythique maison de <a href=\"https:\/\/fr.news.yahoo.com\/madrague-n-%C3%A9tait-seule-demeure-100000104.html\" data-ylk=\"slk:La Madrague;elm:context_link;itc:0;sec:content-canvas;outcm:mb_qualified_link;_E:mb_qualified_link;ct:story;\" class=\"link  yahoo-link\" target=\"_blank\" rel=\"noopener\">La Madrague<\/a>. Une page du cin\u00e9ma fran\u00e7ais s\u2019est alors tourn\u00e9e, sous le regard \u00e9mu de proches, d\u2019anonymes et de nombreuses personnalit\u00e9s.<\/p>\n<p class=\"mb-4 text-lg md:leading-8 break-words\">La c\u00e9r\u00e9monie religieuse s\u2019est tenue \u00e0 l\u2019\u00e9glise Notre-Dame de l\u2019Assomption, avant l\u2019inhumation au cimeti\u00e8re marin de la commune. Dans les rangs, plusieurs personnalit\u00e9s issues d\u2019horizons tr\u00e8s diff\u00e9rents avaient fait le d\u00e9placement pour saluer la m\u00e9moire de l\u2019ancienne actrice devenue militante infatigable pour la cause animale. Parmi elles : <a href=\"https:\/\/www.purepeople.com\/people\/marine-le-pen_p388318\" rel=\"nofollow noopener\" target=\"_blank\" data-ylk=\"slk:Marine Le Pen;elm:context_link;itc:0;sec:content-canvas\" class=\"link \">Marine Le Pen<\/a>, <a href=\"https:\/\/www.purepeople.com\/people\/jean-luc-reichmann_p1353\" rel=\"nofollow noopener\" target=\"_blank\" data-ylk=\"slk:Jean-Luc Reichmann;elm:context_link;itc:0;sec:content-canvas\" class=\"link \">Jean-Luc Reichmann<\/a>, <a href=\"https:\/\/www.purepeople.com\/people\/vincent-niclo_p405622\" rel=\"nofollow noopener\" target=\"_blank\" data-ylk=\"slk:Vincent Niclo;elm:context_link;itc:0;sec:content-canvas\" class=\"link \">Vincent Niclo<\/a>, <a href=\"https:\/\/www.purepeople.com\/people\/mireille-mathieu_p1837\" rel=\"nofollow noopener\" target=\"_blank\" data-ylk=\"slk:Mireille Mathieu;elm:context_link;itc:0;sec:content-canvas\" class=\"link \">Mireille Mathieu<\/a> ou encore <a href=\"https:\/\/fr.news.yahoo.com\/chico-bouchikhi-brouill%C3%A9-nicolas-reyes-205900117.html\" data-ylk=\"slk:Chico Bouchikhi;elm:context_link;itc:0;sec:content-canvas;outcm:mb_qualified_link;_E:mb_qualified_link;ct:story;\" class=\"link  yahoo-link\" target=\"_blank\" rel=\"noopener\"><strong>Chico Bouchikhi<\/strong><\/a><strong>, membre embl\u00e9matique des Gipsy Kings.<\/strong> D\u2019autres, n\u2019ont pas assist\u00e9 \u00e0 la c\u00e9r\u00e9monie l\u2019image d\u2019<a href=\"https:\/\/fr.news.yahoo.com\/jean-michel-dit-brigitte-macron-161900474.html\" data-ylk=\"slk:Emmanuel Macron;elm:context_link;itc:0;sec:content-canvas;outcm:mb_qualified_link;_E:mb_qualified_link;ct:story;\" class=\"link  yahoo-link\" target=\"_blank\" rel=\"noopener\">Emmanuel Macron<\/a> ou <a href=\"https:\/\/www.purepeople.com\/people\/michel-drucker_p155\" rel=\"nofollow noopener\" target=\"_blank\" data-ylk=\"slk:Michel Drucker.;elm:context_link;itc:0;sec:content-canvas\" class=\"link \">Michel Drucker.<\/a><\/p>\n<p class=\"mb-4 text-lg md:leading-8 break-words\">Parmi les moments forts de la c\u00e9r\u00e9monie, l\u2019intervention de <a href=\"https:\/\/www.purepeople.com\/people\/chico-bouchikhi_p2779\" rel=\"nofollow noopener\" target=\"_blank\" data-ylk=\"slk:Chico Bouchikhi;elm:context_link;itc:0;sec:content-canvas\" class=\"link \">Chico Bouchikhi<\/a> et de son groupe a marqu\u00e9 l\u2019assistance. <a href=\"https:\/\/fr.news.yahoo.com\/autre-figure-saint-tropez-fait-172400043.html\" data-ylk=\"slk:Ami de longue date de Brigitte Bardot;elm:context_link;itc:0;sec:content-canvas;outcm:mb_qualified_link;_E:mb_qualified_link;ct:story;\" class=\"link  yahoo-link\" target=\"_blank\" rel=\"noopener\">Ami de longue date de Brigitte Bardot<\/a>, l\u2019artiste a choisi de lui rendre hommage en chanson. Un geste qui n\u2019a pas laiss\u00e9 la famille indiff\u00e9rente. Dans un entretien accord\u00e9 \u00e0 <a href=\"https:\/\/www.gala.fr\/l_actu\/news_de_stars\/exclu-obseques-de-brigitte-bardot-les-tendres-mots-de-son-fils-nicolas-a-chico-des-gipsy-kings-20260110\" rel=\"nofollow noopener\" target=\"_blank\" data-ylk=\"slk:Gala.fr;elm:context_link;itc:0;sec:content-canvas\" class=\"link \">Gala.fr<\/a> le 9 janvier, le musicien est revenu sur cet instant.<\/p>\n<p><img alt=\"Chico Bouchikhi - Arriv\u00e9es aux obs\u00e8ques de Brigitte Bardot en l'\u00e9glise Paroissiale Notre-Dame-de-l'Assomption de Saint-Tropez, France, le 7 janvier 2026.  \u00a9 Jacovides-Moreau\/Bestimage\" loading=\"lazy\" width=\"960\" height=\"1439\" decoding=\"async\" data-nimg=\"1\" class=\"rounded-lg\" style=\"color:transparent\" src=\"https:\/\/www.europesays.com\/fr\/wp-content\/uploads\/2026\/01\/7e3cae537ca7de1ae6ecd3c8ca90cdf4.jpeg\"\/><\/p>\n<p>\u00a9 BestImage, JACOVIDES-MOREAU \/ BESTIMAGE<\/p>\n<p class=\"mb-4 text-lg md:leading-8 break-words\">\u00ab\u00a0Je pense que la musique a all\u00e9g\u00e9 la peine des proches\u00a0\u00bb<\/p>\n<p class=\"mb-4 text-lg md:leading-8 break-words\">Selon les confidences de Chico Bouchikhi, <a href=\"https:\/\/fr.news.yahoo.com\/nicolas-charrier-ponte-domaine-m%C3%A9tier-063300866.html\" data-ylk=\"slk:Nicolas Charrier,;elm:context_link;itc:0;sec:content-canvas;outcm:mb_qualified_link;_E:mb_qualified_link;ct:story;\" class=\"link  yahoo-link\" target=\"_blank\" rel=\"noopener\">Nicolas Charrier,<\/a> le fils unique de Brigitte Bardot, n\u00e9 de son union avec <a href=\"https:\/\/fr.news.yahoo.com\/nicolas-jacques-charrier-fils-brigitte-063300401.html\" data-ylk=\"slk:Jacques Charrier;elm:context_link;itc:0;sec:content-canvas;outcm:mb_qualified_link;_E:mb_qualified_link;ct:story;\" class=\"link  yahoo-link\" target=\"_blank\" rel=\"noopener\">Jacques Charrier<\/a>, ainsi que ses propres filles, ont \u00e9t\u00e9 particuli\u00e8rement touch\u00e9s. Apr\u00e8s l\u2019inhumation, il serait venu \u00e0 leur rencontre. <strong>\u00ab\u00a0Bravo, bravo pour ce que vous avez fait. C\u2019est magnifique\u00a0\u00bb,<\/strong> lui aurait-il lanc\u00e9. Chico Bouchikhi a comment\u00e9 aupr\u00e8s de nos confr\u00e8res : \u00ab\u00a0Je pense que la musique a all\u00e9g\u00e9 la peine des proches. Le cur\u00e9 est \u00e9galement venu nous dire bravo et Bernard [<a href=\"https:\/\/fr.news.yahoo.com\/brigitte-bardot-premi%C3%A8re-fois-mari-081400401.html\" data-ylk=\"slk:Bernard d\u2019Ormale;elm:context_link;itc:0;sec:content-canvas;outcm:mb_qualified_link;_E:mb_qualified_link;ct:story;\" class=\"link  yahoo-link\" target=\"_blank\" rel=\"noopener\">Bernard d\u2019Ormale<\/a>, l\u2019\u00e9poux de Brigitte Bardot] a \u00e9t\u00e9 vraiment tr\u00e8s \u00e9mu.\u00a0\u00bb<\/p>\n<p class=\"mb-4 text-lg md:leading-8 break-words\">Si Saint-Tropez a \u00e9t\u00e9 le th\u00e9\u00e2tre du dernier adieu, d\u2019autres hommages sont encore pr\u00e9vus. En effet, un autre \u00e9v\u00e9nement d\u00e9di\u00e9 \u00e0 la m\u00e9moire de l\u2019ic\u00f4ne se tiendra \u00e0 Paris, \u00e0 la fin du mois de janvier, en l\u2019\u00e9glise Saint-Roch, dans le 1er arrondissement. Particularit\u00e9 remarqu\u00e9e : les invit\u00e9s devront respecter un code vestimentaire pr\u00e9cis, avec \u00ab\u00a0une touche de vichy rose\u00a0\u00bb.<\/p>\n<p class=\"mb-4 text-lg md:leading-8 break-words\"><a href=\"https:\/\/www.purepeople.com\/article\/brigitte-bardot-pourquoi-son-fils-nicolas-charrier-a-tenu-a-sentretenir-avec-les-gipsy-kings-apres-la-ceremonie_a546288\/1\" rel=\"nofollow noopener\" target=\"_blank\" data-ylk=\"slk:Article original sur Purepeople;elm:context_link;itc:0;sec:content-canvas\" class=\"link \">Article original sur Purepeople<\/a><\/p>\n","protected":false},"excerpt":{"rendered":"Mercredi 7 janvier 2026 avaient lieu les obs\u00e8ques de Brigitte Bardot. Parmi les personnalit\u00e9s r\u00e9unies pour lui rendre&hellip;\n","protected":false},"author":2,"featured_media":657522,"comment_status":"","ping_status":"","sticky":false,"template":"","format":"standard","meta":{"footnotes":""},"categories":[1358],"tags":[1348,1384,1385,20224,76004,76002,1386,58,59,76005,1011,27,76006,430,76003],"class_list":{"0":"post-657521","1":"post","2":"type-post","3":"status-publish","4":"format-standard","5":"has-post-thumbnail","7":"category-arts-et-design","8":"tag-arts","9":"tag-arts-and-design","10":"tag-arts-et-design","11":"tag-brigitte-bardot","12":"tag-ceremonie-religieuse","13":"tag-chico-bouchikhi","14":"tag-design","15":"tag-divertissement","16":"tag-entertainment","17":"tag-fils-unique","18":"tag-fr","19":"tag-france","20":"tag-gipsy-kings","21":"tag-marine-le-pen","22":"tag-notre-dame-de-lassomption"},"share_on_mastodon":{"url":"https:\/\/pubeurope.com\/@fr\/115880094817261811","error":""},"_links":{"self":[{"href":"https:\/\/www.europesays.com\/fr\/wp-json\/wp\/v2\/posts\/657521","targetHints":{"allow":["GET"]}}],"collection":[{"href":"https:\/\/www.europesays.com\/fr\/wp-json\/wp\/v2\/posts"}],"about":[{"href":"https:\/\/www.europesays.com\/fr\/wp-json\/wp\/v2\/types\/post"}],"author":[{"embeddable":true,"href":"https:\/\/www.europesays.com\/fr\/wp-json\/wp\/v2\/users\/2"}],"replies":[{"embeddable":true,"href":"https:\/\/www.europesays.com\/fr\/wp-json\/wp\/v2\/comments?post=657521"}],"version-history":[{"count":0,"href":"https:\/\/www.europesays.com\/fr\/wp-json\/wp\/v2\/posts\/657521\/revisions"}],"wp:featuredmedia":[{"embeddable":true,"href":"https:\/\/www.europesays.com\/fr\/wp-json\/wp\/v2\/media\/657522"}],"wp:attachment":[{"href":"https:\/\/www.europesays.com\/fr\/wp-json\/wp\/v2\/media?parent=657521"}],"wp:term":[{"taxonomy":"category","embeddable":true,"href":"https:\/\/www.europesays.com\/fr\/wp-json\/wp\/v2\/categories?post=657521"},{"taxonomy":"post_tag","embeddable":true,"href":"https:\/\/www.europesays.com\/fr\/wp-json\/wp\/v2\/tags?post=657521"}],"curies":[{"name":"wp","href":"https:\/\/api.w.org\/{rel}","templated":true}]}}