{"id":657524,"date":"2026-01-12T03:53:13","date_gmt":"2026-01-12T03:53:13","guid":{"rendered":"https:\/\/www.europesays.com\/fr\/657524\/"},"modified":"2026-01-12T03:53:13","modified_gmt":"2026-01-12T03:53:13","slug":"lara-fabian-prend-la-parole-suite-a-la-polemique-de-sa-rivalite-avec-celine-dion-si-ca-arrive-je","status":"publish","type":"post","link":"https:\/\/www.europesays.com\/fr\/657524\/","title":{"rendered":"Lara Fabian prend la parole suite \u00e0 la pol\u00e9mique de sa rivalit\u00e9 avec C\u00e9line Dion : \u201cSi \u00e7a arrive, je\u2026\u201d\u00a0"},"content":{"rendered":"<p>Par <a class=\"author_recette\" id=\"author_name\" href=\"https:\/\/www.nextplz.fr\/auteur\/fiona-valinski\" target=\"_blank\" rel=\"noopener\">Fiona<br \/>\nMaherault<\/a> &#8211;<br \/>\nPubli\u00e9 le 11 Jan 2026 \u00e0<br \/>\n14:30 &#8211; Modifi\u00e9 le 11 Jan 2026 \u00e0 14:39<\/p>\n<p class=\"article-intro excerpt\">Des rumeurs existent depuis des<br \/>\nann\u00e9es sur une guerre entre Lara Fabian et C\u00e9line Dion.<br \/>\nAujourd\u2019hui, elles refont surface.<\/p>\n<p><img width=\"750\" height=\"410\" src=\"data:image\/svg+xml,%3Csvg%20xmlns=\" http:=\"\" class=\"img-responsive alignnone size-full pinit-here zoom-it\" alt=\"Lara Fabian prend la parole suite \u00e0 la pol\u00e9mique de sa rivalit\u00e9 avec C\u00e9line Dion : \u201cSi \u00e7a arrive, je\u2026\u201d\" fetchpriority=\"high\" data-lazyloading=\"false\" decoding=\"async\" data-lazy-src=\"https:\/\/www.europesays.com\/fr\/wp-content\/uploads\/2026\/01\/design-sans-titre-6-1-750x410.jpg\"\/><\/p>\n<p>\u00a9 shutterstock<\/p>\n<p>Ce lundi 12 janvier sort l\u2019ouvrage It\u2019s all coming back to<br \/>\nme\u2026 De mes humbles d\u00e9buts \u00e0 la vraie histoire derri\u00e8re la carri\u00e8re<br \/>\nde C\u00e9line Dion, de Vito Luprano, ancien collaborateur de R\u00e9n\u00e9<br \/>\nAng\u00e9lil. Dans ce livre, l\u2019ancien manager de la star internationale<br \/>\nrevient notamment sur sa rivalit\u00e9 suppos\u00e9e avec Lara Fabian, une<br \/>\nrumeur qui persiste depuis des ann\u00e9es. Selon lui, C\u00e9line Dion<br \/>\n<a href=\"https:\/\/www.nextplz.fr\/people\/520580-lara-fabian-je-suis-un-assassin-manu-payet-en-larmes-apres-cette-confession-dramatique\" target=\"_blank\" rel=\"noopener\"><br \/>\naurait tu\u00e9 la carri\u00e8re de sa cons\u0153ur aux \u00c9tats-Unis.\u00a0<\/a><\/p>\n<p>Une guerre entre les deux chanteuses qui remonte au tout d\u00e9but de<br \/>\nleur carri\u00e8re<\/p>\n<p>Ce sont des propos qui d\u00e9clenchent une vraie pol\u00e9mique. Selon<br \/>\nl\u2019auteur, Vito Luprano, Sony Music aurait envisag\u00e9 de signer Lara<br \/>\nFabian durant les ann\u00e9es 1990. Une d\u00e9cision qui n\u2019aurait pas du<br \/>\ntout plu \u00e0 C\u00e9line Dion, qui aurait d\u00e9clar\u00e9 : \u00ab\u00a0Si \u00e7a arrive, je<br \/>\nn\u2019enregistrerai plus pour Sony\u00a0\u00bb. Une d\u00e9claration qui aurait<br \/>\ncr\u00e9e \u00ab\u00a0un impact sur le succ\u00e8s de Lara Fabian sur le sol<br \/>\nam\u00e9ricain\u00a0\u00bb. Toujours selon lui, la rivalit\u00e9 entre les deux<br \/>\nstars remonterait en 1988. Cette ann\u00e9e-l\u00e0, elles partcipent \u00e0<br \/>\nl\u2019Eurovision, et C\u00e9line Dion gagne alors que Lara Fabian finit<br \/>\nquatri\u00e8me. Cette derni\u00e8re aurait alors \u00e9t\u00e9 \u00ab\u00a0vraiment m\u00e9chante<br \/>\navec C\u00e9line sans raison.\u00a0\u00bb Sans donner plus de d\u00e9tails il<br \/>\najoute : \u00ab\u00a0Ren\u00e9 et moi, on a dit de l\u00a0\u00bbignorer, mais C\u00e9line, \u00e7a<br \/>\nlui a bris\u00e9 le coeur\u00a0\u00bb.<\/p>\n<p>Le producteur de Lara Fabian t\u00e9moigne : \u201cLa seule demande qu\u2019il y<br \/>\navait\u2026\u201d\u00a0<\/p>\n<p><a href=\"https:\/\/www.instagram.com\/larafabianofficial\/?hl=fr\" target=\"_blank\" rel=\"noopener\">Lara Fabian,<\/a> elle, a d\u00e9j\u00e0 d\u00e9menti par le pass\u00e9<br \/>\ntoute tension avec C\u00e9line Dion, affirmant que ces rumeurs avaient<br \/>\n\u00e9t\u00e9 cr\u00e9\u00e9es par les m\u00e9dias. Aujourd\u2019hui, elle r\u00e9it\u00e8re ses propos<br \/>\ndans une note transmise au Journal de Montr\u00e9al : \u00ab\u00a0Les<br \/>\ndiscours sur une pr\u00e9tendue rivalit\u00e9 ne m&rsquo;ont jamais concern\u00e9e, et<br \/>\nje suis certaine que C\u00e9line non plus. Je ne vois ni l&rsquo;int\u00e9r\u00eat ni la<br \/>\npertinence de raviver ces vieux clich\u00e9s aujourd&rsquo;hui, en 2026.<br \/>\nLorsque je pense \u00e0 C\u00e9line Dion, c&rsquo;est uniquement un profond<br \/>\nsentiment d&rsquo;admiration qui m&rsquo;habite, pour la femme, l&rsquo;artiste et<br \/>\nson parcours\u00a0\u00bb. Rick Allison, son producteur de l\u2019\u00e9poque,<br \/>\nd\u00e9ment \u00e9galement l\u2019implication de <a href=\"https:\/\/www.instagram.com\/celinedion\/\" target=\"_blank\" rel=\"noopener\">C\u00e9line<br \/>\nDion<\/a> dans la carri\u00e8re de Lara Fabian : \u00ab\u00a0Il n\u2019y a jamais eu<br \/>\nd\u2019emp\u00eachements de la part de C\u00e9line. La seule demande qu\u2019il y<br \/>\navait, c\u2019est qu\u2019on ne soit pas sur le m\u00eame label que C\u00e9line, ce qui<br \/>\n\u00e9tait logique.\u00a0\u00bb<\/p>\n<p><script async src=\"\/\/www.instagram.com\/embed.js\"><\/script><\/p>\n","protected":false},"excerpt":{"rendered":"Par Fiona Maherault &#8211; Publi\u00e9 le 11 Jan 2026 \u00e0 14:30 &#8211; Modifi\u00e9 le 11 Jan 2026 \u00e0&hellip;\n","protected":false},"author":2,"featured_media":657525,"comment_status":"","ping_status":"","sticky":false,"template":"","format":"standard","meta":{"footnotes":""},"categories":[1355],"tags":[58,59,1011,27,1361,873],"class_list":{"0":"post-657524","1":"post","2":"type-post","3":"status-publish","4":"format-standard","5":"has-post-thumbnail","7":"category-musique","8":"tag-divertissement","9":"tag-entertainment","10":"tag-fr","11":"tag-france","12":"tag-music","13":"tag-musique"},"share_on_mastodon":{"url":"https:\/\/pubeurope.com\/@fr\/115880106650271386","error":""},"_links":{"self":[{"href":"https:\/\/www.europesays.com\/fr\/wp-json\/wp\/v2\/posts\/657524","targetHints":{"allow":["GET"]}}],"collection":[{"href":"https:\/\/www.europesays.com\/fr\/wp-json\/wp\/v2\/posts"}],"about":[{"href":"https:\/\/www.europesays.com\/fr\/wp-json\/wp\/v2\/types\/post"}],"author":[{"embeddable":true,"href":"https:\/\/www.europesays.com\/fr\/wp-json\/wp\/v2\/users\/2"}],"replies":[{"embeddable":true,"href":"https:\/\/www.europesays.com\/fr\/wp-json\/wp\/v2\/comments?post=657524"}],"version-history":[{"count":0,"href":"https:\/\/www.europesays.com\/fr\/wp-json\/wp\/v2\/posts\/657524\/revisions"}],"wp:featuredmedia":[{"embeddable":true,"href":"https:\/\/www.europesays.com\/fr\/wp-json\/wp\/v2\/media\/657525"}],"wp:attachment":[{"href":"https:\/\/www.europesays.com\/fr\/wp-json\/wp\/v2\/media?parent=657524"}],"wp:term":[{"taxonomy":"category","embeddable":true,"href":"https:\/\/www.europesays.com\/fr\/wp-json\/wp\/v2\/categories?post=657524"},{"taxonomy":"post_tag","embeddable":true,"href":"https:\/\/www.europesays.com\/fr\/wp-json\/wp\/v2\/tags?post=657524"}],"curies":[{"name":"wp","href":"https:\/\/api.w.org\/{rel}","templated":true}]}}