{"id":657549,"date":"2026-01-12T04:09:11","date_gmt":"2026-01-12T04:09:11","guid":{"rendered":"https:\/\/www.europesays.com\/fr\/657549\/"},"modified":"2026-01-12T04:09:11","modified_gmt":"2026-01-12T04:09:11","slug":"qui-a-tue-christian-poucet-pres-de-montpellier-25-ans-plus-tard-le-mystere-autour-de-la-mort-du-syndicaliste-et-homme-daffaires-demeure","status":"publish","type":"post","link":"https:\/\/www.europesays.com\/fr\/657549\/","title":{"rendered":"Qui a tu\u00e9 Christian Poucet pr\u00e8s de Montpellier\u00a0? 25 ans plus tard, le myst\u00e8re autour de la mort du syndicaliste et homme d\u2019affaires demeure"},"content":{"rendered":"<p>\n                                                                Christian Poucet a \u00e9t\u00e9 abattu par deux tueurs cagoul\u00e9s le 29\u00a0janvier 2001, dans son entreprise de Baillargues, dans l\u2019H\u00e9rault. Qui a commandit\u00e9 son assassinat\u00a0? Vingt-cinq ans plus tard, le myst\u00e8re demeure. L\u2019\u00e9mission \u00ab\u00a0Affaires sensibles\u00a0\u00bb, sur France 2, revient sur cette histoire, ce dimanche 11\u00a0janvier 2026, \u00e0 15\u00a0h\u00a010.\n                            <\/p>\n<p>Le 29\u00a0janvier 2001, Christian Poucet, 44 ans, patron du Comit\u00e9 de d\u00e9fense des commer\u00e7ants et artisans (CDCA) est abattu dans son entreprise \u00e0 Baillargues, au 479, route de N\u00eemes, pr\u00e8s de Montpellier.<\/p>\n<p>L\u2019homme est une personnalit\u00e9 controvers\u00e9e. Son syndicat proposait un syst\u00e8me priv\u00e9 alternatif pour suppl\u00e9er la S\u00e9curit\u00e9 sociale.<\/p>\n<p><a href=\"https:\/\/www.midilibre.fr\/2024\/07\/03\/assassinat-pres-de-montpellier-de-christian-poucet-le-leader-de-la-cdca-pourquoi-lenquete-est-relancee-23-ans-apres-le-crime-12058144.php\" target=\"_self\" rel=\"noopener\">Qui se cache derri\u00e8re ce crime\u00a0? <\/a>Vingt-cinq ans plus tard, l\u2019affaire demeure irr\u00e9solue. <a href=\"https:\/\/www.midilibre.fr\/2025\/10\/09\/les-tireurs-sont-cagoules-armes-habilles-en-noir-ils-le-tuent-avec-au-moins-sept-balles-24-ans-plus-tard-france-2-revient-sur-lassassinat-de-christian-12977642.php\" target=\"_self\" rel=\"noopener\">L\u2019\u00e9mission \u00ab\u00a0Affaires sensibles\u00a0\u00bb, sur France 2,<\/a> se penche sur ce myst\u00e9rieux assassinat. Le sujet est diffus\u00e9 ce dimanche 11\u00a0janvier 2026, \u00e0 15\u00a0h\u00a010 et sur France.tv.<\/p>\n<p>\u00ab\u00a0Le dernier espoir\u00a0\u00bb<\/p>\n<p>Apr\u00e8s un non-lieu rendu par la justice en 2014, une nouvelle information judiciaire a \u00e9t\u00e9 ouverte en 2023 par le parquet de Montpellier. Alexandra Poucet, la fille de Christian Poucet, souhaite que \u00ab\u00a0cette fois, on y arrive, et qu\u2019on aille jusqu\u2019au bout\u00a0\u00bb, a-t-elle t\u00e9moign\u00e9 aupr\u00e8s de Midi Libre en juillet\u00a02024. \u00ab\u00a0C\u2019est le dernier espoir\u00a0\u00bb.<\/p>\n<p>\u00ab\u00a0Christian Poucet\u00a0: enqu\u00eate sur une ex\u00e9cution\u00a0\u00bb, \u00e0 voir le 11\u00a0janvier 2026 \u00e0 15\u00a0h\u00a010 dans \u00ab\u00a0Affaires sensibles\u00a0\u00bb, une coproduction France T\u00e9l\u00e9visions, France Inter et l\u2019INA, adapt\u00e9e d\u2019une \u00e9mission de France Inter.<\/p>\n","protected":false},"excerpt":{"rendered":"Christian Poucet a \u00e9t\u00e9 abattu par deux tueurs cagoul\u00e9s le 29\u00a0janvier 2001, dans son entreprise de Baillargues, dans&hellip;\n","protected":false},"author":2,"featured_media":657550,"comment_status":"","ping_status":"","sticky":false,"template":"","format":"standard","meta":{"footnotes":""},"categories":[9599],"tags":[1111,11,1777,674,1011,27,303,2208,12,2680,25],"class_list":{"0":"post-657549","1":"post","2":"type-post","3":"status-publish","4":"format-standard","5":"has-post-thumbnail","7":"category-montpellier","8":"tag-actu","9":"tag-actualites","10":"tag-eu","11":"tag-europe","12":"tag-fr","13":"tag-france","14":"tag-justice","15":"tag-montpellier","16":"tag-news","17":"tag-occitanie","18":"tag-republique-francaise"},"share_on_mastodon":{"url":"","error":""},"_links":{"self":[{"href":"https:\/\/www.europesays.com\/fr\/wp-json\/wp\/v2\/posts\/657549","targetHints":{"allow":["GET"]}}],"collection":[{"href":"https:\/\/www.europesays.com\/fr\/wp-json\/wp\/v2\/posts"}],"about":[{"href":"https:\/\/www.europesays.com\/fr\/wp-json\/wp\/v2\/types\/post"}],"author":[{"embeddable":true,"href":"https:\/\/www.europesays.com\/fr\/wp-json\/wp\/v2\/users\/2"}],"replies":[{"embeddable":true,"href":"https:\/\/www.europesays.com\/fr\/wp-json\/wp\/v2\/comments?post=657549"}],"version-history":[{"count":0,"href":"https:\/\/www.europesays.com\/fr\/wp-json\/wp\/v2\/posts\/657549\/revisions"}],"wp:featuredmedia":[{"embeddable":true,"href":"https:\/\/www.europesays.com\/fr\/wp-json\/wp\/v2\/media\/657550"}],"wp:attachment":[{"href":"https:\/\/www.europesays.com\/fr\/wp-json\/wp\/v2\/media?parent=657549"}],"wp:term":[{"taxonomy":"category","embeddable":true,"href":"https:\/\/www.europesays.com\/fr\/wp-json\/wp\/v2\/categories?post=657549"},{"taxonomy":"post_tag","embeddable":true,"href":"https:\/\/www.europesays.com\/fr\/wp-json\/wp\/v2\/tags?post=657549"}],"curies":[{"name":"wp","href":"https:\/\/api.w.org\/{rel}","templated":true}]}}