{"id":657552,"date":"2026-01-12T04:12:18","date_gmt":"2026-01-12T04:12:18","guid":{"rendered":"https:\/\/www.europesays.com\/fr\/657552\/"},"modified":"2026-01-12T04:12:18","modified_gmt":"2026-01-12T04:12:18","slug":"p1000-4padel-rouen-petit-quevilly-marie-et-forcin-renversent-les-freres-perez-le-tiec-pour-soffrir-un-deuxieme-titre-ensemble","status":"publish","type":"post","link":"https:\/\/www.europesays.com\/fr\/657552\/","title":{"rendered":"P1000 4PADEL Rouen Petit-Quevilly \u2013 Marie et Forcin renversent les fr\u00e8res Perez Le Tiec pour s\u2019offrir un deuxi\u00e8me titre ensemble"},"content":{"rendered":"<p>La finale du <strong>P1000 4PADEL Rouen Petit-Quevilly<\/strong> mettait aux prises les deux premi\u00e8res t\u00eates de s\u00e9rie du tournoi : <strong>Maxime Forcin \/ Jules Marie (TS1)<\/strong> face aux fr\u00e8res <strong>Pierre et Guilhem Perez Le Tiec (TS2)<\/strong>. Une affiche prometteuse qui a tenu toutes ses promesses, avec plus de deux heures de jeu et une victoire finale des favoris.<\/p>\n<p><strong>Un premier set accroch\u00e9, \u00e0 l\u2019avantage des fr\u00e8res Perez Le Tiec<\/strong><\/p>\n<p>Le match d\u00e9marre sur un rythme tr\u00e8s \u00e9lev\u00e9. Les \u00e9changes sont longs, engag\u00e9s, et les fr\u00e8res Perez Le Tiec se montrent tr\u00e8s solides dans le jeu de fond de court. Plus constants \u00e0 l\u2019\u00e9change, ils profitent d\u2019un Maxime Forcin en difficult\u00e9 dans ses r\u00e9glages, auteur de fautes inhabituelles.<\/p>\n<p>Le set se joue au tie-break, extr\u00eamement serr\u00e9, et ce sont Pierre et Guilhem Perez Le Tiec qui font la diff\u00e9rence pour s\u2019imposer <strong>11\/9<\/strong> et prendre les devants.<\/p>\n<p><strong>R\u00e9action imm\u00e9diate de la t\u00eate de s\u00e9rie 1<\/strong><\/p>\n<p>Touch\u00e9s mais loin d\u2019\u00eatre abattus, <strong>Forcin et Marie<\/strong> r\u00e9agissent d\u00e8s l\u2019entame du deuxi\u00e8me set. Plus propres dans leurs choix, plus agressifs au filet, ils \u00e9l\u00e8vent nettement leur niveau de jeu. La t\u00eate de s\u00e9rie 1 convertit deux balles de break et s\u2019impose logiquement <strong>6\/3<\/strong>, avec moins de fautes directes et davantage de coups gagnants.<\/p>\n<p>Le match est totalement relanc\u00e9.<\/p>\n<p><strong>Un dernier set \u00e0 sens unique<\/strong><\/p>\n<p>La troisi\u00e8me manche se joue finalement tr\u00e8s t\u00f4t. \u00c0 <strong>1\/1<\/strong>, les fr\u00e8res Perez Le Tiec se procurent deux balles de break importantes\u2026 mais ne parviennent pas \u00e0 les convertir. Dans la foul\u00e9e, <strong>Forcin et Marie frappent fort<\/strong>, encha\u00eenent deux breaks et prennent d\u00e9finitivement le contr\u00f4le du match.<\/p>\n<p>Impressionnants de ma\u00eetrise dans ce dernier set, ils s\u2019imposent <strong>6\/1<\/strong>, avec seulement <strong>2 fautes directes<\/strong> pour <strong>16 coups gagnants<\/strong>, un diff\u00e9rentiel qui illustre parfaitement leur domination finale.<\/p>\n<p><img title=\"image | Padel Magazine\" decoding=\"async\" src=\"https:\/\/www.europesays.com\/fr\/wp-content\/uploads\/2026\/01\/image-7.png\" alt=\"\" class=\"wp-image-277013\"\/><strong>Un titre logique et un d\u00e9but de saison r\u00e9ussi<\/strong><\/p>\n<p>Victoire finale <strong>7\/6 3\/6 1\/6<\/strong> pour <strong>Maxime Forcin et Jules Marie<\/strong>, qui d\u00e9crochent leur <strong>deuxi\u00e8me P1000 ensemble<\/strong>. Pour Jules Marie, il s\u2019agit \u00e9galement de son <strong>deuxi\u00e8me P1000 en carri\u00e8re<\/strong>.<\/p>\n<p>La paire Marie \/ Forcin conclut ainsi un tr\u00e8s beau parcours \u00e0 Rouen :<\/p>\n<ul class=\"wp-block-list\">\n<li>victoire en quarts face \u00e0 <strong>Iznasni \/ Boilevin<\/strong>,<\/li>\n<li>demi-finale renvers\u00e9e face \u00e0 <strong>Dandois \/ Deknuydt<\/strong>,<\/li>\n<li>et un succ\u00e8s au mental en finale apr\u00e8s un gros combat.<\/li>\n<\/ul>\n<p>Les deux joueurs, originaires de <strong>Caen<\/strong>, lancent parfaitement leur <strong>saison 2026<\/strong>, avec un titre r\u00e9f\u00e9rence et des signaux positifs pour la suite.<\/p>\n<p><img loading=\"lazy\" decoding=\"async\" data-del=\"avatar\" alt=\"Benjamin Dupouy\" src=\"https:\/\/www.europesays.com\/fr\/wp-content\/uploads\/2025\/04\/IMG_5219-150x150.jpg\" class=\"avatar pp-user-avatar avatar-100 photo \" height=\"100\" width=\"100\"\/><\/p>\n<p>J\u2019ai d\u00e9couvert le padel directement lors d\u2019un tournoi, et franchement, je n\u2019ai pas trop accroch\u00e9 au d\u00e9but. Mais la deuxi\u00e8me fois, \u00e7a a \u00e9t\u00e9 le coup de foudre, et depuis, je ne rate plus un seul match. Je suis m\u00eame pr\u00eat \u00e0 rester \u00e9veill\u00e9 jusqu\u2019\u00e0 3h du matin pour regarder une finale de Premier Padel !<\/p>\n<p class=\"related-title\">Sur le m\u00eame sujet<\/p>\n","protected":false},"excerpt":{"rendered":"La finale du P1000 4PADEL Rouen Petit-Quevilly mettait aux prises les deux premi\u00e8res t\u00eates de s\u00e9rie du tournoi&hellip;\n","protected":false},"author":2,"featured_media":657553,"comment_status":"","ping_status":"","sticky":false,"template":"","format":"standard","meta":{"footnotes":""},"categories":[9587],"tags":[1111,11,1777,674,1011,27,12,5161,15168,25,9590],"class_list":{"0":"post-657552","1":"post","2":"type-post","3":"status-publish","4":"format-standard","5":"has-post-thumbnail","7":"category-rouen","8":"tag-actu","9":"tag-actualites","10":"tag-eu","11":"tag-europe","12":"tag-fr","13":"tag-france","14":"tag-news","15":"tag-normandie","16":"tag-p1000","17":"tag-republique-francaise","18":"tag-rouen"},"share_on_mastodon":{"url":"https:\/\/pubeurope.com\/@fr\/115880181366450355","error":""},"_links":{"self":[{"href":"https:\/\/www.europesays.com\/fr\/wp-json\/wp\/v2\/posts\/657552","targetHints":{"allow":["GET"]}}],"collection":[{"href":"https:\/\/www.europesays.com\/fr\/wp-json\/wp\/v2\/posts"}],"about":[{"href":"https:\/\/www.europesays.com\/fr\/wp-json\/wp\/v2\/types\/post"}],"author":[{"embeddable":true,"href":"https:\/\/www.europesays.com\/fr\/wp-json\/wp\/v2\/users\/2"}],"replies":[{"embeddable":true,"href":"https:\/\/www.europesays.com\/fr\/wp-json\/wp\/v2\/comments?post=657552"}],"version-history":[{"count":0,"href":"https:\/\/www.europesays.com\/fr\/wp-json\/wp\/v2\/posts\/657552\/revisions"}],"wp:featuredmedia":[{"embeddable":true,"href":"https:\/\/www.europesays.com\/fr\/wp-json\/wp\/v2\/media\/657553"}],"wp:attachment":[{"href":"https:\/\/www.europesays.com\/fr\/wp-json\/wp\/v2\/media?parent=657552"}],"wp:term":[{"taxonomy":"category","embeddable":true,"href":"https:\/\/www.europesays.com\/fr\/wp-json\/wp\/v2\/categories?post=657552"},{"taxonomy":"post_tag","embeddable":true,"href":"https:\/\/www.europesays.com\/fr\/wp-json\/wp\/v2\/tags?post=657552"}],"curies":[{"name":"wp","href":"https:\/\/api.w.org\/{rel}","templated":true}]}}