{"id":657554,"date":"2026-01-12T04:14:28","date_gmt":"2026-01-12T04:14:28","guid":{"rendered":"https:\/\/www.europesays.com\/fr\/657554\/"},"modified":"2026-01-12T04:14:28","modified_gmt":"2026-01-12T04:14:28","slug":"spectacle-ca-ira-mieux-demain-a-grenoble-billets-reservations-dates","status":"publish","type":"post","link":"https:\/\/www.europesays.com\/fr\/657554\/","title":{"rendered":"Spectacle \u00c7a ira mieux demain \u00e0 Grenoble, : billets, r\u00e9servations, dates"},"content":{"rendered":"<p class=\"fw-bold font-size-16 my-1\"> Du 19\/01\/2026 au 21\/01\/2026<\/p>\n<p class=\"fw-bold font-size-16 my-1\"> Salle Noire, 19 Rue des Arts et M\u00e9tiers | <a href=\"https:\/\/www.jds.fr\/grenoble\/\" target=\"_blank\" rel=\"noopener\">Grenoble<\/a><\/p>\n<p class=\"fw-bold font-size-16 my-1\"> 8\u20ac tarif \u00e9tudiant | &#13;<br \/>\n10\u20ac plein tarif  <\/p>\n<p><strong>La mise en sc\u00e8ne de la pi\u00e8ce se passait \u00e0 merveille, jusqu\u2019\u00e0 ce qu\u2019un riche producteur intervienne et d\u00e9cide de remplacer les com\u00e9diens et le metteur en sc\u00e8ne.<\/strong><\/p>\n<p><a data-lightbox=\"article\" data-title=\"\u00c7a ira mieux demain \u00a9 Ghita Zouhri\" class=\"image detail   position-relative d-block\" href=\"https:\/\/www.jds.fr\/medias\/image\/0-73430600-1768140051-818916-920-0-F.webp\" title=\"\u00c7a ira mieux demain \u00a9 Ghita Zouhri\" target=\"_blank\" rel=\"noopener\"><br \/>\n<img decoding=\"async\" loading=\"lazy\" src=\"https:\/\/www.europesays.com\/fr\/wp-content\/uploads\/2026\/01\/0-73430600-1768140051-818916-1200-0.webp.webp\"   width=\"685\" alt=\"\u00c7a ira mieux demain\" class=\"border\"\/><br \/>\n\u00a9 Ghita Zouhri<br \/>\n\u00c7a ira mieux demain<br \/>\n<\/a><\/p>\n<p><strong> \u00c0 partir de l\u00e0, les choses se compliquent\u00a0: com\u00e9diens maladroits, gaffes et impr\u00e9vus s\u2019encha\u00eenent pendant les r\u00e9p\u00e9titions, jusqu\u2019\u00e0 la repr\u00e9sentation finale o\u00f9, \u00e9videmment, rien ne se passe comme pr\u00e9vu\u2026<\/strong><\/p>\n<p>Cette ann\u00e9e, Art\u2019sc\u00e9nik, le p\u00f4le th\u00e9\u00e2tre du bureau des arts de GEM Alpine Business School, revient avec une toute nouvelle pi\u00e8ce, \u00e9crite et produite par ses membres\u00a0!<\/p>\n<p>Une com\u00e9die satirique qui explore les coulisses chaotiques d\u2019une mise en sc\u00e8ne de th\u00e9\u00e2tre.<\/p>\n<p>Une buvette sera propos\u00e9e \u00e0 l\u2019issue des repr\u00e9sentations pour vous d\u00e9salt\u00e9rer\u00a0!<\/p>\n<p>Les 19 et 21 janvier<br \/>Salle Noire \u2013 19, rue des Arts et M\u00e9tiers, Grenoble<br \/>\u00a020h15<\/p>\n<p>Nous tenons \u00e0 remercier GEM Alpine Business School, le CROUS et le Bureau des Arts de GEM pour leur soutien dans la r\u00e9alisation de ce projet\u00a0!<\/p>\n<p>            Renseignements<\/p>\n<p><strong class=\"font-size-18\">O\u00f9\u00a0:<\/strong><br \/> Salle Noire, 19 Rue des Arts et M\u00e9tiers<a class=\"mt-1 d-block ps-4\" href=\"https:\/\/www.jds.fr\/grenoble\/\" target=\"_blank\" rel=\"noopener\"> 38000 Grenoble<\/a><\/p>\n<p>Dates et horaires\u00a0: <\/p>\n<ul class=\"liste-dates \" id=\"liste-dates-69642d0424898\">\n<li>Lundi 19 Janvier 2026 \u00e0 20h15<\/li>\n<li>Mercredi 21 Janvier 2026 \u00e0 20h15<\/li>\n<\/ul>\n<p>Tarifs\u00a0: <\/p>\n<p>8\u20ac tarif \u00e9tudiant<br \/>&#13;<br \/>\n10\u20ac plein tarif <\/p>\n<p>Inscription, billetterie ou r\u00e9servation\u00a0: <\/p>\n<p>Dans la m\u00eame rubrique<\/p>\n<ul class=\"mt-3 list-unstyled list-articles-v2\" id=\"liste-dates-696452e717a46\">\n<li class=\"col-12 pt-4\" data-view-id-type=\"1\" data-view-id=\"1067342\" data-view-bc=\"0\"><a class=\"d-block titre text-black mb-1 mb-md-2\" href=\"https:\/\/www.jds.fr\/grenoble\/spectacles\/humour\/redouane-bougheraba-mon-premier-spectacle-tournee-1067342_A\" target=\"_blank\" rel=\"noopener\">Redouane Bougheraba &#8211; Mon Premier Spectacle &#8211; Tourn\u00e9e<\/a>Le 23\/01\/2026<a href=\"https:\/\/www.jds.fr\/grenoble\/salle-de-concert-spectacle\/summum-17263_L\" class=\"lieu font-size-14 text-gray-700 d-block lh-sm my-1\" target=\"_blank\" rel=\"noopener\"> Summum &#8211; Grenoble<\/a>Redouane Bougheraba &#8211; Mon Premier Spectacle &#8211; Tourn\u00e9e, un spectacle \u00e0 voir \u00e0 Grenoble (Summum ), le 23 janvier 2026. Toutes les informations pratiques (tarifs, billetterie, plan [\u2026]<a class=\"image\" href=\"https:\/\/www.jds.fr\/grenoble\/spectacles\/humour\/redouane-bougheraba-mon-premier-spectacle-tournee-1067342_A\" target=\"_blank\" rel=\"noopener\"><img decoding=\"async\" loading=\"lazy\" src=\"https:\/\/www.europesays.com\/fr\/wp-content\/uploads\/2026\/01\/1768191257_893_.jpeg\" width=\"180\" height=\"180\" alt=\"Redouane Bougheraba - Mon Premier Spectacle - Tourn\u00e9e\"\/><\/a><\/li>\n<li class=\"col-12 pt-4\" data-view-id-type=\"1\" data-view-id=\"974889\" data-view-bc=\"0\"><a class=\"d-block titre text-black mb-1 mb-md-2\" href=\"https:\/\/www.jds.fr\/grenoble\/spectacles\/humour\/nawell-madani-nawell-tout-court-tournee-974889_A\" target=\"_blank\" rel=\"noopener\">Nawell Madani, Nawell Tout Court &#8211; Tourn\u00e9e<\/a>Le 24\/01\/2026<a href=\"https:\/\/www.jds.fr\/grenoble\/salle-de-concert-spectacle\/summum-17263_L\" class=\"lieu font-size-14 text-gray-700 d-block lh-sm my-1\" target=\"_blank\" rel=\"noopener\"> Summum &#8211; Grenoble<\/a>Nawell Madani, Nawell Tout Court &#8211; Tourn\u00e9e, un spectacle \u00e0 voir \u00e0 Grenoble (Summum ), le 24 janvier 2026. Toutes les informations pratiques (tarifs, billetterie, plan de salle) [\u2026]<a class=\"image\" href=\"https:\/\/www.jds.fr\/grenoble\/spectacles\/humour\/nawell-madani-nawell-tout-court-tournee-974889_A\" target=\"_blank\" rel=\"noopener\"><img decoding=\"async\" loading=\"lazy\" src=\"https:\/\/www.europesays.com\/fr\/wp-content\/uploads\/2026\/01\/1768191258_668_.jpeg\" width=\"180\" height=\"180\" alt=\"Nawell Madani, Nawell Tout Court - Tourn\u00e9e\"\/><\/a><\/li>\n<li class=\"li_gp_div\">\n<\/li>\n<li class=\"col-12 pt-4\" data-view-id-type=\"1\" data-view-id=\"1281117\" data-view-bc=\"0\"><a class=\"d-block titre text-black mb-1 mb-md-2\" href=\"https:\/\/www.jds.fr\/grenoble\/spectacles\/theatre\/comedie-zoom-1281117_A\" target=\"_blank\" rel=\"noopener\">Com\u00e9die\u00a0: \u00ab\u00a0Zoom\u00a0\u00bb<\/a>Le 30\/01\/2026<a href=\"https:\/\/www.jds.fr\/grenoble\/sassenage\/chateaux\/chateau-de-sassenage-16226_L\" class=\"lieu font-size-14 text-gray-700 d-block lh-sm my-1\" target=\"_blank\" rel=\"noopener\"> Ch\u00e2teau de Sassenage<\/a>Connaissez-vous la m\u00e8re du Burt\u00a0?. Elle est un brin loufoque, pr\u00eate \u00e0 tout pour offrir un avenir \u00e0 son fils\u00a0!. \u00ab\u00a0Il sera vedette. Une grande. [\u2026]<a class=\"image\" href=\"https:\/\/www.jds.fr\/grenoble\/spectacles\/theatre\/comedie-zoom-1281117_A\" target=\"_blank\" rel=\"noopener\"><img decoding=\"async\" loading=\"lazy\" src=\"https:\/\/www.europesays.com\/fr\/wp-content\/uploads\/2025\/12\/0-96205500-1765720631-791277-180-180.webp.webp\" width=\"180\" height=\"180\" alt=\"Com\u00e9die : Zoom\" class=\"border\"\/><\/a><\/li>\n<li class=\"col-12 pt-4\" data-view-id-type=\"1\" data-view-id=\"948138\" data-view-bc=\"0\"><a class=\"d-block titre text-black mb-1 mb-md-2\" href=\"https:\/\/www.jds.fr\/grenoble\/spectacles\/pat-patrouille-le-spectacle-le-retour-des-heros-tournee-948138_A\" target=\"_blank\" rel=\"noopener\">Pat&rsquo; Patrouille, le Spectacle\u00a0: le Retour des H\u00e9ros\u00a0! &#8211; Tourn\u00e9e<\/a>Le 31\/01\/2026<a href=\"https:\/\/www.jds.fr\/grenoble\/salle-de-concert-spectacle\/summum-17263_L\" class=\"lieu font-size-14 text-gray-700 d-block lh-sm my-1\" target=\"_blank\" rel=\"noopener\"> Summum &#8211; Grenoble<\/a>Pat&rsquo; Patrouille, le Spectacle\u00a0: le Retour des H\u00e9ros\u00a0! &#8211; Tourn\u00e9e, un spectacle \u00e0 voir \u00e0 Grenoble (Summum ), le 31 janvier 2026. Toutes les informations pratiques [\u2026]<a class=\"image\" href=\"https:\/\/www.jds.fr\/grenoble\/spectacles\/pat-patrouille-le-spectacle-le-retour-des-heros-tournee-948138_A\" target=\"_blank\" rel=\"noopener\"><img decoding=\"async\" loading=\"lazy\" src=\"https:\/\/www.europesays.com\/fr\/wp-content\/uploads\/2026\/01\/1768191259_518_.jpeg\" width=\"180\" height=\"180\" alt=\"Pat' Patrouille, le Spectacle : le Retour des H\u00e9ros ! - Tourn\u00e9e\"\/><\/a><\/li>\n<li class=\"col-12 pt-4\" data-view-id-type=\"1\" data-view-id=\"1028505\" data-view-bc=\"0\"><a class=\"d-block titre text-black mb-1 mb-md-2\" href=\"https:\/\/www.jds.fr\/grenoble\/spectacles\/theatre\/le-gouter-de-l-impro-1028505_A\" target=\"_blank\" rel=\"noopener\">Le Gouter de l&rsquo;Impro<\/a>Du 31\/01\/2026 au 30\/05\/2026<a href=\"https:\/\/www.jds.fr\/grenoble\/theatres-programmes\/comedie-de-grenoble-16275_L\" class=\"lieu font-size-14 text-gray-700 d-block lh-sm my-1\" target=\"_blank\" rel=\"noopener\"> Com\u00e9die de Grenoble<\/a>Le Gouter de l&rsquo;Impro, un spectacle \u00e0 voir \u00e0 Grenoble (Com\u00e9die de Grenoble ), du 31 janvier 2026 au 30 mai 2026. Toutes les informations pratiques (tarifs, billetterie, plan de [\u2026]<a class=\"image\" href=\"https:\/\/www.jds.fr\/grenoble\/spectacles\/theatre\/le-gouter-de-l-impro-1028505_A\" target=\"_blank\" rel=\"noopener\"><img decoding=\"async\" loading=\"lazy\" src=\"https:\/\/www.europesays.com\/fr\/wp-content\/uploads\/2026\/01\/1768191260_977_.jpeg\" width=\"180\" height=\"180\" alt=\"Le Gouter de l'Impro\"\/><\/a><\/li>\n<li class=\"li_gp_div li_gp_div_infeed\"\/>\n<li class=\"col-12 pt-4\" data-view-id-type=\"1\" data-view-id=\"961900\" data-view-bc=\"0\"><a class=\"d-block titre text-black mb-1 mb-md-2\" href=\"https:\/\/www.jds.fr\/grenoble\/spectacles\/theatre\/comment-rater-sa-vie-amoureuse-961900_A\" target=\"_blank\" rel=\"noopener\">Comment Rater sa Vie Amoureuse<\/a>Du 04\/02\/2026 au 18\/02\/2026<a href=\"https:\/\/www.jds.fr\/grenoble\/theatres-programmes\/comedie-de-grenoble-16275_L\" class=\"lieu font-size-14 text-gray-700 d-block lh-sm my-1\" target=\"_blank\" rel=\"noopener\"> Com\u00e9die de Grenoble<\/a>Comment Rater sa Vie Amoureuse, un spectacle \u00e0 voir \u00e0 Grenoble (Com\u00e9die de Grenoble ), les 4 f\u00e9vrier 2026 et 18 f\u00e9vrier 2026. Toutes les informations pratiques (tarifs, [\u2026]<a class=\"image\" href=\"https:\/\/www.jds.fr\/grenoble\/spectacles\/theatre\/comment-rater-sa-vie-amoureuse-961900_A\" target=\"_blank\" rel=\"noopener\"><img decoding=\"async\" loading=\"lazy\" src=\"https:\/\/www.europesays.com\/fr\/wp-content\/uploads\/2026\/01\/1768191260_316_.jpeg\" width=\"180\" height=\"180\" alt=\"Comment Rater sa Vie Amoureuse\"\/><\/a><\/li>\n<li class=\"col-12 pt-4\" data-view-id-type=\"1\" data-view-id=\"1194978\" data-view-bc=\"0\"><a class=\"d-block titre text-black mb-1 mb-md-2\" href=\"https:\/\/www.jds.fr\/grenoble\/spectacles\/theatre\/la-vie-n-est-pas-un-conte-de-fee-1194978_A\" target=\"_blank\" rel=\"noopener\">La Vie n&rsquo;Est Pas Un Conte de F\u00e9e<\/a>Le 11\/02\/2026<a href=\"https:\/\/www.jds.fr\/grenoble\/theatres-programmes\/comedie-de-grenoble-16275_L\" class=\"lieu font-size-14 text-gray-700 d-block lh-sm my-1\" target=\"_blank\" rel=\"noopener\"> Com\u00e9die de Grenoble<\/a>La Vie n&rsquo;Est Pas Un Conte de F\u00e9e, un spectacle \u00e0 voir \u00e0 Grenoble (Com\u00e9die de Grenoble ), le 11 f\u00e9vrier 2026. Toutes les informations pratiques (tarifs, billetterie, plan de [\u2026]<a class=\"image\" href=\"https:\/\/www.jds.fr\/grenoble\/spectacles\/theatre\/la-vie-n-est-pas-un-conte-de-fee-1194978_A\" target=\"_blank\" rel=\"noopener\"><img decoding=\"async\" loading=\"lazy\" src=\"https:\/\/www.europesays.com\/fr\/wp-content\/uploads\/2026\/01\/1768191261_155_.jpeg\" width=\"180\" height=\"180\" alt=\"La Vie n'Est Pas Un Conte de F\u00e9e\"\/><\/a><\/li>\n<li class=\"col-12 pt-4\" data-view-id-type=\"1\" data-view-id=\"1061206\" data-view-bc=\"0\"><a class=\"d-block titre text-black mb-1 mb-md-2\" href=\"https:\/\/www.jds.fr\/grenoble\/spectacles\/theatre\/le-cercle-des-poetes-disparus-tournee-1061206_A\" target=\"_blank\" rel=\"noopener\">Le Cercle des Po\u00e8tes Disparus &#8211; Tourn\u00e9e<\/a>Le 26\/02\/2026<a href=\"https:\/\/www.jds.fr\/grenoble\/voiron\/salle-de-concert-spectacle\/le-grand-angle-16755_L\" class=\"lieu font-size-14 text-gray-700 d-block lh-sm my-1\" target=\"_blank\" rel=\"noopener\"> Le Grand Angle &#8211; Voiron<\/a>Le Cercle des Po\u00e8tes Disparus &#8211; Tourn\u00e9e, un spectacle \u00e0 voir \u00e0 Grenoble (Le Grand Angle Voiron), le 26 f\u00e9vrier 2026. Toutes les informations pratiques (tarifs, billetterie, [\u2026]<a class=\"image\" href=\"https:\/\/www.jds.fr\/grenoble\/spectacles\/theatre\/le-cercle-des-poetes-disparus-tournee-1061206_A\" target=\"_blank\" rel=\"noopener\"><img decoding=\"async\" loading=\"lazy\" src=\"https:\/\/www.europesays.com\/fr\/wp-content\/uploads\/2026\/01\/1768191262_486_.jpeg\" width=\"180\" height=\"180\" alt=\"Le Cercle des Po\u00e8tes Disparus - Tourn\u00e9e\"\/><\/a><\/li>\n<li class=\"col-12 pt-4\" data-view-id-type=\"1\" data-view-id=\"1056402\" data-view-bc=\"0\"><a class=\"d-block titre text-black mb-1 mb-md-2\" href=\"https:\/\/www.jds.fr\/grenoble\/spectacles\/theatre\/voyage-a-napoli-theatre-en-rond-sassenage-1056402_A\" target=\"_blank\" rel=\"noopener\">Voyage \u00e0 Napoli &#8211; Theatre en Rond, Sassenage<\/a>Le 27\/02\/2026<a href=\"https:\/\/www.jds.fr\/grenoble\/sassenage\/salle-de-concert-spectacle\/theatre-en-rond-17377_L\" class=\"lieu font-size-14 text-gray-700 d-block lh-sm my-1\" target=\"_blank\" rel=\"noopener\"> Th\u00e9\u00e2tre en Rond &#8211; Sassenage<\/a>Voyage \u00e0 Napoli &#8211; Theatre en Rond, Sassenage, un spectacle \u00e0 voir \u00e0 Grenoble (Th\u00e9\u00e2tre en Rond Sassenage), le 27 f\u00e9vrier 2026. Toutes les informations pratiques (tarifs, [\u2026]<a class=\"image\" href=\"https:\/\/www.jds.fr\/grenoble\/spectacles\/theatre\/voyage-a-napoli-theatre-en-rond-sassenage-1056402_A\" target=\"_blank\" rel=\"noopener\"><img decoding=\"async\" loading=\"lazy\" src=\"https:\/\/www.europesays.com\/fr\/wp-content\/uploads\/2026\/01\/1768191262_185_.jpeg\" width=\"180\" height=\"180\" alt=\"Voyage \u00e0 Napoli - Theatre en Rond, Sassenage\"\/><\/a><\/li>\n<li class=\"li_gp_div li_gp_div_infeed\"\/>\n<li class=\"col-12 pt-4\" data-view-id-type=\"1\" data-view-id=\"1056400\" data-view-bc=\"0\"><a class=\"d-block titre text-black mb-1 mb-md-2\" href=\"https:\/\/www.jds.fr\/grenoble\/spectacles\/theatre\/ceux-qui-restent-theatre-en-rond-sassenage-1056400_A\" target=\"_blank\" rel=\"noopener\">Ceux qui Restent &#8211; Th\u00e9\u00e2tre en Rond, Sassenage<\/a>Le 06\/03\/2026<a href=\"https:\/\/www.jds.fr\/grenoble\/sassenage\/salle-de-concert-spectacle\/theatre-en-rond-17377_L\" class=\"lieu font-size-14 text-gray-700 d-block lh-sm my-1\" target=\"_blank\" rel=\"noopener\"> Th\u00e9\u00e2tre en Rond &#8211; Sassenage<\/a>Ceux qui Restent &#8211; Th\u00e9\u00e2tre en Rond, Sassenage, un spectacle \u00e0 voir \u00e0 Grenoble (Th\u00e9\u00e2tre en Rond Sassenage), le 6 mars 2026. Toutes les informations pratiques (tarifs, [\u2026]<a class=\"image\" href=\"https:\/\/www.jds.fr\/grenoble\/spectacles\/theatre\/ceux-qui-restent-theatre-en-rond-sassenage-1056400_A\" target=\"_blank\" rel=\"noopener\"><img decoding=\"async\" loading=\"lazy\" src=\"https:\/\/www.europesays.com\/fr\/wp-content\/uploads\/2026\/01\/1768191263_160_.jpeg\" width=\"180\" height=\"180\" alt=\"Ceux qui Restent - Th\u00e9\u00e2tre en Rond, Sassenage\"\/><\/a><\/li>\n<li class=\"col-12 pt-4\" data-view-id-type=\"1\" data-view-id=\"978980\" data-view-bc=\"0\"><a class=\"d-block titre text-black mb-1 mb-md-2\" href=\"https:\/\/www.jds.fr\/grenoble\/spectacles\/theatre\/le-maitre-du-jeu-tournee-978980_A\" target=\"_blank\" rel=\"noopener\">Le Ma\u00eetre du Jeu &#8211; Tourn\u00e9e<\/a>Le 07\/03\/2026<a href=\"https:\/\/www.jds.fr\/grenoble\/seyssins\/salle-de-concert-spectacle\/le-prisme-16806_L\" class=\"lieu font-size-14 text-gray-700 d-block lh-sm my-1\" target=\"_blank\" rel=\"noopener\"> Le Prisme &#8211; Seyssins<\/a>Le Ma\u00eetre du Jeu &#8211; Tourn\u00e9e, un spectacle \u00e0 voir \u00e0 Grenoble (Le Prisme Seyssins), le 7 mars 2026. Toutes les informations pratiques (tarifs, billetterie, plan de salle) pour ce [\u2026]<a class=\"image\" href=\"https:\/\/www.jds.fr\/grenoble\/spectacles\/theatre\/le-maitre-du-jeu-tournee-978980_A\" target=\"_blank\" rel=\"noopener\"><img decoding=\"async\" loading=\"lazy\" src=\"https:\/\/www.europesays.com\/fr\/wp-content\/uploads\/2026\/01\/1768191263_976_.jpeg\" width=\"180\" height=\"180\" alt=\"Le Ma\u00eetre du Jeu - Tourn\u00e9e\"\/><\/a><\/li>\n<li class=\"col-12 pt-4\" data-view-id-type=\"1\" data-view-id=\"1044905\" data-view-bc=\"0\"><a class=\"d-block titre text-black mb-1 mb-md-2\" href=\"https:\/\/www.jds.fr\/grenoble\/spectacles\/theatre\/clement-viktorovitch-l-art-de-ne-pas-dire-tournee-1044905_A\" target=\"_blank\" rel=\"noopener\">Cl\u00e9ment Viktorovitch &#8211; l&rsquo;Art de Ne Pas Dire &#8211; Tourn\u00e9e<\/a>Le 12\/03\/2026<a href=\"https:\/\/www.jds.fr\/grenoble\/salle-de-concert-spectacle\/summum-17263_L\" class=\"lieu font-size-14 text-gray-700 d-block lh-sm my-1\" target=\"_blank\" rel=\"noopener\"> Summum &#8211; Grenoble<\/a>Cl\u00e9ment Viktorovitch &#8211; l&rsquo;Art de Ne Pas Dire &#8211; Tourn\u00e9e, un spectacle \u00e0 voir \u00e0 Grenoble (Summum ), le 12 mars 2026. Toutes les informations pratiques (tarifs, billetterie, plan [\u2026]<a class=\"image\" href=\"https:\/\/www.jds.fr\/grenoble\/spectacles\/theatre\/clement-viktorovitch-l-art-de-ne-pas-dire-tournee-1044905_A\" target=\"_blank\" rel=\"noopener\"><img decoding=\"async\" loading=\"lazy\" src=\"https:\/\/www.europesays.com\/fr\/wp-content\/uploads\/2026\/01\/1768191264_107_.jpeg\" width=\"180\" height=\"180\" alt=\"Cl\u00e9ment Viktorovitch - l'Art de Ne Pas Dire - Tourn\u00e9e\"\/><\/a><\/li>\n<li class=\"col-12 pt-4\" data-view-id-type=\"1\" data-view-id=\"1304913\" data-view-bc=\"0\"><a class=\"image\" href=\"https:\/\/www.jds.fr\/grenoble\/spectacles\/theatre\/theatre-la-petite-soldate-1304913_A\" target=\"_blank\" rel=\"noopener\"><img decoding=\"async\" loading=\"lazy\" src=\"https:\/\/www.europesays.com\/fr\/wp-content\/uploads\/2026\/01\/0-01718500-1766755088-809476-180-180.webp.webp\" width=\"180\" height=\"180\" alt=\"Th\u00e9\u00e2tre  La petite soldate\" class=\"border\"\/><\/a><\/li>\n<li class=\"li_gp_div li_gp_div_infeed\"\/>\n<li class=\"col-12 pt-4\" data-view-id-type=\"1\" data-view-id=\"1279389\" data-view-bc=\"0\"><a class=\"image\" href=\"https:\/\/www.jds.fr\/grenoble\/spectacles\/theatre\/une-sirene-dans-l-ocean-de-la-pop-music-1279389_A\" target=\"_blank\" rel=\"noopener\"><img decoding=\"async\" loading=\"lazy\" src=\"https:\/\/www.europesays.com\/fr\/wp-content\/uploads\/2025\/12\/0-85131300-1765538542-790432-180-180.webp.webp\" width=\"180\" height=\"180\" alt=\"Une sir\u00e8ne dans l'oc\u00e9an de la pop music\" class=\"border\"\/><\/a><\/li>\n<li class=\"col-12 pt-4\" data-view-id-type=\"1\" data-view-id=\"1240640\" data-view-bc=\"0\"><a class=\"d-block titre text-black mb-1 mb-md-2\" href=\"https:\/\/www.jds.fr\/grenoble\/spectacles\/theatre\/match-d-impro-isere-quebec-1240640_A\" target=\"_blank\" rel=\"noopener\">Match d&rsquo;Impro Is\u00e8re \/ Quebec<\/a>Le 02\/04\/2026<a href=\"https:\/\/www.jds.fr\/grenoble\/parc-expo\/alpexpo-17705_L\" class=\"lieu font-size-14 text-gray-700 d-block lh-sm my-1\" target=\"_blank\" rel=\"noopener\"> Alpexpo &#8211; Grenoble<\/a>\n<p>La Ligue Impro38 organise un match d&rsquo;improvisation th\u00e9\u00e2trale exceptionnel opposant l&rsquo;Is\u00e8re au Qu\u00e9bec le jeudi 2 avril 2026 \u00e0 20h. Cette rencontre internationale [\u2026]<a class=\"image\" href=\"https:\/\/www.jds.fr\/grenoble\/spectacles\/theatre\/match-d-impro-isere-quebec-1240640_A\" target=\"_blank\" rel=\"noopener\"><img decoding=\"async\" loading=\"lazy\" src=\"https:\/\/www.europesays.com\/fr\/wp-content\/uploads\/2026\/01\/1768191265_65_.jpeg\" width=\"180\" height=\"180\" alt=\"Match d'Impro Is\u00e8re \/ Quebec\"\/><\/a><\/li>\n<li class=\"col-12 pt-4\" data-view-id-type=\"1\" data-view-id=\"1067130\" data-view-bc=\"0\"><a class=\"d-block titre text-black mb-1 mb-md-2\" href=\"https:\/\/www.jds.fr\/grenoble\/spectacles\/theatre\/on-va-en-faire-toute-une-histoire-1067130_A\" target=\"_blank\" rel=\"noopener\">On Va en Faire Toute Une Histoire<\/a>Le 26\/04\/2026<a href=\"https:\/\/www.jds.fr\/grenoble\/theatres-programmes\/comedie-de-grenoble-16275_L\" class=\"lieu font-size-14 text-gray-700 d-block lh-sm my-1\" target=\"_blank\" rel=\"noopener\"> Com\u00e9die de Grenoble<\/a>On Va en Faire Toute Une Histoire, un spectacle \u00e0 voir \u00e0 Grenoble (Com\u00e9die de Grenoble ), le 26 avril 2026. Toutes les informations pratiques (tarifs, billetterie, plan de [\u2026]<a class=\"image\" href=\"https:\/\/www.jds.fr\/grenoble\/spectacles\/theatre\/on-va-en-faire-toute-une-histoire-1067130_A\" target=\"_blank\" rel=\"noopener\"><img decoding=\"async\" loading=\"lazy\" src=\"https:\/\/www.europesays.com\/fr\/wp-content\/uploads\/2026\/01\/1768191266_54_.jpeg\" width=\"180\" height=\"180\" alt=\"On Va en Faire Toute Une Histoire\"\/><\/a><\/li>\n<li class=\"col-12 pt-4\" data-view-id-type=\"1\" data-view-id=\"1101722\" data-view-bc=\"0\"><a class=\"d-block titre text-black mb-1 mb-md-2\" href=\"https:\/\/www.jds.fr\/grenoble\/spectacles\/theatre\/cyrano-de-bergerac-edouard-baer-1101722_A\" target=\"_blank\" rel=\"noopener\">Cyrano de Bergerac &#8211; Edouard Baer<\/a>Le 12\/05\/2026<a href=\"https:\/\/www.jds.fr\/grenoble\/voiron\/salle-de-concert-spectacle\/le-grand-angle-16755_L\" class=\"lieu font-size-14 text-gray-700 d-block lh-sm my-1\" target=\"_blank\" rel=\"noopener\"> Le Grand Angle &#8211; Voiron<\/a>Cyrano de Bergerac &#8211; Edouard Baer, un spectacle \u00e0 voir \u00e0 Grenoble (Le Grand Angle Voiron), le 12 mai 2026. Toutes les informations pratiques (tarifs, billetterie, plan de salle) [\u2026]<a class=\"image\" href=\"https:\/\/www.jds.fr\/grenoble\/spectacles\/theatre\/cyrano-de-bergerac-edouard-baer-1101722_A\" target=\"_blank\" rel=\"noopener\"><img decoding=\"async\" loading=\"lazy\" src=\"https:\/\/www.europesays.com\/fr\/wp-content\/uploads\/2026\/01\/1768191267_15_.jpeg\" width=\"180\" height=\"180\" alt=\"Cyrano de Bergerac - Edouard Baer\"\/><\/a><\/li>\n<li class=\"li_gp_div li_gp_div_infeed\"\/>\n<li class=\"col-12 pt-4\" data-view-id-type=\"1\" data-view-id=\"1315836\" data-view-bc=\"0\"><a class=\"d-block titre text-black mb-1 mb-md-2\" href=\"https:\/\/www.jds.fr\/grenoble\/spectacles\/theatre\/michele-laroque-et-kad-merad-1315836_A\" target=\"_blank\" rel=\"noopener\">Mich\u00e8le Laroque Et Kad Merad<\/a>Le 06\/02\/2027<a href=\"https:\/\/www.jds.fr\/grenoble\/parc-expo\/alpexpo-17705_L\" class=\"lieu font-size-14 text-gray-700 d-block lh-sm my-1\" target=\"_blank\" rel=\"noopener\"> Alpexpo &#8211; Grenoble<\/a>MICH\u00c8LE LAROQUE ET KAD MERAD. L\u2019\u00c2GE B\u00caTE<br \/>\nTextes et mise en sc\u00e8ne\u00a0: Olivier Baroux<br \/>\nBeno\u00eet et Claire viennent de se rencontrer\u00a0; ils veulent vivre leur nouvelle [\u2026]<a class=\"image\" href=\"https:\/\/www.jds.fr\/grenoble\/spectacles\/theatre\/michele-laroque-et-kad-merad-1315836_A\" target=\"_blank\" rel=\"noopener\"><img decoding=\"async\" loading=\"lazy\" src=\"https:\/\/www.europesays.com\/fr\/wp-content\/uploads\/2026\/01\/LAgeBeteSeeTickets1080x10803_300.jpg\" width=\"180\" height=\"180\" alt=\"Mich\u00e8le Laroque Et Kad Merad\"\/><\/a><\/li>\n<\/ul>\n<p class=\"mt-0 mb-3 h2\">Newsletter JDS Grenoble<\/p>\n<p class=\"font-size-18 fw-normal lh-sm\">Pr\u00eat pour un week-end de folie\u00a0? Chaque jeudi tous les bons plans sorties<\/p>\n","protected":false},"excerpt":{"rendered":"Du 19\/01\/2026 au 21\/01\/2026 Salle Noire, 19 Rue des Arts et M\u00e9tiers | Grenoble 8\u20ac tarif \u00e9tudiant |&hellip;\n","protected":false},"author":2,"featured_media":657555,"comment_status":"","ping_status":"","sticky":false,"template":"","format":"standard","meta":{"footnotes":""},"categories":[9566],"tags":[1111,11,2430,1777,674,1011,27,2731,12,25],"class_list":{"0":"post-657554","1":"post","2":"type-post","3":"status-publish","4":"format-standard","5":"has-post-thumbnail","7":"category-grenoble","8":"tag-actu","9":"tag-actualites","10":"tag-auvergne-rhone-alpes","11":"tag-eu","12":"tag-europe","13":"tag-fr","14":"tag-france","15":"tag-grenoble","16":"tag-news","17":"tag-republique-francaise"},"share_on_mastodon":{"url":"https:\/\/pubeurope.com\/@fr\/115880190036604906","error":""},"_links":{"self":[{"href":"https:\/\/www.europesays.com\/fr\/wp-json\/wp\/v2\/posts\/657554","targetHints":{"allow":["GET"]}}],"collection":[{"href":"https:\/\/www.europesays.com\/fr\/wp-json\/wp\/v2\/posts"}],"about":[{"href":"https:\/\/www.europesays.com\/fr\/wp-json\/wp\/v2\/types\/post"}],"author":[{"embeddable":true,"href":"https:\/\/www.europesays.com\/fr\/wp-json\/wp\/v2\/users\/2"}],"replies":[{"embeddable":true,"href":"https:\/\/www.europesays.com\/fr\/wp-json\/wp\/v2\/comments?post=657554"}],"version-history":[{"count":0,"href":"https:\/\/www.europesays.com\/fr\/wp-json\/wp\/v2\/posts\/657554\/revisions"}],"wp:featuredmedia":[{"embeddable":true,"href":"https:\/\/www.europesays.com\/fr\/wp-json\/wp\/v2\/media\/657555"}],"wp:attachment":[{"href":"https:\/\/www.europesays.com\/fr\/wp-json\/wp\/v2\/media?parent=657554"}],"wp:term":[{"taxonomy":"category","embeddable":true,"href":"https:\/\/www.europesays.com\/fr\/wp-json\/wp\/v2\/categories?post=657554"},{"taxonomy":"post_tag","embeddable":true,"href":"https:\/\/www.europesays.com\/fr\/wp-json\/wp\/v2\/tags?post=657554"}],"curies":[{"name":"wp","href":"https:\/\/api.w.org\/{rel}","templated":true}]}}